{"id":127223,"date":"2025-11-01T21:00:55","date_gmt":"2025-11-01T21:00:55","guid":{"rendered":"https:\/\/rdnews.al\/?p=127223"},"modified":"2025-11-01T21:00:55","modified_gmt":"2025-11-01T21:00:55","slug":"ekzekutohet-me-arme-36-vjecari-ne-pragun-e-deres-shtepise","status":"publish","type":"post","link":"https:\/\/rdnews.al\/index.php\/2025\/11\/01\/ekzekutohet-me-arme-36-vjecari-ne-pragun-e-deres-shtepise\/","title":{"rendered":"Ekzekutohet me arm\u00eb 36-vje\u00e7ari n\u00eb pragun e der\u00ebs sht\u00ebpis\u00eb"},"content":{"rendered":"<p>Nj\u00eb ngjarje e r\u00ebnd\u00eb ka tronditur mbr\u00ebmjen e sotme fshatin Gjorm t\u00eb Bashkis\u00eb Selenic\u00eb, ku 36-vje\u00e7ari Dalan Aliaj u vra me arm\u00eb zjarri n\u00eb rrethana ende t\u00eb paqarta.<\/p>\n<p>Sipas informacioneve t\u00eb para, viktima kishte shkuar p\u00ebr vizit\u00eb n\u00eb sht\u00ebpin\u00eb e xhaxhait t\u00eb tij, babai i Bertil Aliaj, nj\u00eb prej personave t\u00eb p\u00ebrfshir\u00eb n\u00eb masakr\u00ebn e \u00c7oles.<\/p>\n<p>Gjat\u00eb koh\u00ebs q\u00eb ndodhej pran\u00eb der\u00ebs s\u00eb sht\u00ebpis\u00eb, nj\u00eb person i \u00ebsht\u00eb afruar nga pas dhe e ka q\u00eblluar me arm\u00eb, duke u larguar menj\u00ebher\u00eb pas krimit.<\/p>\n","protected":false},"excerpt":{"rendered":"<p>Nj\u00eb ngjarje e r\u00ebnd\u00eb ka tronditur mbr\u00ebmjen e sotme fshatin Gjorm t\u00eb Bashkis\u00eb Selenic\u00eb, ku 36-vje\u00e7ari Dalan Aliaj u vra me arm\u00eb zjarri n\u00eb rrethana ende t\u00eb paqarta. Sipas informacioneve t\u00eb para, viktima kishte shkuar p\u00ebr vizit\u00eb n\u00eb sht\u00ebpin\u00eb e xhaxhait t\u00eb tij, babai i Bertil Aliaj, nj\u00eb prej personave t\u00eb p\u00ebrfshir\u00eb n\u00eb masakr\u00ebn e &hellip;<\/p>\n","protected":false},"author":4,"featured_media":127224,"comment_status":"closed","ping_status":"closed","sticky":false,"template":"","format":"standard","meta":{"footnotes":""},"categories":[37],"tags":[],"class_list":["post-127223","post","type-post","status-publish","format-standard","has-post-thumbnail","","category-politike"],"_links":{"self":[{"href":"https:\/\/rdnews.al\/index.php\/wp-json\/wp\/v2\/posts\/127223","targetHints":{"allow":["GET"]}}],"collection":[{"href":"https:\/\/rdnews.al\/index.php\/wp-json\/wp\/v2\/posts"}],"about":[{"href":"https:\/\/rdnews.al\/index.php\/wp-json\/wp\/v2\/types\/post"}],"author":[{"embeddable":true,"href":"https:\/\/rdnews.al\/index.php\/wp-json\/wp\/v2\/users\/4"}],"replies":[{"embeddable":true,"href":"https:\/\/rdnews.al\/index.php\/wp-json\/wp\/v2\/comments?post=127223"}],"version-history":[{"count":1,"href":"https:\/\/rdnews.al\/index.php\/wp-json\/wp\/v2\/posts\/127223\/revisions"}],"predecessor-version":[{"id":127225,"href":"https:\/\/rdnews.al\/index.php\/wp-json\/wp\/v2\/posts\/127223\/revisions\/127225"}],"wp:featuredmedia":[{"embeddable":true,"href":"https:\/\/rdnews.al\/index.php\/wp-json\/wp\/v2\/media\/127224"}],"wp:attachment":[{"href":"https:\/\/rdnews.al\/index.php\/wp-json\/wp\/v2\/media?parent=127223"}],"wp:term":[{"taxonomy":"category","embeddable":true,"href":"https:\/\/rdnews.al\/index.php\/wp-json\/wp\/v2\/categories?post=127223"},{"taxonomy":"post_tag","embeddable":true,"href":"https:\/\/rdnews.al\/index.php\/wp-json\/wp\/v2\/tags?post=127223"}],"curies":[{"name":"wp","href":"https:\/\/api.w.org\/{rel}","templated":true}]}}