{"id":127226,"date":"2025-11-01T22:13:15","date_gmt":"2025-11-01T22:13:15","guid":{"rendered":"https:\/\/rdnews.al\/?p=127226"},"modified":"2025-11-01T22:25:04","modified_gmt":"2025-11-01T22:25:04","slug":"e-pandehura-mori-dijeni-njoftimi-zyrtar","status":"publish","type":"post","link":"https:\/\/rdnews.al\/index.php\/2025\/11\/01\/e-pandehura-mori-dijeni-njoftimi-zyrtar\/","title":{"rendered":"&#8220;E pandehura mori dijeni&#8221;\/ Njoftimi zyrtar&#8230;"},"content":{"rendered":"<p><strong>Njoftimi i plot\u00eb i SPAK<\/strong><\/p>\n<p>Prokuroria e Posa\u00e7me kund\u00ebr Korrupsionit dhe Krimit t\u00eb Organizuar po heton n\u00eb kuad\u00ebr t\u00eb procedimit penal nr.136 t\u00eb vitit 2025 (bashkuar me procedimet penale nr.167 dhe 181 t\u00eb vitit 2024), p\u00ebr vepr\u00ebn penale,\u201cShkelje e barazis\u00eb s\u00eb pjes\u00ebmarr\u00ebsve n\u00eb tendera apo ankande publike\u201d, parashikuar nga neni 258 i Kodit Penal.<\/p>\n<p>N\u00eb kuad\u00ebr t\u00eb hetimit t\u00eb k\u00ebtij procedimi penal, sot, m\u00eb 31.10.2025 i \u00ebsht\u00eb njoftuar akuza t\u00eb pandehur\u00ebs Belinda Balluku, me funksionin e lart\u00eb shtet\u00ebror, Minist\u00ebr i Ministris\u00eb s\u00eb Infrastruktur\u00ebs dhe Energjis\u00eb, akuzuar p\u00ebr kryerjen e vepr\u00ebs penale,\u201cShkelje e barazis\u00eb s\u00eb pjes\u00ebmarr\u00ebsve n\u00eb tendera apo ankande publike\u201d, n\u00eb bashk\u00ebpunim, parashikuar nga nenet, 258\/2 dhe 25 i Kodit Penal.<\/p>\n<p>Deri n\u00eb k\u00ebt\u00eb faz\u00eb t\u00eb hetimeve paraprake, faktet penale, objekt akuze n\u00eb ngarkim t\u00eb t\u00eb pandehur\u00ebs Belinda Balluku, kan\u00eb t\u00eb b\u00ebjn\u00eb me veprimet e saj, n\u00eb cil\u00ebsin\u00eb e Ministrit t\u00eb Ministris\u00eb s\u00eb Infrastruktur\u00ebs dhe Energjis\u00eb, p\u00ebr nj\u00ebr\u00ebn nga procedurat e prokurimit, objekt i k\u00ebtij hetimi, \u201cNd\u00ebrtimi i tunelit t\u00eb Llogaras\u00eb\u201d, n\u00eb seksionin rrugor Orikum-Himar\u00eb, pjes\u00eb e autostrad\u00ebs SH8 (Vlor\u00eb-Sarand\u00eb), zhvilluar n\u00eb dat\u00ebn 11.12.2020 dhe pas anulimit t\u00eb saj, procedura \u00ebsht\u00eb rihapur n\u00eb dat\u00ebn 22.6.2021, me fond limit, 18 967 810 952.08 (tet\u00ebmb\u00ebdhjet\u00eb miliard\u00eb e n\u00ebnt\u00ebqind e gjasht\u00ebdhjet\u00eb e shtat\u00eb milion\u00eb e tet\u00ebqind e dhjet\u00eb mij\u00eb e n\u00ebnt\u00ebqind e pes\u00ebdhjet\u00eb e dy (pik\u00eb) zero tet\u00eb) lek\u00eb pa TVSH.<\/p>\n<p>M\u00eb 21.10.2025, Prokuroria e Posa\u00e7me, si organ procedues ka njoftuar t\u00eb pandehur\u00ebn p\u00ebrmes shkres\u00ebs me num\u00ebr protokolli 37398. E pandehura, pasi mori dijeni, ka njoftuar m\u00eb 23.10.2025, organin procedues se nuk mund t\u00eb paraqitej n\u00eb dat\u00ebn dhe or\u00ebn e caktuar. Me an\u00eb t\u00eb nj\u00eb shkrese tjet\u00ebr, me num\u00ebr protokolli 37881, dat\u00eb 24.10.2025, Prokuroria e Posa\u00e7me k\u00ebrkoi paraqitjen e saj sot, m\u00eb 31 tetor, n\u00eb or\u00ebn 15:00.<\/p>\n","protected":false},"excerpt":{"rendered":"<p>Njoftimi i plot\u00eb i SPAK Prokuroria e Posa\u00e7me kund\u00ebr Korrupsionit dhe Krimit t\u00eb Organizuar po heton n\u00eb kuad\u00ebr t\u00eb procedimit penal nr.136 t\u00eb vitit 2025 (bashkuar me procedimet penale nr.167 dhe 181 t\u00eb vitit 2024), p\u00ebr vepr\u00ebn penale,\u201cShkelje e barazis\u00eb s\u00eb pjes\u00ebmarr\u00ebsve n\u00eb tendera apo ankande publike\u201d, parashikuar nga neni 258 i Kodit Penal. N\u00eb &hellip;<\/p>\n","protected":false},"author":3,"featured_media":123017,"comment_status":"closed","ping_status":"closed","sticky":false,"template":"","format":"standard","meta":{"footnotes":""},"categories":[40],"tags":[],"class_list":["post-127226","post","type-post","status-publish","format-standard","has-post-thumbnail","","category-aktualitet"],"_links":{"self":[{"href":"https:\/\/rdnews.al\/index.php\/wp-json\/wp\/v2\/posts\/127226","targetHints":{"allow":["GET"]}}],"collection":[{"href":"https:\/\/rdnews.al\/index.php\/wp-json\/wp\/v2\/posts"}],"about":[{"href":"https:\/\/rdnews.al\/index.php\/wp-json\/wp\/v2\/types\/post"}],"author":[{"embeddable":true,"href":"https:\/\/rdnews.al\/index.php\/wp-json\/wp\/v2\/users\/3"}],"replies":[{"embeddable":true,"href":"https:\/\/rdnews.al\/index.php\/wp-json\/wp\/v2\/comments?post=127226"}],"version-history":[{"count":1,"href":"https:\/\/rdnews.al\/index.php\/wp-json\/wp\/v2\/posts\/127226\/revisions"}],"predecessor-version":[{"id":127227,"href":"https:\/\/rdnews.al\/index.php\/wp-json\/wp\/v2\/posts\/127226\/revisions\/127227"}],"wp:featuredmedia":[{"embeddable":true,"href":"https:\/\/rdnews.al\/index.php\/wp-json\/wp\/v2\/media\/123017"}],"wp:attachment":[{"href":"https:\/\/rdnews.al\/index.php\/wp-json\/wp\/v2\/media?parent=127226"}],"wp:term":[{"taxonomy":"category","embeddable":true,"href":"https:\/\/rdnews.al\/index.php\/wp-json\/wp\/v2\/categories?post=127226"},{"taxonomy":"post_tag","embeddable":true,"href":"https:\/\/rdnews.al\/index.php\/wp-json\/wp\/v2\/tags?post=127226"}],"curies":[{"name":"wp","href":"https:\/\/api.w.org\/{rel}","templated":true}]}}