{"id":127243,"date":"2025-11-02T21:54:24","date_gmt":"2025-11-02T21:54:24","guid":{"rendered":"https:\/\/rdnews.al\/?p=127243"},"modified":"2025-11-03T12:00:33","modified_gmt":"2025-11-03T12:00:33","slug":"nuk-jam-qurraveci-i-bashkise-te-marre-me-lecka-me-vete-kercenimi-i-ballukut-ne-zyre-rames","status":"publish","type":"post","link":"https:\/\/rdnews.al\/index.php\/2025\/11\/02\/nuk-jam-qurraveci-i-bashkise-te-marre-me-lecka-me-vete-kercenimi-i-ballukut-ne-zyre-rames\/","title":{"rendered":"&#8220;Nuk jam qurraveci i Bashkis\u00eb, t\u00eb marr\u00eb me lecka me vete&#8221;\/ K\u00ebrc\u00ebnimi i Ballukut n\u00eb zyr\u00eb Ram\u00ebs"},"content":{"rendered":"<div class=\"chapo\">Kryetari i Partis\u00eb Demokratike, Sali Berisha tregon detaje nga takimi q\u00eb z\u00ebvend\u00ebskyreministrja Belinda Balluku pati t\u00eb premten von\u00eb n\u00eb Kryeministri me kryeministrin Edi Rama, pasi u paraqit n\u00eb SPAK p\u00ebr t\u2019u njohur zyrtarisht me akuz\u00ebn.<\/div>\n<p>Sipas Berish\u00ebs, Balluku ka k\u00ebrc\u00ebnuar Ram\u00ebn, duke i th\u00ebn\u00eb \u201ct\u00eb marr me lecka\u201d.<\/p>\n<p>Berisha shton se pas k\u00ebsaj, Rama ka dh\u00ebn\u00eb urdh\u00ebr q\u00eb t\u00eb fshihet \u00e7do koment e postim n\u00eb mb\u00ebshtetje t\u00eb Ballukut.<\/p>\n<p><strong>Postimi i plot\u00eb i Berish\u00ebs:<\/strong><\/p>\n<p>Lubofobia!<\/p>\n<p>Miq!<\/p>\n<p>T\u00eb premten e zez\u00eb t\u00eb narko-partis\u00eb n\u00eb administrat\u00ebn e partis\u00eb-shtet, te ministrat, deputet\u00ebt, zyrtar\u00ebt e lart\u00eb qendror\u00eb dhe lokal\u00eb, por edhe punonj\u00ebsit e thjesht\u00eb, shp\u00ebrtheu si epidemi mortaje nj\u00eb frik\u00eb e re e panjohur m\u00eb par\u00eb, dhe kjo frik\u00eb ishte Lubofobia.<br \/>\nV\u00ebzhguesit konstatuan se ata t\u00eb gjith\u00eb, t\u00eb pushtuar nga Lubofobia, me nj\u00eb shpejt\u00ebsi t\u00eb rrufeshme, asgj\u00ebsuan nga rrjetet e tyre sociale \u00e7do status, klikim, share, postim, p\u00eblqim, pamje, lavd\u00ebrim, koment, angazhim p\u00ebr Luben dhe t\u00eb Lubes.<br \/>\nK\u00ebshtu, e premtja e zez\u00eb do t\u00eb mbahet mend si dita e ekzekutimit dixhital publik t\u00eb par\u00eb, jo vet\u00ebm n\u00eb historin\u00eb e partis\u00eb-shtet t\u00eb Ramaduros, por edhe t\u00eb Europ\u00ebs n\u00eb epok\u00ebn dixhitale. Ndaj dhe Lubia nuk quhet m\u00eb Lubie Balluku, por Rahmetile Balluku.<\/p>\n<p>Ps: Delubifikimi i rrjeteve sociale nisi para urdhrit t\u00eb Ramaduros. Ky i fundit urdhrin e ekzekutimit dixhital t\u00eb Lubes e p\u00ebrcolli n\u00ebp\u00ebrmjet Pellumbesh\u00ebs, e cila ka merit\u00ebn e pamohueshme se ishte e para q\u00eb sulmoi Lubin\u00eb publikisht n\u00eb emisionin Top Story.<\/p>\n<p>Rama urdhrin e dha vet\u00ebm pasi Lubi i tha atij n\u00eb zyr\u00eb, me d\u00ebshmitar\u00eb, n\u00eb pranin\u00eb e Pellumbesh\u00ebs (Spiropali) dhe nj\u00eb tjetri, se:<\/p>\n<p>\u201cMos mendo se un\u00eb jam si ai qurraveci i Bashkis\u00eb, un\u00eb jam mbesa e Beqir Ballukut, t\u00eb marr\u00eb me lecka me vete!\u201d<\/p>\n","protected":false},"excerpt":{"rendered":"<p>Kryetari i Partis\u00eb Demokratike, Sali Berisha tregon detaje nga takimi q\u00eb z\u00ebvend\u00ebskyreministrja Belinda Balluku pati t\u00eb premten von\u00eb n\u00eb Kryeministri me kryeministrin Edi Rama, pasi u paraqit n\u00eb SPAK p\u00ebr t\u2019u njohur zyrtarisht me akuz\u00ebn. Sipas Berish\u00ebs, Balluku ka k\u00ebrc\u00ebnuar Ram\u00ebn, duke i th\u00ebn\u00eb \u201ct\u00eb marr me lecka\u201d. Berisha shton se pas k\u00ebsaj, Rama ka &hellip;<\/p>\n","protected":false},"author":3,"featured_media":127244,"comment_status":"closed","ping_status":"closed","sticky":false,"template":"","format":"standard","meta":{"footnotes":""},"categories":[40],"tags":[],"class_list":["post-127243","post","type-post","status-publish","format-standard","has-post-thumbnail","","category-aktualitet"],"_links":{"self":[{"href":"https:\/\/rdnews.al\/index.php\/wp-json\/wp\/v2\/posts\/127243","targetHints":{"allow":["GET"]}}],"collection":[{"href":"https:\/\/rdnews.al\/index.php\/wp-json\/wp\/v2\/posts"}],"about":[{"href":"https:\/\/rdnews.al\/index.php\/wp-json\/wp\/v2\/types\/post"}],"author":[{"embeddable":true,"href":"https:\/\/rdnews.al\/index.php\/wp-json\/wp\/v2\/users\/3"}],"replies":[{"embeddable":true,"href":"https:\/\/rdnews.al\/index.php\/wp-json\/wp\/v2\/comments?post=127243"}],"version-history":[{"count":1,"href":"https:\/\/rdnews.al\/index.php\/wp-json\/wp\/v2\/posts\/127243\/revisions"}],"predecessor-version":[{"id":127245,"href":"https:\/\/rdnews.al\/index.php\/wp-json\/wp\/v2\/posts\/127243\/revisions\/127245"}],"wp:featuredmedia":[{"embeddable":true,"href":"https:\/\/rdnews.al\/index.php\/wp-json\/wp\/v2\/media\/127244"}],"wp:attachment":[{"href":"https:\/\/rdnews.al\/index.php\/wp-json\/wp\/v2\/media?parent=127243"}],"wp:term":[{"taxonomy":"category","embeddable":true,"href":"https:\/\/rdnews.al\/index.php\/wp-json\/wp\/v2\/categories?post=127243"},{"taxonomy":"post_tag","embeddable":true,"href":"https:\/\/rdnews.al\/index.php\/wp-json\/wp\/v2\/tags?post=127243"}],"curies":[{"name":"wp","href":"https:\/\/api.w.org\/{rel}","templated":true}]}}