{"id":127256,"date":"2025-11-03T09:44:36","date_gmt":"2025-11-03T09:44:36","guid":{"rendered":"https:\/\/rdnews.al\/?p=127256"},"modified":"2025-11-03T09:44:36","modified_gmt":"2025-11-03T09:44:36","slug":"berisha-dumanit-do-pergjigjesh-para-ligjit-per-amnistimin-e-krimit-elektoral-dhe-milionat-qe-ke-marre-nga-kreshniku-i-manzes","status":"publish","type":"post","link":"https:\/\/rdnews.al\/index.php\/2025\/11\/03\/berisha-dumanit-do-pergjigjesh-para-ligjit-per-amnistimin-e-krimit-elektoral-dhe-milionat-qe-ke-marre-nga-kreshniku-i-manzes\/","title":{"rendered":"Berisha-Dumanit: Do p\u00ebrgjigjesh para ligjit p\u00ebr amnistimin e krimit elektoral dhe milionat q\u00eb ke marr\u00eb nga Kreshniku i Manz\u00ebs"},"content":{"rendered":"<p>Kryetari i PD, Sali Berisha, n\u00eb paraqitjen e tij n\u00eb SPAK pran\u00eb oficer\u00ebve t\u00eb BKH-s\u00eb p\u00ebr mas\u00ebn e siguris\u00eb ka b\u00ebr\u00eb publik edhe mesazhin q\u00eb i ka l\u00ebn\u00eb drejtuesit t\u00eb Prokuroris\u00eb s\u00eb Posa\u00e7me, Altin Dumani.<\/p>\n<p>N\u00eb deklarat\u00ebn p\u00ebr median, Berisha b\u00ebri me dije se, Dumani do t\u00eb p\u00ebrgjigjet para ligjit, pas aministimit q\u00eb i ka b\u00ebr\u00eb krimit elektoral dhe milionave q\u00eb ka marr\u00eb nga nj\u00eb eksponent i krimit n\u00eb Manz\u00eb.<\/p>\n<p><em>\u00a0<\/em><em>Para largimit, un\u00eb i lash\u00eb k\u00ebt\u00eb sh\u00ebnim: Altin Troplinit, armikut t\u00eb eg\u00ebr t\u00eb vot\u00ebs s\u00eb lir\u00eb t\u00eb shqiptar\u00ebve, amnistuesit t\u00eb krimit monstruoz elektoral t\u00eb Ramaduros dhe narkoqeveritar\u00ebve t\u00eb tjer\u00eb\u2019,<\/em>\u00a0ishte mesazhi i kryedemokratit p\u00ebr Dumanin.<\/p>\n<p>Po e nis me nj\u00eb p\u00ebrsh\u00ebndetje t\u00eb p\u00ebrzem\u00ebrt p\u00ebr t\u00eb gjith\u00eb ju k\u00ebtu dhe t\u00eb gjith\u00eb qytetar\u00ebt e Tiran\u00ebs dhe Shqip\u00ebris\u00eb q\u00eb ndjekin k\u00ebt\u00eb konferenc\u00eb shtypi.<\/p>\n<p>Para largimit, un\u00eb i lash\u00eb k\u00ebt\u00eb sh\u00ebnim: Altin Troplinit, armikut t\u00eb eg\u00ebr t\u00eb vot\u00ebs s\u00eb lir\u00eb t\u00eb shqiptar\u00ebve, amnistuesit t\u00eb krimit monstruoz elektoral t\u00eb Ramaduros dhe narkoqeveritar\u00ebve t\u00eb tjer\u00eb.<\/p>\n<p>P\u00ebr t\u00eb gjitha k\u00ebto, p\u00ebr lidhjet e tij me Troplinin, p\u00ebr milionat e marr\u00eb nga Kreshniku i Manz\u00ebs, ai do p\u00ebrgjigjet para ligjit\u201d, tha Berisha.<\/p>\n","protected":false},"excerpt":{"rendered":"<p>Kryetari i PD, Sali Berisha, n\u00eb paraqitjen e tij n\u00eb SPAK pran\u00eb oficer\u00ebve t\u00eb BKH-s\u00eb p\u00ebr mas\u00ebn e siguris\u00eb ka b\u00ebr\u00eb publik edhe mesazhin q\u00eb i ka l\u00ebn\u00eb drejtuesit t\u00eb Prokuroris\u00eb s\u00eb Posa\u00e7me, Altin Dumani. N\u00eb deklarat\u00ebn p\u00ebr median, Berisha b\u00ebri me dije se, Dumani do t\u00eb p\u00ebrgjigjet para ligjit, pas aministimit q\u00eb i ka &hellip;<\/p>\n","protected":false},"author":4,"featured_media":127257,"comment_status":"closed","ping_status":"closed","sticky":false,"template":"","format":"standard","meta":{"footnotes":""},"categories":[37],"tags":[],"class_list":["post-127256","post","type-post","status-publish","format-standard","has-post-thumbnail","","category-politike"],"_links":{"self":[{"href":"https:\/\/rdnews.al\/index.php\/wp-json\/wp\/v2\/posts\/127256","targetHints":{"allow":["GET"]}}],"collection":[{"href":"https:\/\/rdnews.al\/index.php\/wp-json\/wp\/v2\/posts"}],"about":[{"href":"https:\/\/rdnews.al\/index.php\/wp-json\/wp\/v2\/types\/post"}],"author":[{"embeddable":true,"href":"https:\/\/rdnews.al\/index.php\/wp-json\/wp\/v2\/users\/4"}],"replies":[{"embeddable":true,"href":"https:\/\/rdnews.al\/index.php\/wp-json\/wp\/v2\/comments?post=127256"}],"version-history":[{"count":1,"href":"https:\/\/rdnews.al\/index.php\/wp-json\/wp\/v2\/posts\/127256\/revisions"}],"predecessor-version":[{"id":127258,"href":"https:\/\/rdnews.al\/index.php\/wp-json\/wp\/v2\/posts\/127256\/revisions\/127258"}],"wp:featuredmedia":[{"embeddable":true,"href":"https:\/\/rdnews.al\/index.php\/wp-json\/wp\/v2\/media\/127257"}],"wp:attachment":[{"href":"https:\/\/rdnews.al\/index.php\/wp-json\/wp\/v2\/media?parent=127256"}],"wp:term":[{"taxonomy":"category","embeddable":true,"href":"https:\/\/rdnews.al\/index.php\/wp-json\/wp\/v2\/categories?post=127256"},{"taxonomy":"post_tag","embeddable":true,"href":"https:\/\/rdnews.al\/index.php\/wp-json\/wp\/v2\/tags?post=127256"}],"curies":[{"name":"wp","href":"https:\/\/api.w.org\/{rel}","templated":true}]}}