{"id":127264,"date":"2025-11-03T09:57:58","date_gmt":"2025-11-03T09:57:58","guid":{"rendered":"https:\/\/rdnews.al\/?p=127264"},"modified":"2025-11-03T11:01:38","modified_gmt":"2025-11-03T11:01:38","slug":"berisha-irena-me-5-mbiemra-tentoi-te-hynte-ne-greqi-me-vize-te-falsifikuar-ndaj-saj-nisi-procedim-penal","status":"publish","type":"post","link":"https:\/\/rdnews.al\/index.php\/2025\/11\/03\/berisha-irena-me-5-mbiemra-tentoi-te-hynte-ne-greqi-me-vize-te-falsifikuar-ndaj-saj-nisi-procedim-penal\/","title":{"rendered":"Berisha: Irena me 5 mbiemra tentoi t\u00eb hynte n\u00eb Greqi me viz\u00eb t\u00eb falsifikuar, ndaj saj nisi procedim penal"},"content":{"rendered":"<p>Kryetari i\u00a0 PD, Sali Berisha \u00ebsht\u00eb ndalur gjer\u00ebsisht n\u00eb skandalin e gjyqtares s\u00eb GJKKO, Irena Gjoka q\u00eb sipas tij, vijon ende t\u00eb q\u00ebndroj\u00eb n\u00eb detyr\u00eb pavar\u00ebsisht d\u00ebnimit t\u00eb zbulur n\u00eb shtetin fqinj, Greqi.<br \/>\nN\u00eb deklarat\u00ebn p\u00ebr mediat nga institucioni i SPAK, Berisha tha se gjyqtarja e GJKKO, tentoi t\u00eb kalonte kufirin grek me viz\u00eb t\u00eb falsifikuar. Sipas Berish\u00ebs, kjo ishte edhe arsyeja se p\u00ebrse ndaj Gjok\u00ebs, nisi dhe nj\u00eb procedim penal.<br \/>\n\u201cK\u00ebtu, do u v\u00eb n\u00eb dispozicion t\u00eb medieve dokumentin e plot\u00eb t\u00eb policis\u00eb greke p\u00ebr publikim dhe m\u00eb posht\u00eb po lexoj p\u00ebr publikun pjes\u00ebn kryesore t\u00eb tij:<br \/>\nRepublika e Greqis\u00eb.<br \/>\nMinistria e Mbrojtjes s\u00eb Qytetarit.<br \/>\nSelia e Policis\u00eb Helene.<br \/>\nDrejtoria e P\u00ebrgjithshme e Menaxhimit t\u00eb Kufijve dhe Emigracionit.<br \/>\nDrejtoria e t\u00eb Huajve, Sektori i Masave Administrative.<br \/>\nAthin\u00eb, 14.08.2025<br \/>\n(Prej dy muajsh, Altin Troplini e fsheh n\u00eb dosje).<br \/>\nReferenc\u00eb.<br \/>\nUrdhri num\u00ebr 30377, dat\u00eb 30.06.2005, i Prokuroris\u00eb s\u00eb Shkall\u00ebs s\u00eb Par\u00eb t\u00eb Athin\u00ebs.<br \/>\nN\u00eb zbatim t\u00eb urdhrit t\u00eb sip\u00ebrcituar dhe n\u00eb zbatim me Kodin e Procedur\u00ebs Administrative, nga dosja e sh\u00ebrbimit ton\u00eb rezulton sa vijon: Me 24.12.2002, shtetasja shqiptare Maneku Irena, e lindur me 15.02.1970, tentoi t\u00eb hynte n\u00eb territorin grek p\u00ebrmes pik\u00ebs kufitare n\u00eb Kakavij\u00eb duke p\u00ebrdorur pasaport\u00ebn e autoriteteve shqiptare, brenda s\u00eb cil\u00ebs u konstatua viz\u00eb konsullore e falsifikuar.<br \/>\nPor, p\u00ebr Troplinin dhe Iren\u00ebn, p\u00ebr KLGJ-n\u00eb, ILD-n\u00eb, falsifikimi nuk \u00ebsht\u00eb krim kur atyre u duhet kund\u00ebr kund\u00ebrshtar\u00ebve politik\u00eb.<br \/>\nN\u00eb vijim, nga Komisariati i Policis\u00eb n\u00eb Kakavij\u00eb iu ndalua n\u00eb hyrje sipas dispozitave n\u00eb fuqi p\u00ebr hyrjen e t\u00eb huajve.<br \/>\nMe 10.08.2004 u formua dosje penale, e kuptoni tani, p\u00ebr vepr\u00ebn penale t\u00eb falsifikimit t\u00eb nenit 216 t\u00eb Kodit Penal duke u bazuar n\u00eb ekspertiz\u00ebn laboratorike t\u00eb kriminalistik\u00ebs.<br \/>\nDosja iu p\u00ebrcoll prokurorit t\u00eb rrethit t\u00eb Janin\u00ebs\u201d.<br \/>\nPra, edhe ky dokument me vul\u00eb apostile, i ardhur muaj p\u00ebrpara n\u00eb zyrat e Skapit t\u00eb partis\u00eb dhe instanca t\u00eb tjera, mbahet i fshehur dhe nuk veprohet.<br \/>\nN\u00eb nj\u00eb koh\u00eb kur Kushtetuta e vendit, n\u00eb nenin 1\/6, parashikon se nj\u00eb person, integriteti publik i t\u00eb cilit \u00ebsht\u00eb cenuar, nuk mund t\u00eb vijoj\u00eb funksionet n\u00eb organet kushtetuese.<br \/>\n\u00c7far\u00eb thot\u00eb ky nen?<br \/>\nNdalohet zgjedhja, em\u00ebrimi apo ushtrimi i nj\u00eb funksioni publik n\u00eb nj\u00eb nga organet e parashikuara n\u00eb Kushtetut\u00eb ose t\u00eb krijuara me ligj, pavar\u00ebsisht p\u00ebrcaktimeve t\u00eb b\u00ebra n\u00eb dispozitat e tjera t\u00eb k\u00ebsaj Kushtetute. N\u00ebse verifikohen rrethana q\u00eb cenojn\u00eb integritetin e funksionarit publik, sipas kushteve dhe rregullave t\u00eb miratuara me ligj t\u00eb miratuar me tre t\u00eb pestat.<br \/>\nLigji i miratuar me tre t\u00eb pestat n\u00eb vitin 2016, ligji 96, p\u00ebr statusin e gjyqtar\u00ebve dhe prokuror\u00ebve, parashikon se nuk mund t\u00eb ket\u00eb statusin e magjistratit nj\u00eb shtetas q\u00eb \u00ebsht\u00eb d\u00ebnuar me vendim penal t\u00eb form\u00ebs s\u00eb prer\u00eb, si\u00e7 \u00ebsht\u00eb d\u00ebnuar Irena me 5 mbiemra, e cila mbahet nga Altin Troplini, ILD dhe KLGJ n\u00eb p\u00ebrputhje t\u00eb ligjit, t\u00eb Kushtetut\u00ebs, sepse u duhet p\u00ebr q\u00ebllime politike duke diskredituar n\u00eb m\u00ebnyr\u00eb p\u00ebrfundimtare reform\u00ebn e Xhorxh Sorosit n\u00eb drejt\u00ebsi\u201d, u shpreh Berisha.<\/p>\n<div class=\"bx-viewport\">\n<ul class=\"read-slider\">\n<li><a href=\"https:\/\/www.syri.net\/fotogaleria\/834975\/berisha-irena-me-5-mbiemra-tentoi-te-hynte-ne-greqi-me-vize-te-falsifikuar-ndaj-saj-nisi-procedim-penal\/\" target=\"_blank\" rel=\"noopener\"><img decoding=\"async\" src=\"https:\/\/www.syri.net\/uploads\/syri.net\/images\/2025\/November\/03\/auto_D1762163219.jpg\" \/><i class=\"fa fa-search-plus syri_zoom\" aria-hidden=\"true\"><\/i><\/a><\/li>\n<\/ul>\n<\/div>\n<div class=\"bx-controls bx-has-pager bx-has-controls-direction\">\n<div>\n<div class=\"bx-viewport\">\n<ul class=\"read-slider\">\n<li><a href=\"https:\/\/www.syri.net\/fotogaleria\/834975\/berisha-irena-me-5-mbiemra-tentoi-te-hynte-ne-greqi-me-vize-te-falsifikuar-ndaj-saj-nisi-procedim-penal\/\" target=\"_blank\" rel=\"noopener\"><img decoding=\"async\" src=\"https:\/\/www.syri.net\/uploads\/syri.net\/images\/2025\/November\/03\/auto_D51762163219.jpg\" \/><i class=\"fa fa-search-plus syri_zoom\" aria-hidden=\"true\"><\/i><\/a><\/li>\n<\/ul>\n<\/div>\n<div class=\"bx-controls bx-has-pager bx-has-controls-direction\">\n<div class=\"bx-viewport\">\n<ul class=\"read-slider\">\n<li><a href=\"https:\/\/www.syri.net\/fotogaleria\/834975\/berisha-irena-me-5-mbiemra-tentoi-te-hynte-ne-greqi-me-vize-te-falsifikuar-ndaj-saj-nisi-procedim-penal\/\" target=\"_blank\" rel=\"noopener\"><img decoding=\"async\" src=\"https:\/\/www.syri.net\/uploads\/syri.net\/images\/2025\/November\/03\/auto_D11762163220.jpg\" \/><i class=\"fa fa-search-plus syri_zoom\" aria-hidden=\"true\"><\/i><\/a><\/li>\n<\/ul>\n<\/div>\n<div class=\"bx-controls bx-has-pager bx-has-controls-direction\">\n<div class=\"bx-viewport\">\n<ul class=\"read-slider\">\n<li><a href=\"https:\/\/www.syri.net\/fotogaleria\/834975\/berisha-irena-me-5-mbiemra-tentoi-te-hynte-ne-greqi-me-vize-te-falsifikuar-ndaj-saj-nisi-procedim-penal\/\" target=\"_blank\" rel=\"noopener\"><img decoding=\"async\" src=\"https:\/\/www.syri.net\/uploads\/syri.net\/images\/2025\/November\/03\/auto_D21762163220.jpg\" \/><i class=\"fa fa-search-plus syri_zoom\" aria-hidden=\"true\"><\/i><\/a><\/li>\n<\/ul>\n<\/div>\n<div class=\"bx-controls bx-has-pager bx-has-controls-direction\">\n<div class=\"bx-viewport\">\n<ul class=\"read-slider\">\n<li><a href=\"https:\/\/www.syri.net\/fotogaleria\/834975\/berisha-irena-me-5-mbiemra-tentoi-te-hynte-ne-greqi-me-vize-te-falsifikuar-ndaj-saj-nisi-procedim-penal\/\" target=\"_blank\" rel=\"noopener\"><img decoding=\"async\" src=\"https:\/\/www.syri.net\/uploads\/syri.net\/images\/2025\/November\/03\/auto_D31762163221.jpg\" \/><i class=\"fa fa-search-plus syri_zoom\" aria-hidden=\"true\"><\/i><\/a><\/li>\n<\/ul>\n<\/div>\n<div class=\"bx-controls bx-has-pager bx-has-controls-direction\">\n<div class=\"bx-viewport\">\n<ul class=\"read-slider\">\n<li><a href=\"https:\/\/www.syri.net\/fotogaleria\/834975\/berisha-irena-me-5-mbiemra-tentoi-te-hynte-ne-greqi-me-vize-te-falsifikuar-ndaj-saj-nisi-procedim-penal\/\" target=\"_blank\" rel=\"noopener\"><img decoding=\"async\" src=\"https:\/\/www.syri.net\/uploads\/syri.net\/images\/2025\/November\/03\/auto_D41762163221.jpg\" \/><i class=\"fa fa-search-plus syri_zoom\" aria-hidden=\"true\"><\/i><\/a><\/li>\n<\/ul>\n<\/div>\n<div class=\"bx-controls bx-has-pager bx-has-controls-direction\"><\/div>\n<\/div>\n<\/div>\n<\/div>\n<\/div>\n<\/div>\n<\/div>\n","protected":false},"excerpt":{"rendered":"<p>Kryetari i\u00a0 PD, Sali Berisha \u00ebsht\u00eb ndalur gjer\u00ebsisht n\u00eb skandalin e gjyqtares s\u00eb GJKKO, Irena Gjoka q\u00eb sipas tij, vijon ende t\u00eb q\u00ebndroj\u00eb n\u00eb detyr\u00eb pavar\u00ebsisht d\u00ebnimit t\u00eb zbulur n\u00eb shtetin fqinj, Greqi. N\u00eb deklarat\u00ebn p\u00ebr mediat nga institucioni i SPAK, Berisha tha se gjyqtarja e GJKKO, tentoi t\u00eb kalonte kufirin grek me viz\u00eb t\u00eb &hellip;<\/p>\n","protected":false},"author":4,"featured_media":66813,"comment_status":"closed","ping_status":"closed","sticky":false,"template":"","format":"standard","meta":{"footnotes":""},"categories":[37],"tags":[],"class_list":["post-127264","post","type-post","status-publish","format-standard","has-post-thumbnail","","category-politike"],"_links":{"self":[{"href":"https:\/\/rdnews.al\/index.php\/wp-json\/wp\/v2\/posts\/127264","targetHints":{"allow":["GET"]}}],"collection":[{"href":"https:\/\/rdnews.al\/index.php\/wp-json\/wp\/v2\/posts"}],"about":[{"href":"https:\/\/rdnews.al\/index.php\/wp-json\/wp\/v2\/types\/post"}],"author":[{"embeddable":true,"href":"https:\/\/rdnews.al\/index.php\/wp-json\/wp\/v2\/users\/4"}],"replies":[{"embeddable":true,"href":"https:\/\/rdnews.al\/index.php\/wp-json\/wp\/v2\/comments?post=127264"}],"version-history":[{"count":4,"href":"https:\/\/rdnews.al\/index.php\/wp-json\/wp\/v2\/posts\/127264\/revisions"}],"predecessor-version":[{"id":127293,"href":"https:\/\/rdnews.al\/index.php\/wp-json\/wp\/v2\/posts\/127264\/revisions\/127293"}],"wp:featuredmedia":[{"embeddable":true,"href":"https:\/\/rdnews.al\/index.php\/wp-json\/wp\/v2\/media\/66813"}],"wp:attachment":[{"href":"https:\/\/rdnews.al\/index.php\/wp-json\/wp\/v2\/media?parent=127264"}],"wp:term":[{"taxonomy":"category","embeddable":true,"href":"https:\/\/rdnews.al\/index.php\/wp-json\/wp\/v2\/categories?post=127264"},{"taxonomy":"post_tag","embeddable":true,"href":"https:\/\/rdnews.al\/index.php\/wp-json\/wp\/v2\/tags?post=127264"}],"curies":[{"name":"wp","href":"https:\/\/api.w.org\/{rel}","templated":true}]}}