{"id":127270,"date":"2025-11-03T10:09:31","date_gmt":"2025-11-03T10:09:31","guid":{"rendered":"https:\/\/rdnews.al\/?p=127270"},"modified":"2025-11-03T12:07:23","modified_gmt":"2025-11-03T12:07:23","slug":"berisha-motra-e-rahmetlie-ballukut-eshte-ne-konflikt-te-hapur-interesi-kjo-eshte-platforma-e-mafiozit-arben-rakipi","status":"publish","type":"post","link":"https:\/\/rdnews.al\/index.php\/2025\/11\/03\/berisha-motra-e-rahmetlie-ballukut-eshte-ne-konflikt-te-hapur-interesi-kjo-eshte-platforma-e-mafiozit-arben-rakipi\/","title":{"rendered":"Shumat e tmerrshme t\u00eb Pamel\u00ebs dhe Genta Bung\u00ebs\/ \u00c7far\u00eb b\u00ebn Arben Rakipi?"},"content":{"rendered":"<p>Kryetari i PD, Sali Berisha, n\u00eb deklarat\u00ebn p\u00ebr mediat pas daljes nga SPAK\u00a0tha se, Pamela Qirko, e cila mbron t\u00eb motr\u00ebn, ministre e Infrastrukutr\u00ebs dhe Energjis\u00eb, \u00ebsht\u00eb tipike nj\u00eb platform\u00eb\u00eb e kreut t\u00eb Magjistratur\u00ebs, Arben Rakipi.<\/p>\n<p>Berisha tha se, nuk them se pse \u00ebsht\u00eb mot\u00ebr, nuk mund t\u00eb jet\u00eb avokate, sepse ligji e lejon, po sepse \u00ebsht\u00eb platforma e mafiozit m\u00eb t\u00eb shpifur, m\u00eb t\u00eb rreziksh\u00ebm n\u00eb sistemin e drejt\u00ebsis\u00eb, patroni i Altin Troplinit, q\u00eb e ka emrin Arben Rakipi.<\/p>\n<p>\u201cTani, nj\u00eb \u00e7\u00ebshtje e dyt\u00eb q\u00eb dua ta denoncoj k\u00ebtu para jush \u00ebsht\u00eb fakti se k\u00ebtu dy dit\u00eb m\u00eb par\u00eb hyri me veston e avokates mbrojt\u00ebse, Pamela Qirko Balluku, motra e Rahmetlie Ballukut.<\/p>\n<p>Se tani e tutje, si\u00e7 sh\u00ebnova dje n\u00eb nj\u00eb status, Lubie Balluku do quhet Rahmetlie Balluku.<\/p>\n<p>Tani, k\u00ebtu ka nj\u00eb gj\u00eb t\u00eb tmerrshme.<\/p>\n<p>Jo se ato jan\u00eb motra, jo, por se vetor\u00ebt marrin licencat e avoket\u00ebrve dhe n\u00eb stilin Rakipi, ata do t\u00eb shkat\u00ebrrojn\u00eb p\u00ebrfundimisht t\u00eb gjith\u00eb sh\u00ebrbimin e avokatis\u00eb, pasi jan\u00eb t\u00eb vetmit q\u00eb i kan\u00eb peng gjykat\u00ebsit, prokuror\u00ebt dhe \u00ebsht\u00eb absolutisht drejt\u00ebsia e konfliktit t\u00eb interesit.<\/p>\n<p>Nuk them se pse \u00ebsht\u00eb mot\u00ebr, nuk mund t\u00eb jet\u00eb avokate, sepse ligji e lejon, po sepse \u00ebsht\u00eb platforma e mafiozit m\u00eb t\u00eb shpifur, m\u00eb t\u00eb rreziksh\u00ebm n\u00eb sistemin e drejt\u00ebsis\u00eb, patroni i Altin Troplinit, q\u00eb e ka emrin Arben Rakipi.<\/p>\n<p>\u00c7far\u00eb b\u00ebn Arben Rakipi?<\/p>\n<p>Arben Rakipi \u00ebsht\u00eb drejtor i Shkoll\u00ebs s\u00eb Magjistratur\u00ebs, nd\u00ebrkoh\u00eb ka studion e avokatis\u00eb, dhe shkon tani tek nx\u00ebn\u00ebsit e tij q\u00eb mbarojn\u00eb dhe u pret gjobat, t\u00eb kam v\u00ebn\u00eb kaq, t\u00eb kam kaluar kaq.<\/p>\n<p>Nuk ka akt m\u00eb t\u00eb sh\u00ebmtuar, nuk ka d\u00ebshmi m\u00eb flagrante t\u00eb d\u00ebshmis\u00eb s\u00eb konfliktit t\u00eb interesit.<\/p>\n<p>Rakipi ishte vet\u00ebm nj\u00eb, tani keni lukunin\u00eb e vetor\u00ebve, q\u00eb jan\u00eb&#8230; imagjinoni ju nj\u00eb famoze, Genta Bunga, e cila p\u00ebrflitet p\u00ebr shuma t\u00eb tmerrshme bashk\u00eb me k\u00ebt\u00eb Pamel\u00ebn.<\/p>\n<p>T\u00eb cila p\u00ebrfliten p\u00ebr takime me McGonigalin.<\/p>\n<p>Dhe k\u00ebto tani t\u00eb vijn\u00eb t\u00eb mbrojn\u00eb?<\/p>\n<p>Po ku mund t\u00eb q\u00ebndrojn\u00eb kjo?<\/p>\n<p>T\u00eb vijn\u00eb me dosjet e vetingut p\u00ebr t\u00eb mbrojtur kriminel\u00ebt n\u00eb akuzat e tyre.<\/p>\n<p>Kjo \u00ebsht\u00eb d\u00ebshmi tjet\u00ebr e nj\u00eb sistemi drejt\u00ebsie n\u00eb konflikt t\u00eb plot\u00eb interesi.<\/p>\n<p>Ja se \u00e7far\u00eb krijoi Soros-reforma.<\/p>\n<p>Nuk mbetet gj\u00eb tjet\u00ebr vet\u00ebm Delina Fico t\u00eb em\u00ebrohet n\u00eb Gjykat\u00ebn Kushtetuese.<\/p>\n<p>Edhe ajo do ndodh\u00eb\u201d, tha Berisha.<\/p>\n","protected":false},"excerpt":{"rendered":"<p>Kryetari i PD, Sali Berisha, n\u00eb deklarat\u00ebn p\u00ebr mediat pas daljes nga SPAK\u00a0tha se, Pamela Qirko, e cila mbron t\u00eb motr\u00ebn, ministre e Infrastrukutr\u00ebs dhe Energjis\u00eb, \u00ebsht\u00eb tipike nj\u00eb platform\u00eb\u00eb e kreut t\u00eb Magjistratur\u00ebs, Arben Rakipi. Berisha tha se, nuk them se pse \u00ebsht\u00eb mot\u00ebr, nuk mund t\u00eb jet\u00eb avokate, sepse ligji e lejon, po &hellip;<\/p>\n","protected":false},"author":4,"featured_media":127303,"comment_status":"closed","ping_status":"closed","sticky":false,"template":"","format":"standard","meta":{"footnotes":""},"categories":[37],"tags":[],"class_list":["post-127270","post","type-post","status-publish","format-standard","has-post-thumbnail","","category-politike"],"_links":{"self":[{"href":"https:\/\/rdnews.al\/index.php\/wp-json\/wp\/v2\/posts\/127270","targetHints":{"allow":["GET"]}}],"collection":[{"href":"https:\/\/rdnews.al\/index.php\/wp-json\/wp\/v2\/posts"}],"about":[{"href":"https:\/\/rdnews.al\/index.php\/wp-json\/wp\/v2\/types\/post"}],"author":[{"embeddable":true,"href":"https:\/\/rdnews.al\/index.php\/wp-json\/wp\/v2\/users\/4"}],"replies":[{"embeddable":true,"href":"https:\/\/rdnews.al\/index.php\/wp-json\/wp\/v2\/comments?post=127270"}],"version-history":[{"count":4,"href":"https:\/\/rdnews.al\/index.php\/wp-json\/wp\/v2\/posts\/127270\/revisions"}],"predecessor-version":[{"id":127304,"href":"https:\/\/rdnews.al\/index.php\/wp-json\/wp\/v2\/posts\/127270\/revisions\/127304"}],"wp:featuredmedia":[{"embeddable":true,"href":"https:\/\/rdnews.al\/index.php\/wp-json\/wp\/v2\/media\/127303"}],"wp:attachment":[{"href":"https:\/\/rdnews.al\/index.php\/wp-json\/wp\/v2\/media?parent=127270"}],"wp:term":[{"taxonomy":"category","embeddable":true,"href":"https:\/\/rdnews.al\/index.php\/wp-json\/wp\/v2\/categories?post=127270"},{"taxonomy":"post_tag","embeddable":true,"href":"https:\/\/rdnews.al\/index.php\/wp-json\/wp\/v2\/tags?post=127270"}],"curies":[{"name":"wp","href":"https:\/\/api.w.org\/{rel}","templated":true}]}}