{"id":127273,"date":"2025-11-03T10:13:06","date_gmt":"2025-11-03T10:13:06","guid":{"rendered":"https:\/\/rdnews.al\/?p=127273"},"modified":"2025-11-03T10:13:06","modified_gmt":"2025-11-03T10:13:06","slug":"sizifi-i-doreheqjes","status":"publish","type":"post","link":"https:\/\/rdnews.al\/index.php\/2025\/11\/03\/sizifi-i-doreheqjes\/","title":{"rendered":"Sizifi i dor\u00ebheqjes"},"content":{"rendered":"<p><strong>Nga\u00a0Genc POLLO<\/strong><\/p>\n<p><strong>1-Tribulacionet e Lalit<\/strong><\/p>\n<p>Seanca e 31tetorit n\u00eb Gjykat\u00ebn Kushtetuese midis kryebashkiakut t\u00eb Tiran\u00ebs ende n\u00eb ofiq dhe avokat\u00ebve t\u00eb Kryeministrit e t\u00eb Presidentit ishte interesante: debati u fokusua mbi p\u00ebrputhjen e kund\u00ebrth\u00ebnien e p\u00ebrcaktimeve n\u00eb Kushtetutut\u00eb e n\u00eb ligjin p\u00ebr pushtetin vendor mbi shkarkimin nga detyra t\u00eb kryetarit t\u00eb bashkis\u00eb e zbatimin tyre n\u00eb k\u00ebt\u00eb rast. Po ashtu p\u00ebr t\u00eb v\u00ebrejtur zhg\u00ebnjimin e Veliajt me t\u00eb vet\u00ebt dhe keqfunksionimin e K\u00ebshillit Bashkiak Tiran\u00eb. Por k\u00ebto argumenta m\u00eb duket q\u00eb nuk kan\u00eb t\u00eb b\u00ebjn\u00eb me thelbin e \u00e7\u00ebshtjes q\u00eb \u00ebsht\u00eb n\u00ebse lipset t\u00eb vazhdoj\u00eb n\u00eb ofiq Erion Veliaj apo lipset t\u00eb z\u00ebvend\u00ebsohet nga dikush tjet\u00ebr p\u00ebrmes komandimit apo zgjedhjeve. I gjith\u00eb ky debat do t\u00eb ishte evituar paq\u00ebm sikur Veliaj t\u00eb kishte dh\u00ebn\u00eb me koh\u00eb dor\u00ebheqjen, e cila do t\u00eb ishte gj\u00ebja m\u00eb normale n\u00eb nj\u00eb demokraci funksionale europiane. Po as nd\u00ebrgjegja personale e Veliajt dhe as sensi politiko-moral i partis\u00eb, koleg\u00ebve dhe eprorit t\u00eb tij nuk \u00ebsht\u00eb af\u00ebr k\u00ebtij normaliteti.<\/p>\n<p>N\u00eb maj t\u00eb k\u00ebtij viti, tre muaj mbas arrestimit t\u00eb Erion Veliajt, k\u00ebshilltar\u00ebt demokrat\u00eb paraqit\u00ebn nj\u00eb mocion shkarkimi me shkak formal munges\u00ebn tremujore por me motivin thelb\u00ebsor se afera e rryshfetit afro 1 milion euro t\u00eb marr\u00eb nga e shoqja e kryebashkiakut,e paraqitur n\u00eb detaj nga hetimi i SPAKut dhe e b\u00ebr\u00eb objekt permanent i debatit publik, rr\u00ebnonte aq shum\u00eb besimin e publikut sa q\u00eb e b\u00ebnte t\u00eb pamundur mbajtjen e m\u00ebtejshme t\u00eb ofiqit nga Veliaj. P\u00ebr m\u00eb tep\u00ebr q\u00eb ishte n\u00eb vijim t\u00eb skandaleve t\u00eb inceneratorit e t\u00eb 5D-s\u00eb. Motivi i k\u00ebshilltar\u00ebve demokrat\u00eb ishte politiko-moral, m\u00eb sakt\u00eb politik i bazuar n\u00eb moral, si dhe i arsyesh\u00ebm n\u00eb ato rrethana. Kryebashkiaku ishte kapur me presh n\u00eb duar, e nuk ishte justifikuar fare kundrejt themelit t\u00eb akuz\u00ebs. Edhe versioni dashamir\u00ebs se rryshfetin e kishte lypur dhe e kishte marr\u00eb e shoqja prapa shpin\u00ebs s\u00eb burrit (edhe kaq do t\u00eb mjaftonte p\u00ebr humbjen e besimit) rr\u00ebzohej sepse Veliaj nuk i kishte d\u00ebnuar veprat penale q\u00eb p\u00ebrmbante akt-akuza dhe autor\u00ebt e tyre. P\u00ebrkundrazi, n\u00eb gjyq ai e quajti bashk\u00ebshorten e tij t\u00eb bashk\u00ebpandehur \u201ckryezonj\u00eb\u201d.<\/p>\n<p>Mocioni i k\u00ebshilltar\u00ebve demokrat\u00eb me t\u2019u dor\u00ebzuar u arkivua dhe nuk mundi t\u00eb debatohej as n\u00eb komisione e as n\u00eb K\u00ebshill (Ky ishte rasti i mbram\u00eb i shkeljes s\u00eb rregullave n\u00eb d\u00ebm t\u00eb t\u00eb drejtave t\u00eb opozit\u00ebs. N\u00eb K\u00ebshillin Bashkiak Tiran\u00eb kjo gjendje ishte krahasimisht m\u00eb e r\u00ebnd\u00eb se n\u00eb Kuvendin e Republik\u00ebs. Veliaj ankohej me t\u00eb drejt\u00eb p\u00ebr keqtrajtimin nga koleg\u00ebt socialist\u00eb n\u00eb bashki por kujtesa e tij nuk shkon m\u00eb her\u00ebt se mbledhja e fundit e K\u00ebshillit).<\/p>\n<p>N\u00eb shtator t\u00eb k\u00ebtij viti k\u00ebshilltar\u00ebt socialist\u00eb, n\u00eb zbatim t\u00eb porosis\u00eb publike t\u00eb kryetarit \/ Kryeministrit paraqit\u00ebn nj\u00eb mocion utilitar p\u00ebr shkarkimin e Veliajt. Motivacioni i tyre ishte thjesht nevoja administrative p\u00ebr t\u00eb patur fizikisht \u201ckryetarin n\u00eb zyr\u00eb\u201d dhe nuk lidhej fare me akuz\u00ebn e SPAKut dhe implikimet politiko-morale t\u00eb saj. Kjo e fundit, p\u00ebr ta, zerohej nga nj\u00eb interpretim maksimalist dhe fort i leverdish\u00ebm i prezumimit t\u00eb pafajsis\u00eb: sipas tij edhe pse ka prova bind\u00ebse p\u00ebr krimin e ofiqarit, madje edhe krim n\u00eb flagranc\u00eb, ai\/ajo mund t\u00eb qendroj\u00eb n\u00eb ofiq deri ne vendimin gjyq\u00ebsor t\u00eb form\u00ebs s\u00eb prer\u00eb.<\/p>\n<p>Mocionin socialist t\u00eb shtatorit e votuan edhe k\u00ebshilltar\u00ebt e opozit\u00ebs (edhe n\u00eb k\u00ebt\u00eb rast porosia publike erdhi nga partia qendrore) megjith\u00eb natyr\u00ebn joparimore e problematike t\u00eb tij. Mbase nga ndrojtja se mos dukeshin si tep\u00ebr pro Veliaj meq\u00eb ishin shprehur me t\u00eb drejt\u00eb p\u00ebr respektimin e garancive procedurale p\u00ebr t\u00eb.<\/p>\n<p>N\u00ebse imagjinojm\u00eb nj\u00eb \u00e7ast se socialist\u00ebt n\u00eb K\u00ebshill e n\u00eb Qeveri do t\u00eb aprovonin mocionin demokrat t\u00eb majit,\u00a0 debati n\u00eb Gjykat\u00ebn Kushtetuese do t\u00eb ishte m\u00eb pak mbi procedur\u00ebn e m\u00eb shum\u00eb p\u00ebr\u00a0 thelbin e \u00e7\u00ebshtjes. E k\u00ebshtu m\u00eb interesant p\u00ebr teleshikuesit.<\/p>\n<p><strong>2-dhe dilema Bela<\/strong><\/p>\n<p>N\u00eb prill 2024 KM Rama i b\u00ebri thirrje homologut spanjoll Pedro Sanchez t\u00eb mos tutej nga kritikat e shpifjet dhe si udh\u00ebheq\u00ebs i men\u00e7ur\u00a0 e i ndersh\u00ebm i \u201cl\u00ebvizjes ton\u00eb socialiste\u201d t\u00eb vazhdonte t\u00eb q\u00ebndronte ne krye t\u00eb qeveris\u00eb spanjolle. Publiku shqiptar q\u00eb nuk njihte kontekstin mund t\u00eb jet\u00eb habitur me k\u00ebt\u00eb deklarat\u00eb. Por Sanchez i p\u00ebrballur me kritika e faj\u00ebsime p\u00ebr korrupsion q\u00eb implikonin edhe t\u00eb v\u00ebllain e t\u00eb shoqen luajti nj\u00eb rreng klasik: ai deklaroi se do t\u00eb izolohej pes\u00eb dit\u00eb si murg e t\u00eb reflektonte se \u201c\u00e7far\u00eb vendimi madhor do t\u00eb marr p\u00ebr jet\u00ebn time\u201d. Kuptohet shok\u00eb e miq i than\u00eb q\u00ebndro; dhe ai vet\u00eb\u00a0 mbas murgj\u00ebris\u00eb s\u00eb shkurt\u00ebr tha se urt\u00ebsia e k\u00ebshilloi t\u00eb mos jepte dor\u00ebheqjen.<\/p>\n<p>Kush sheh analogji\u00a0 midis situatave personale t\u00eb kryeministrave mbetet n\u00eb t\u00eb drejt\u00ebn e tij; por gjith\u00ebsesi duhet t\u00eb marr\u00eb parasysh se sot, mbas nj\u00eb viti e gjys\u00ebm, e shoqja dhe i v\u00ebllai i Sanchezit po p\u00ebrballen n\u00eb gjyq me akuza t\u00eb ndryshme p\u00ebr korrupsion, abuzim, trafik influence e keqb\u00ebrje t\u00eb tjera. Gjith\u00ebsesi analogjia mbaron k\u00ebtu. Sepse Sanchez, kur ministri i Infrastruktur\u00ebs Abalos po n\u00eb 2024 u mor i pandehur p\u00ebr vepra penale me tendera, e p\u00ebrjashtoi at\u00eb menj\u00ebher\u00eb nga grupi parlamentar i Partis\u00eb Socialiste Pun\u00ebtore Spanjolle dhe n\u00eb vijim edhe nga partia (nga posti i ministrit e kishte hequr m\u00eb her\u00ebt). Opozita e djatht\u00eb pretendoi se e b\u00ebri p\u00ebr t\u00eb shp\u00ebtuar imazhin e postin e vet; socialist\u00ebt n\u00eb pushtet e quajt\u00ebn vendim parimor. Por pavar\u00ebsisht nga motivet e pretenduara, e gjith\u00eb Spanja ra dakord q\u00eb ajoishte l\u00ebvizja e duhur.<\/p>\n<p>N\u00eb k\u00ebt\u00eb pik\u00eb Kryeministri yn\u00eb nuk ngjason m\u00eb me z. Sanchez. Mbasi u mor vesh se znj. Balluku, Minist\u00ebr i Infrastruktur\u00ebs, ishte marr\u00eb e pandehur p\u00ebr tenderin e tunelit t\u00eb Llogaras\u00eb ai iu p\u00ebrgjigj nj\u00eb gazetari se \u201cne kemi pun\u00ebn ton\u00eb, drejt\u00ebsia ka pun\u00ebn e vet dhe deri kur \u00e7\u00ebshtje t\u00eb caktuara marrin form\u00ebn e tyre t\u00eb prer\u00eb, t\u00eb gjith\u00eb njer\u00ebzit jan\u00eb t\u00eb pafajsh\u00ebm\u2026\u201d. Me t\u00eb nj\u00ebjt\u00ebn leht\u00ebsi sikur t\u00eb thoshte ne kemi pun\u00ebn ton\u00eb e Mongolia ka pun\u00ebn e saj.<\/p>\n<p>Ka lexues q\u00eb, si dhe plot komentues n\u00eb rrjetet sociale, mund t\u00eb m\u00eb thon\u00eb po n\u00eb koh\u00ebn tuaj kush jepte dor\u00ebheqje. Edhe sikur gjat\u00eb qeveris\u00eb s\u00eb PD t\u00eb mos jet\u00eb vepruar mir\u00eb nuk \u00ebsht\u00eb argument q\u00eb t\u00eb veprohet keq apo edhe m\u00eb keq 15 vjet m\u00eb von\u00eb. Por meq\u00eb flasim p\u00ebr at\u00eb koh\u00eb un\u00eb kujtoj tre raste: nj\u00eb minist\u00ebr q\u00eb dha dor\u00ebheqjen mbas pretendimeve se i v\u00ebllai kishte nd\u00ebrhyr\u00eb kundraligjsh\u00ebm n\u00eb ca tendera, nj\u00eb tjet\u00ebr minist\u00ebr para Gjykat\u00ebs s\u00eb Lart\u00eb po p\u00ebr tender rruge madhore mbasi partia e vet ja hoqi imunitetin e si p\u00ebrfundim nuk u gjet fajtor si dhe nj\u00eb drejtor i p\u00ebrgjithsh\u00ebm q\u00eb u akuzua p\u00ebr nj\u00eb ngjarje t\u00eb v1995 por u shpall i pafajsh\u00ebm n\u00eb t\u00eb t\u00ebra nivelet. Shpresoj t\u00eb mos jem harraq e subjektiv por k\u00ebto dosje penale ishin komplekse dhe nuk d\u00ebshmonin qartazi p\u00ebr faj\u00ebsin\u00eb e t\u00eb pandehurve.<\/p>\n<p>A mund t\u00eb thuhet kjo p\u00ebr dosjen Llogaraja? Tenderi u fitua fillimisht nga nj\u00eb kompani shqiptare p\u00ebr 140 milion\u00eb euro, u anullua befasisht e pa shpjegim e pastaj me procedur\u00eb t\u00eb dyshimt\u00eb ju dha dy kompanive turke p\u00ebr 172 milion\u00eb euro; ato dy kompani ia dhan\u00eb pun\u00ebn po asaj kompanie shqiptare p\u00ebr 140 milion\u00eb euro (!) dhe diferenc\u00ebn prej 32 milion\u00eb e raportuan n\u00eb tatime si 1 milion\u00eb shpenzime administative dhe 31 milion\u00eb fitim (!!!). Hetimi dhe d\u00ebshmitar\u00ebt treguan se Balluku (dhe Rama) kishin fluturuar n\u00eb Turqi p\u00ebr t\u00eb takuar k\u00ebto dy kompani para se t\u00eb hapnin tenderin e dyt\u00eb\u00a0 +32 milion\u00eb. Postime n\u00eb Facebook t\u00eb takimit u fshin\u00eb misteriozisht mbasi ky takim u rr\u00ebfye nga ish superministri i qeveris\u00eb Rama z. Ahmetaj por ato u rikuperuan nga hetuesit p\u00ebrmes asistenc\u00ebs amerikane si dhe u gjenden sms t\u00eb drejtor\u00ebve t\u00eb ministris\u00eb t\u00eb cilat fundosin titullarin e saj.<\/p>\n<p>\u00cbsht\u00eb interesant t\u00eb shihet llogariidh\u00ebnia qeveritare p\u00ebr k\u00ebt\u00eb rast. N\u00eb n\u00ebntor 2024, n\u00eb mbledhjen eKomisionit p\u00ebr Ekonomin\u00eb e Financat p\u00ebr p\/buxhetin 2025,nj\u00eb deputet demokrat i k\u00ebrkoi ministres Balluku t\u00eb shpjegonte pse Llogaraja ishte tenderuar p\u00ebr her\u00eb t\u00eb dyt\u00eb dhe shum\u00eb m\u00eb shtrenjt\u00eb. P\u00ebrgjigja e znj. Balluku ishte: \u00a01) kjo \u00ebsht\u00eb shpifje; 2) batut\u00eb me aludimeseksuale dhe 3) k\u00ebrc\u00ebnim me kallzim penal p\u00ebr deputetin.<\/p>\n<p>T\u00eb tjera fakte mund t\u00eb dalin kur t\u00eb rrjedh\u00eb n\u00eb media dosja e plot\u00eb e akt-akuz\u00ebs. Por edhe pa to pamja \u00ebsht\u00eb e qart\u00eb. Ashtu si edhe rivali brendapartiak Veliaj, ministrja Balluku nuk ka nj\u00eb nivel nd\u00ebrgjegjeje personale q\u00eb e shtyn drejt dor\u00ebheqjes. Edhe partia e vet, si\u00e7 e tha me figuracion absurd kryetari i saj, nuk ka pun\u00eb dhe nuk don t\u00eb ket\u00eb pun\u00eb me gjyq\u00ebsorin, me faktet e zbuluara prej tij, me drejt\u00ebsin\u00eb, me p\u00ebrgjegj\u00ebsin\u00eb dhe me vet\u00eb shoq\u00ebrin\u00eb. Ajo don t\u00eb rrij\u00eb n\u00eb fllusk\u00ebn e vet t\u00eb tenderave +32, t\u00eb propagand\u00ebs dhe t\u00eb mbajtjes s\u00eb pushtetit me \u00e7do kusht. Deri sa t\u2019a heqin me \u00e7do kusht.<\/p>\n<p><strong>*Ish minister e deputet<\/strong><\/p>\n","protected":false},"excerpt":{"rendered":"<p>Nga\u00a0Genc POLLO 1-Tribulacionet e Lalit Seanca e 31tetorit n\u00eb Gjykat\u00ebn Kushtetuese midis kryebashkiakut t\u00eb Tiran\u00ebs ende n\u00eb ofiq dhe avokat\u00ebve t\u00eb Kryeministrit e t\u00eb Presidentit ishte interesante: debati u fokusua mbi p\u00ebrputhjen e kund\u00ebrth\u00ebnien e p\u00ebrcaktimeve n\u00eb Kushtetutut\u00eb e n\u00eb ligjin p\u00ebr pushtetin vendor mbi shkarkimin nga detyra t\u00eb kryetarit t\u00eb bashkis\u00eb e zbatimin tyre &hellip;<\/p>\n","protected":false},"author":4,"featured_media":37400,"comment_status":"closed","ping_status":"closed","sticky":false,"template":"","format":"standard","meta":{"footnotes":""},"categories":[44],"tags":[],"class_list":["post-127273","post","type-post","status-publish","format-standard","has-post-thumbnail","","category-editorial"],"_links":{"self":[{"href":"https:\/\/rdnews.al\/index.php\/wp-json\/wp\/v2\/posts\/127273","targetHints":{"allow":["GET"]}}],"collection":[{"href":"https:\/\/rdnews.al\/index.php\/wp-json\/wp\/v2\/posts"}],"about":[{"href":"https:\/\/rdnews.al\/index.php\/wp-json\/wp\/v2\/types\/post"}],"author":[{"embeddable":true,"href":"https:\/\/rdnews.al\/index.php\/wp-json\/wp\/v2\/users\/4"}],"replies":[{"embeddable":true,"href":"https:\/\/rdnews.al\/index.php\/wp-json\/wp\/v2\/comments?post=127273"}],"version-history":[{"count":1,"href":"https:\/\/rdnews.al\/index.php\/wp-json\/wp\/v2\/posts\/127273\/revisions"}],"predecessor-version":[{"id":127274,"href":"https:\/\/rdnews.al\/index.php\/wp-json\/wp\/v2\/posts\/127273\/revisions\/127274"}],"wp:featuredmedia":[{"embeddable":true,"href":"https:\/\/rdnews.al\/index.php\/wp-json\/wp\/v2\/media\/37400"}],"wp:attachment":[{"href":"https:\/\/rdnews.al\/index.php\/wp-json\/wp\/v2\/media?parent=127273"}],"wp:term":[{"taxonomy":"category","embeddable":true,"href":"https:\/\/rdnews.al\/index.php\/wp-json\/wp\/v2\/categories?post=127273"},{"taxonomy":"post_tag","embeddable":true,"href":"https:\/\/rdnews.al\/index.php\/wp-json\/wp\/v2\/tags?post=127273"}],"curies":[{"name":"wp","href":"https:\/\/api.w.org\/{rel}","templated":true}]}}