{"id":127308,"date":"2025-11-03T12:52:41","date_gmt":"2025-11-03T12:52:41","guid":{"rendered":"https:\/\/rdnews.al\/?p=127308"},"modified":"2025-11-03T12:52:41","modified_gmt":"2025-11-03T12:52:41","slug":"ditet-e-maduros-jane-te-numeruara-deklarata-e-trump","status":"publish","type":"post","link":"https:\/\/rdnews.al\/index.php\/2025\/11\/03\/ditet-e-maduros-jane-te-numeruara-deklarata-e-trump\/","title":{"rendered":"&#8220;Dit\u00ebt e Maduros jan\u00eb t\u00eb num\u00ebruara&#8221;\/ Deklarata e Trump"},"content":{"rendered":"<p>Donald Trump e ka minimizuar mund\u00ebsin\u00eb e nj\u00eb lufte t\u00eb SHBA-s\u00eb me Venezuel\u00ebn, por sugjeroi se dit\u00ebt e Nicol\u00e1s Maduro-s si president i vendit jan\u00eb t\u00eb num\u00ebruara. I pyetur n\u00ebse SHBA-t\u00eb do t\u00eb shkonin n\u00eb luft\u00eb kund\u00ebr Venezuel\u00ebs, presidenti amerikan i tha emisionit 60 Minutes t\u00eb CBS: Dyshoj. Nuk mendoj k\u00ebshtu. Por ata na kan\u00eb trajtuar shum\u00eb keq.<\/p>\n<p>Komentet e tij vijn\u00eb nd\u00ebrsa SHBA-t\u00eb vazhdojn\u00eb t\u00eb nisin sulme ndaj anijeve t\u00eb dyshuara p\u00ebr kontraband\u00eb droge n\u00eb Karaibe. Administrata Trump thot\u00eb se sulmet jan\u00eb t\u00eb nevojshme p\u00ebr t\u00eb ndaluar rrjedh\u00ebn e drog\u00ebs n\u00eb SHBA. Trump hodhi posht\u00eb sugjerimet se veprimi i SHBA-s\u00eb nuk kishte t\u00eb b\u00ebnte me ndalimin e narkotik\u00ebve, por synonte rr\u00ebzimin e Maduros, nj\u00eb kund\u00ebrshtar i gjat\u00eb i Trump, duke th\u00ebn\u00eb se kishte t\u00eb b\u00ebnte me shum\u00eb gj\u00ebra.<\/p>\n<p>T\u00eb pakt\u00ebn 64 persona jan\u00eb vrar\u00eb nga sulmet amerikane n\u00eb Karaibe dhe Paq\u00ebsorin lindor q\u00eb nga fillimi i shtatorit, raportoi CBS News. Duke folur nga rezidenca e tij n\u00eb Mar-a-Lago n\u00eb Florida, Trump tha: \u00c7do vark\u00eb q\u00eb shihni q\u00eb \u00ebsht\u00eb rr\u00ebzuar vret 25,000 njer\u00ebz t\u00eb varur nga droga dhe shkat\u00ebrron familje n\u00eb t\u00eb gjith\u00eb vendin ton\u00eb.<\/p>\n<p>I pyetur n\u00ebse SHBA-t\u00eb po planifikonin ndonj\u00eb sulm n\u00eb tok\u00eb, Trump refuzoi ta p\u00ebrjashtonte k\u00ebt\u00eb mund\u00ebsi, duke th\u00ebn\u00eb: Nuk do t\u00eb isha i prirur t\u00eb thoja se do ta b\u00ebja k\u00ebt\u00eb\u2026 Nuk do t\u2019ju \u200b\u200bthem se \u00e7far\u00eb do t\u00eb b\u00ebj me Venezuel\u00ebn, n\u00ebse do ta b\u00ebja apo jo.<\/p>\n<p>Anije luftarake, avion\u00eb luftarak\u00eb dhe CIA, cili \u00ebsht\u00eb q\u00ebllimi p\u00ebrfundimtar i Trump n\u00eb Venezuel\u00eb?<\/p>\n<p>Maduro e ka akuzuar m\u00eb par\u00eb Uashingtonin p\u00ebr fabrikim t\u00eb nj\u00eb lufte t\u00eb re, nd\u00ebrsa presidenti kolumbian Gustavo Petro ka th\u00ebn\u00eb se sulmet ndaj anijeve po p\u00ebrdoren nga SHBA-t\u00eb p\u00ebr t\u00eb \u201cdominuar\u201d Amerik\u00ebn Latine. Trump tha se qeveria nuk do t\u00eb lejoj\u00eb njer\u00ebz nga e gjith\u00eb bota t\u00eb hyjn\u00eb.<\/p>\n<p>\u201cAta vijn\u00eb nga Kongo, vijn\u00eb nga e gjith\u00eb bota, po vijn\u00eb, jo vet\u00ebm nga Amerika e Jugut. Por Venezuela n\u00eb ve\u00e7anti \u2013 ka qen\u00eb keq. Ata kan\u00eb banda\u201d, tha ai, duke ve\u00e7uar Tren de Aragua.<\/p>\n","protected":false},"excerpt":{"rendered":"<p>Donald Trump e ka minimizuar mund\u00ebsin\u00eb e nj\u00eb lufte t\u00eb SHBA-s\u00eb me Venezuel\u00ebn, por sugjeroi se dit\u00ebt e Nicol\u00e1s Maduro-s si president i vendit jan\u00eb t\u00eb num\u00ebruara. I pyetur n\u00ebse SHBA-t\u00eb do t\u00eb shkonin n\u00eb luft\u00eb kund\u00ebr Venezuel\u00ebs, presidenti amerikan i tha emisionit 60 Minutes t\u00eb CBS: Dyshoj. Nuk mendoj k\u00ebshtu. Por ata na kan\u00eb &hellip;<\/p>\n","protected":false},"author":3,"featured_media":127309,"comment_status":"closed","ping_status":"closed","sticky":false,"template":"","format":"standard","meta":{"footnotes":""},"categories":[38],"tags":[],"class_list":["post-127308","post","type-post","status-publish","format-standard","has-post-thumbnail","","category-bota"],"_links":{"self":[{"href":"https:\/\/rdnews.al\/index.php\/wp-json\/wp\/v2\/posts\/127308","targetHints":{"allow":["GET"]}}],"collection":[{"href":"https:\/\/rdnews.al\/index.php\/wp-json\/wp\/v2\/posts"}],"about":[{"href":"https:\/\/rdnews.al\/index.php\/wp-json\/wp\/v2\/types\/post"}],"author":[{"embeddable":true,"href":"https:\/\/rdnews.al\/index.php\/wp-json\/wp\/v2\/users\/3"}],"replies":[{"embeddable":true,"href":"https:\/\/rdnews.al\/index.php\/wp-json\/wp\/v2\/comments?post=127308"}],"version-history":[{"count":1,"href":"https:\/\/rdnews.al\/index.php\/wp-json\/wp\/v2\/posts\/127308\/revisions"}],"predecessor-version":[{"id":127310,"href":"https:\/\/rdnews.al\/index.php\/wp-json\/wp\/v2\/posts\/127308\/revisions\/127310"}],"wp:featuredmedia":[{"embeddable":true,"href":"https:\/\/rdnews.al\/index.php\/wp-json\/wp\/v2\/media\/127309"}],"wp:attachment":[{"href":"https:\/\/rdnews.al\/index.php\/wp-json\/wp\/v2\/media?parent=127308"}],"wp:term":[{"taxonomy":"category","embeddable":true,"href":"https:\/\/rdnews.al\/index.php\/wp-json\/wp\/v2\/categories?post=127308"},{"taxonomy":"post_tag","embeddable":true,"href":"https:\/\/rdnews.al\/index.php\/wp-json\/wp\/v2\/tags?post=127308"}],"curies":[{"name":"wp","href":"https:\/\/api.w.org\/{rel}","templated":true}]}}