{"id":127478,"date":"2025-11-04T18:44:17","date_gmt":"2025-11-04T18:44:17","guid":{"rendered":"https:\/\/rdnews.al\/?p=127478"},"modified":"2025-11-04T22:34:29","modified_gmt":"2025-11-04T22:34:29","slug":"fushe-kruja-ne-terr-drejtuesi-teknik-i-oshee-nuk-i-pergjigjet-telefonatave-te-qytetareve","status":"publish","type":"post","link":"https:\/\/rdnews.al\/index.php\/2025\/11\/04\/fushe-kruja-ne-terr-drejtuesi-teknik-i-oshee-nuk-i-pergjigjet-telefonatave-te-qytetareve\/","title":{"rendered":"Fush\u00eb-Kruja n\u00eb err\u00ebsir\u00eb, drejtuesi teknik i OSHEE nuk i p\u00ebrgjigjet telefonatave t\u00eb qytetar\u00ebve"},"content":{"rendered":"<p>Prej m\u00eb shum\u00eb se tet\u00eb or\u00ebsh, qyteti i Fush\u00eb-Kruj\u00ebs dhe disa fshatra p\u00ebrreth vijojn\u00eb t\u00eb jen\u00eb pa energji elektrike, duke l\u00ebn\u00eb rreth 30 mij\u00eb banor\u00eb n\u00eb err\u00ebsir\u00eb.<\/p>\n<p>Sipas nj\u00eb njoftimi t\u00eb shp\u00ebrndar\u00eb m\u00eb her\u00ebt nga Operatori i Sistemit t\u00eb Transmetimit (OST), nd\u00ebrprerja e energjis\u00eb u shkaktua nga nj\u00eb avari n\u00eb n\u00ebnstacionin e ri elektrik, dhe energjia pritej t\u00eb rikthehej rreth or\u00ebs 15:00.<\/p>\n<p>Megjithat\u00eb, edhe pse OST ka njoftuar se avaria n\u00eb linj\u00ebn e tyre \u00ebsht\u00eb sistemuara n\u00eb koh\u00eb, furnizimi me energji vijon t\u00eb mos jet\u00eb rikthyer.<\/p>\n<p>Burime lokale b\u00ebjn\u00eb me dije se shkak i vones\u00ebs jan\u00eb defektet n\u00eb kabinat elektrike q\u00eb ndodhen n\u00eb var\u00ebsi t\u00eb OSHEE-s\u00eb, pasi fidrat e tyre kan\u00eb marr\u00eb lag\u00ebshti si pasoj\u00eb e reshjeve t\u00eb dit\u00ebve t\u00eb fundit.<\/p>\n<p>Gazetar\u00ebt jan\u00eb p\u00ebrpjekur t\u00eb kontaktojn\u00eb me drejtuesit teknik\u00eb t\u00eb OSHEE-s\u00eb p\u00ebr t\u00eb marr\u00eb informacion mbi situat\u00ebn dhe afatin e rikthimit t\u00eb energjis\u00eb, por pa sukses. Sipas raportimeve, drejtuesi teknik ka fikur telefonin, nd\u00ebrsa punonj\u00ebsit lokal\u00eb t\u00eb OSHEE-s\u00eb nuk japin asnj\u00eb informacion zyrtar.<\/p>\n","protected":false},"excerpt":{"rendered":"<p>Prej m\u00eb shum\u00eb se tet\u00eb or\u00ebsh, qyteti i Fush\u00eb-Kruj\u00ebs dhe disa fshatra p\u00ebrreth vijojn\u00eb t\u00eb jen\u00eb pa energji elektrike, duke l\u00ebn\u00eb rreth 30 mij\u00eb banor\u00eb n\u00eb err\u00ebsir\u00eb. Sipas nj\u00eb njoftimi t\u00eb shp\u00ebrndar\u00eb m\u00eb her\u00ebt nga Operatori i Sistemit t\u00eb Transmetimit (OST), nd\u00ebrprerja e energjis\u00eb u shkaktua nga nj\u00eb avari n\u00eb n\u00ebnstacionin e ri elektrik, dhe &hellip;<\/p>\n","protected":false},"author":4,"featured_media":127479,"comment_status":"closed","ping_status":"closed","sticky":false,"template":"","format":"standard","meta":{"footnotes":""},"categories":[45],"tags":[],"class_list":["post-127478","post","type-post","status-publish","format-standard","has-post-thumbnail","","category-sociale"],"_links":{"self":[{"href":"https:\/\/rdnews.al\/index.php\/wp-json\/wp\/v2\/posts\/127478","targetHints":{"allow":["GET"]}}],"collection":[{"href":"https:\/\/rdnews.al\/index.php\/wp-json\/wp\/v2\/posts"}],"about":[{"href":"https:\/\/rdnews.al\/index.php\/wp-json\/wp\/v2\/types\/post"}],"author":[{"embeddable":true,"href":"https:\/\/rdnews.al\/index.php\/wp-json\/wp\/v2\/users\/4"}],"replies":[{"embeddable":true,"href":"https:\/\/rdnews.al\/index.php\/wp-json\/wp\/v2\/comments?post=127478"}],"version-history":[{"count":2,"href":"https:\/\/rdnews.al\/index.php\/wp-json\/wp\/v2\/posts\/127478\/revisions"}],"predecessor-version":[{"id":127481,"href":"https:\/\/rdnews.al\/index.php\/wp-json\/wp\/v2\/posts\/127478\/revisions\/127481"}],"wp:featuredmedia":[{"embeddable":true,"href":"https:\/\/rdnews.al\/index.php\/wp-json\/wp\/v2\/media\/127479"}],"wp:attachment":[{"href":"https:\/\/rdnews.al\/index.php\/wp-json\/wp\/v2\/media?parent=127478"}],"wp:term":[{"taxonomy":"category","embeddable":true,"href":"https:\/\/rdnews.al\/index.php\/wp-json\/wp\/v2\/categories?post=127478"},{"taxonomy":"post_tag","embeddable":true,"href":"https:\/\/rdnews.al\/index.php\/wp-json\/wp\/v2\/tags?post=127478"}],"curies":[{"name":"wp","href":"https:\/\/api.w.org\/{rel}","templated":true}]}}