{"id":127485,"date":"2025-11-04T19:49:27","date_gmt":"2025-11-04T19:49:27","guid":{"rendered":"https:\/\/rdnews.al\/?p=127485"},"modified":"2025-11-04T19:49:27","modified_gmt":"2025-11-04T19:49:27","slug":"dy-standardet-dhe-standardi-special-rama-pasqyra-e-drejtesise-me-regji","status":"publish","type":"post","link":"https:\/\/rdnews.al\/index.php\/2025\/11\/04\/dy-standardet-dhe-standardi-special-rama-pasqyra-e-drejtesise-me-regji\/","title":{"rendered":"Dy standardet dhe standardi special Rama, pasqyra e drejt\u00ebsis\u00eb me regji!"},"content":{"rendered":"<p><strong>Nga Petrit VASILI<\/strong><\/p>\n<p>Dy standardet e p\u00ebrdorura hapur nga SPAK jan\u00eb pa asnj\u00eb dyshim prova e funksionimit me regji t\u00eb tij. \u00c7do qytetar, p\u00ebrfshi edhe t\u00eb indiferent\u00ebt, pyet p\u00ebrse aplikohen dy standarde: nj\u00ebri represiv dhe \u00e7njer\u00ebzor p\u00ebr p\u00ebrfaq\u00ebsuesit e opozit\u00ebs, dhe nj\u00eb standard krejt tjet\u00ebr p\u00ebr p\u00ebrfaq\u00ebsuesit e pushtetit.<\/p>\n<p>Si do t\u2019ua shpjegojn\u00eb qytetar\u00ebve rr\u00ebmbimin kriminal dhe \u00e7njer\u00ebzor p\u00ebr arrestimin e Ilir Met\u00ebs, p\u00ebrkundrejt shoq\u00ebrimit shum\u00eb t\u00eb qet\u00eb t\u00eb Erion Veliajt? Po ashtu, si do t\u2019ua shpjegojn\u00eb arrestimin n\u00eb mes t\u00eb aeroportit, me pranga n\u00eb duar, t\u00eb Abi Malltezit q\u00eb priste bashk\u00ebshorten, p\u00ebrkundrejt shoq\u00ebrimit absolutisht t\u00eb qet\u00eb dhe me respekt t\u00eb Veliajt p\u00ebr n\u00eb paraburgim?<\/p>\n<p>Si do t\u2019ua shpjegojn\u00eb njer\u00ebzve q\u00eb arrestojn\u00eb prej m\u00eb shum\u00eb se nj\u00eb viti Ilir Met\u00ebn dhe izoluan p\u00ebr nj\u00eb vit Sali Berish\u00ebn, se gjoja rrezikonin t\u00eb prishnin provat, kur t\u00eb gjith\u00eb shqiptar\u00ebt e din\u00eb shum\u00eb mir\u00eb q\u00eb t\u00eb dy lider\u00ebt kan\u00eb ikur prej vitesh nga zyrat e pushtetit, t\u00eb cilat tashm\u00eb jan\u00eb t\u00eb zaptuara nga Rama dhe rilindja?<\/p>\n<p>Nd\u00ebrsa nga ana tjet\u00ebr, q\u00eb nga zv\/kryeministrja, ministra, deputet\u00eb, kryetar\u00eb bashkie, me akuza t\u00eb ngritura, vazhdojn\u00eb t\u00eb shkojn\u00eb n\u00ebp\u00ebr zyra, t\u00eb prishin prova, t\u00eb firmosin tendera e t\u00eb shantazhojn\u00eb e frik\u00ebsojn\u00eb d\u00ebshmitar\u00ebt, bashk\u00ebpun\u00ebtor\u00ebt dhe kompanit\u00eb private me t\u00eb cilat kan\u00eb b\u00ebr\u00eb korrupsion. Bile, k\u00ebta vazhdojn\u00eb t\u00eb b\u00ebjn\u00eb moral e t\u00eb pushtojn\u00eb mediat duke akuzuar opozit\u00ebn, e cila ka tremb\u00ebdhjet\u00eb vjet q\u00eb ka dal\u00eb nga zyrat e pushtetit.<\/p>\n<p>Si do t\u2019ua shpjegojn\u00eb q\u00eb Sali Berish\u00ebn e izoluan pa i b\u00ebr\u00eb k\u00ebrkes\u00eb Parlamentit, ashtu si \u00ebsht\u00eb b\u00ebr\u00eb p\u00ebr \u00e7do deputet tjet\u00ebr socialist? Po si do t\u2019ua shpjegojn\u00eb njer\u00ebzve q\u00eb, p\u00ebrve\u00e7 k\u00ebtyre dy standardeve, ka edhe nj\u00eb standard t\u00eb tret\u00eb vet\u00ebm p\u00ebr Edi Ramen, t\u00eb cilit i r\u00ebndojn\u00eb dhjet\u00ebra p\u00ebrgjegj\u00ebsi personale penale shum\u00eb t\u00eb m\u00ebdha, t\u00eb dokumentuara e t\u00eb njohura bot\u00ebrisht?<\/p>\n<p>Standardi Rama ka b\u00ebr\u00eb q\u00eb ky i fundit t\u00eb mos paraqitet n\u00eb SPAK asnj\u00ebher\u00eb, ndon\u00ebse faktet jan\u00eb b\u00ebr\u00eb publike dhe kall\u00ebzimet jan\u00eb pa fund. Nd\u00ebrsa nga ana tjet\u00ebr, ndjekja penale ka filluar p\u00ebr lider\u00ebt e opozit\u00ebs nga kall\u00ebzime me regji t\u00eb shpif\u00ebsve ordinere, t\u00eb njohur bot\u00ebrisht.<\/p>\n<p>Ndaj, mosbesimi tek drejt\u00ebsia \u00ebsht\u00eb shum\u00eb i madh, nd\u00ebrsa bindja se drejt\u00ebsia funksionon me regji \u00ebsht\u00eb absolute.<\/p>\n<p>Dy standardet dhe standardi Rama jan\u00eb streha e pand\u00ebshkueshm\u00ebris\u00eb s\u00eb korrupsionit dhe inkriminimit t\u00eb Ram\u00ebs dhe qeveris\u00eb, dhe shkaku q\u00eb korrupsioni vet\u00ebm thellohet, nd\u00ebrsa shteti ligjor zhytet posht\u00eb e m\u00eb posht\u00eb n\u00eb humner\u00ebn e antiligjit.<\/p>\n","protected":false},"excerpt":{"rendered":"<p>Nga Petrit VASILI Dy standardet e p\u00ebrdorura hapur nga SPAK jan\u00eb pa asnj\u00eb dyshim prova e funksionimit me regji t\u00eb tij. \u00c7do qytetar, p\u00ebrfshi edhe t\u00eb indiferent\u00ebt, pyet p\u00ebrse aplikohen dy standarde: nj\u00ebri represiv dhe \u00e7njer\u00ebzor p\u00ebr p\u00ebrfaq\u00ebsuesit e opozit\u00ebs, dhe nj\u00eb standard krejt tjet\u00ebr p\u00ebr p\u00ebrfaq\u00ebsuesit e pushtetit. Si do t\u2019ua shpjegojn\u00eb qytetar\u00ebve rr\u00ebmbimin &hellip;<\/p>\n","protected":false},"author":4,"featured_media":67888,"comment_status":"closed","ping_status":"closed","sticky":false,"template":"","format":"standard","meta":{"footnotes":""},"categories":[37],"tags":[],"class_list":["post-127485","post","type-post","status-publish","format-standard","has-post-thumbnail","","category-politike"],"_links":{"self":[{"href":"https:\/\/rdnews.al\/index.php\/wp-json\/wp\/v2\/posts\/127485","targetHints":{"allow":["GET"]}}],"collection":[{"href":"https:\/\/rdnews.al\/index.php\/wp-json\/wp\/v2\/posts"}],"about":[{"href":"https:\/\/rdnews.al\/index.php\/wp-json\/wp\/v2\/types\/post"}],"author":[{"embeddable":true,"href":"https:\/\/rdnews.al\/index.php\/wp-json\/wp\/v2\/users\/4"}],"replies":[{"embeddable":true,"href":"https:\/\/rdnews.al\/index.php\/wp-json\/wp\/v2\/comments?post=127485"}],"version-history":[{"count":1,"href":"https:\/\/rdnews.al\/index.php\/wp-json\/wp\/v2\/posts\/127485\/revisions"}],"predecessor-version":[{"id":127486,"href":"https:\/\/rdnews.al\/index.php\/wp-json\/wp\/v2\/posts\/127485\/revisions\/127486"}],"wp:featuredmedia":[{"embeddable":true,"href":"https:\/\/rdnews.al\/index.php\/wp-json\/wp\/v2\/media\/67888"}],"wp:attachment":[{"href":"https:\/\/rdnews.al\/index.php\/wp-json\/wp\/v2\/media?parent=127485"}],"wp:term":[{"taxonomy":"category","embeddable":true,"href":"https:\/\/rdnews.al\/index.php\/wp-json\/wp\/v2\/categories?post=127485"},{"taxonomy":"post_tag","embeddable":true,"href":"https:\/\/rdnews.al\/index.php\/wp-json\/wp\/v2\/tags?post=127485"}],"curies":[{"name":"wp","href":"https:\/\/api.w.org\/{rel}","templated":true}]}}