{"id":127487,"date":"2025-11-04T22:01:54","date_gmt":"2025-11-04T22:01:54","guid":{"rendered":"https:\/\/rdnews.al\/?p=127487"},"modified":"2025-11-04T22:01:54","modified_gmt":"2025-11-04T22:01:54","slug":"ndoti-emrin-per-4-muaj-pune-iken-nga-hipoteka-e-vlores-deromemaj","status":"publish","type":"post","link":"https:\/\/rdnews.al\/index.php\/2025\/11\/04\/ndoti-emrin-per-4-muaj-pune-iken-nga-hipoteka-e-vlores-deromemaj\/","title":{"rendered":"Ndoti emrin p\u00ebr 4 muaj pun\u00eb\/ Ik\u00ebn nga hipoteka e Vlor\u00ebs, Deromemaj"},"content":{"rendered":"<p>Deromemaj drejtoi Deg\u00ebn e Partis\u00eb Demokratike t\u00eb Vlor\u00ebs nga viti 2018 deri n\u00eb vitin 2022, teksa m\u00eb pas dha dor\u00ebheqjen dhe vendin e tij e zuri Atird Hoxha.<\/p>\n<p>Gjithashtu, Deromemaj ka qen\u00eb dhe kandidat p\u00ebr zgjedhjet lokale i PD-s\u00eb n\u00eb Vlor\u00eb, n\u00eb vitin 2015, ku humbi p\u00ebrball\u00eb kandidatit socialist Dritan Leli.<\/p>\n<div><ins id=\"revive-0-32\" data-revive-zoneid=\"1084\" data-revive-id=\"0a5067886004a72d5b41c8f4bd9c2af9\" data-revive-seq=\"32\" data-revive-loaded=\"1\"><\/p>\n<div id=\"beacon_81801d8aa4\"><img loading=\"lazy\" decoding=\"async\" src=\"https:\/\/ads2.panorama.com.al\/www\/delivery\/lg.php?bannerid=0&amp;campaignid=0&amp;zoneid=1084&amp;loc=https%3A%2F%2Fwww.panorama.com.al%2Flajm-i-funditjep-doreheqjen-kreu-i-kadastres-se-vlores-genc-deromemaj%2F&amp;referer=https%3A%2F%2Fwww.google.com%2F&amp;cb=81801d8aa4\" alt=\"\" width=\"0\" height=\"0\" \/>Kujtojm\u00eb se Deromemaj ishte nj\u00eb nga mb\u00ebshtet\u00ebsit e par\u00eb t\u00eb Foltores s\u00eb Sali Berish\u00ebs, kur e nisi k\u00ebt\u00eb l\u00ebvizje kund\u00ebr lidershipit Basha n\u00eb shtator 2021, si dhe nj\u00eb nga organizator\u00ebt e Kuvendit Komb\u00ebtar t\u00eb PD-s\u00eb m\u00eb 11 dhjetor n\u00eb Air Albania.<\/div>\n<p><\/ins><\/div>\n","protected":false},"excerpt":{"rendered":"<p>Deromemaj drejtoi Deg\u00ebn e Partis\u00eb Demokratike t\u00eb Vlor\u00ebs nga viti 2018 deri n\u00eb vitin 2022, teksa m\u00eb pas dha dor\u00ebheqjen dhe vendin e tij e zuri Atird Hoxha. Gjithashtu, Deromemaj ka qen\u00eb dhe kandidat p\u00ebr zgjedhjet lokale i PD-s\u00eb n\u00eb Vlor\u00eb, n\u00eb vitin 2015, ku humbi p\u00ebrball\u00eb kandidatit socialist Dritan Leli. Kujtojm\u00eb se Deromemaj ishte &hellip;<\/p>\n","protected":false},"author":3,"featured_media":127488,"comment_status":"closed","ping_status":"closed","sticky":false,"template":"","format":"standard","meta":{"footnotes":""},"categories":[37],"tags":[],"class_list":["post-127487","post","type-post","status-publish","format-standard","has-post-thumbnail","","category-politike"],"_links":{"self":[{"href":"https:\/\/rdnews.al\/index.php\/wp-json\/wp\/v2\/posts\/127487","targetHints":{"allow":["GET"]}}],"collection":[{"href":"https:\/\/rdnews.al\/index.php\/wp-json\/wp\/v2\/posts"}],"about":[{"href":"https:\/\/rdnews.al\/index.php\/wp-json\/wp\/v2\/types\/post"}],"author":[{"embeddable":true,"href":"https:\/\/rdnews.al\/index.php\/wp-json\/wp\/v2\/users\/3"}],"replies":[{"embeddable":true,"href":"https:\/\/rdnews.al\/index.php\/wp-json\/wp\/v2\/comments?post=127487"}],"version-history":[{"count":1,"href":"https:\/\/rdnews.al\/index.php\/wp-json\/wp\/v2\/posts\/127487\/revisions"}],"predecessor-version":[{"id":127489,"href":"https:\/\/rdnews.al\/index.php\/wp-json\/wp\/v2\/posts\/127487\/revisions\/127489"}],"wp:featuredmedia":[{"embeddable":true,"href":"https:\/\/rdnews.al\/index.php\/wp-json\/wp\/v2\/media\/127488"}],"wp:attachment":[{"href":"https:\/\/rdnews.al\/index.php\/wp-json\/wp\/v2\/media?parent=127487"}],"wp:term":[{"taxonomy":"category","embeddable":true,"href":"https:\/\/rdnews.al\/index.php\/wp-json\/wp\/v2\/categories?post=127487"},{"taxonomy":"post_tag","embeddable":true,"href":"https:\/\/rdnews.al\/index.php\/wp-json\/wp\/v2\/tags?post=127487"}],"curies":[{"name":"wp","href":"https:\/\/api.w.org\/{rel}","templated":true}]}}