{"id":127490,"date":"2025-11-04T22:06:58","date_gmt":"2025-11-04T22:06:58","guid":{"rendered":"https:\/\/rdnews.al\/?p=127490"},"modified":"2025-11-04T22:06:58","modified_gmt":"2025-11-04T22:06:58","slug":"ka-mbledhur-te-gjithe-hajdutet-lubonja-rama-duhet-te-jape-doreheqjen","status":"publish","type":"post","link":"https:\/\/rdnews.al\/index.php\/2025\/11\/04\/ka-mbledhur-te-gjithe-hajdutet-lubonja-rama-duhet-te-jape-doreheqjen\/","title":{"rendered":"&#8220;Ka mbledhur t\u00eb gjith\u00eb hajdut\u00ebt&#8221;\/ Lubonja: Rama duhet t\u00eb jap\u00eb dor\u00ebheqjen"},"content":{"rendered":"<p>Analisti Fatos Lubonja nuk kurseu as kritikat ndaj kryeministrit, duke e quajtur at\u00eb p\u00ebrgjegj\u00ebs p\u00ebr mbledhjen e \u201chajdut\u00ebve\u201d n\u00eb qeverin\u00eb e tij dhe p\u00ebr k\u00ebt\u00eb duhet t\u00eb jap dor\u00ebheqje.<\/p>\n<p><em>\u201c<\/em>Rama duhet t\u00eb k\u00ebrkoj dor\u00ebheqje dhe t\u00eb fus\u00eb n\u00eb partin\u00eb e tij, meqen\u00ebse \u00ebsht\u00eb dhe m\u00eb i mir\u00eb se ata t\u00eb tjer\u00ebt, kultur\u00ebn e dor\u00ebheqjes. N\u00ebse \u00ebsht\u00eb njeri i ndersh\u00ebm dhe i dalin ca q\u00eb i han\u00eb kumbulla, u k\u00ebrkon atyre dor\u00ebheqjen. Mund t\u00eb jap edhe dor\u00ebheqjen vet\u00eb sepse ka qen\u00eb kaq i paaft\u00eb sa ka mbledhur rreth tij vet\u00ebm hajdut\u00eb. N\u00ebse \u00ebsht\u00eb i ndersh\u00ebm jep dor\u00ebheqjen se jam i paaft\u00eb\u201d,\u00a0tha Lubonja.<\/p>\n<p>M\u00eb tej, Lubonja ka hedhur edhe nj\u00eb hipotez\u00eb lidhur me reagimin e Ram\u00ebs ndaj vendimit p\u00ebr Erion Veliajn, ku thot\u00eb se vendimi mund t\u00eb ket\u00eb pasur p\u00ebr q\u00ebllim mbrojtjen Belinda Ballukut, e cila \u00ebsht\u00eb marr\u00eb\u00a0e pandehur nga SPAK.<\/p>\n","protected":false},"excerpt":{"rendered":"<p>Analisti Fatos Lubonja nuk kurseu as kritikat ndaj kryeministrit, duke e quajtur at\u00eb p\u00ebrgjegj\u00ebs p\u00ebr mbledhjen e \u201chajdut\u00ebve\u201d n\u00eb qeverin\u00eb e tij dhe p\u00ebr k\u00ebt\u00eb duhet t\u00eb jap dor\u00ebheqje. \u201cRama duhet t\u00eb k\u00ebrkoj dor\u00ebheqje dhe t\u00eb fus\u00eb n\u00eb partin\u00eb e tij, meqen\u00ebse \u00ebsht\u00eb dhe m\u00eb i mir\u00eb se ata t\u00eb tjer\u00ebt, kultur\u00ebn e dor\u00ebheqjes. N\u00ebse &hellip;<\/p>\n","protected":false},"author":3,"featured_media":29362,"comment_status":"closed","ping_status":"closed","sticky":false,"template":"","format":"standard","meta":{"footnotes":""},"categories":[37],"tags":[],"class_list":["post-127490","post","type-post","status-publish","format-standard","has-post-thumbnail","","category-politike"],"_links":{"self":[{"href":"https:\/\/rdnews.al\/index.php\/wp-json\/wp\/v2\/posts\/127490","targetHints":{"allow":["GET"]}}],"collection":[{"href":"https:\/\/rdnews.al\/index.php\/wp-json\/wp\/v2\/posts"}],"about":[{"href":"https:\/\/rdnews.al\/index.php\/wp-json\/wp\/v2\/types\/post"}],"author":[{"embeddable":true,"href":"https:\/\/rdnews.al\/index.php\/wp-json\/wp\/v2\/users\/3"}],"replies":[{"embeddable":true,"href":"https:\/\/rdnews.al\/index.php\/wp-json\/wp\/v2\/comments?post=127490"}],"version-history":[{"count":1,"href":"https:\/\/rdnews.al\/index.php\/wp-json\/wp\/v2\/posts\/127490\/revisions"}],"predecessor-version":[{"id":127491,"href":"https:\/\/rdnews.al\/index.php\/wp-json\/wp\/v2\/posts\/127490\/revisions\/127491"}],"wp:featuredmedia":[{"embeddable":true,"href":"https:\/\/rdnews.al\/index.php\/wp-json\/wp\/v2\/media\/29362"}],"wp:attachment":[{"href":"https:\/\/rdnews.al\/index.php\/wp-json\/wp\/v2\/media?parent=127490"}],"wp:term":[{"taxonomy":"category","embeddable":true,"href":"https:\/\/rdnews.al\/index.php\/wp-json\/wp\/v2\/categories?post=127490"},{"taxonomy":"post_tag","embeddable":true,"href":"https:\/\/rdnews.al\/index.php\/wp-json\/wp\/v2\/tags?post=127490"}],"curies":[{"name":"wp","href":"https:\/\/api.w.org\/{rel}","templated":true}]}}