{"id":127492,"date":"2025-11-04T22:17:29","date_gmt":"2025-11-04T22:17:29","guid":{"rendered":"https:\/\/rdnews.al\/?p=127492"},"modified":"2025-11-04T22:17:29","modified_gmt":"2025-11-04T22:17:29","slug":"kur-te-hyj-tek-palloshi-me-dergo-sms-detaje-nga-makinacionet-e-beles","status":"publish","type":"post","link":"https:\/\/rdnews.al\/index.php\/2025\/11\/04\/kur-te-hyj-tek-palloshi-me-dergo-sms-detaje-nga-makinacionet-e-beles\/","title":{"rendered":"&#8220;Kur t\u00eb hyj tek Palloshi, m\u00eb dergo sms&#8221;\/ Detaje nga makinacionet e Bel\u00ebs"},"content":{"rendered":"<div class=\"chapo\">Zbardhen detaje nga hetimet e SPAK p\u00ebr z\u00ebvend\u00ebskryeministren Belinda Balluku.<\/div>\n<p>M\u00ebsohet se n\u00eb dosjen e saj hetimore ndodhen biseda t\u00eb p\u00ebrgjuara n\u00eb t\u00eb cilat ajo i referohej kryeministrit Edi Rama me nj\u00eb nofk\u00eb tall\u00ebse, \u201cpalloshi i gjat\u00eb\u201d.<\/p>\n<p>Ky detaj, q\u00eb ka qarkulluar dit\u00ebt e fundit n\u00eb media dhe \u00ebsht\u00eb p\u00ebrdorur gjer\u00ebsisht nga opozita, rezulton t\u00eb jet\u00eb p\u00ebrfshir\u00eb n\u00eb aktet hetimore pas sekuestrimit t\u00eb celularit t\u00eb ish-drejtorit t\u00eb rrug\u00ebve, Ervis Berberi, tashm\u00eb i arrestuar p\u00ebr abuzime me tendera publik\u00eb.<\/p>\n<p>N\u00eb komunikimet mes Ballukut dhe Berberit, t\u00eb gjetura n\u00eb telefonin e k\u00ebtij t\u00eb fundit, ndodhet edhe nj\u00eb mesazh ku ministrja i shkruante se n\u00eb nj\u00eb or\u00eb t\u00eb caktuar do t\u00eb hynte n\u00eb zyr\u00ebn e kryeministrit. Ajo i k\u00ebrkonte vart\u00ebsit t\u00eb saj q\u00eb pas disa minutash t\u2019i d\u00ebrgonte nj\u00eb mesazh, p\u00ebr t\u00eb krijuar p\u00ebrshtypjen se po merreshin me nj\u00eb \u00e7\u00ebshtje t\u00eb re p\u00ebr ta paraqitur si \u201csurpriz\u00eb\u201d para Ram\u00ebs. Pik\u00ebrisht aty, sipas hetuesve, Balluku p\u00ebrdor shprehjen:\u00a0<em>\u201cN\u00eb filan or\u00eb do hyj te Palloshi i gjat\u00eb\u2026\u201d<\/em><\/p>\n<p>Belinda Balluku \u00ebsht\u00eb marr\u00eb e pandehur nga SPAK p\u00ebr vepr\u00ebn penale \u201cShkelje t\u00eb barazis\u00eb n\u00eb tendera\u201d. Ajo \u00ebsht\u00eb kapur n\u00eb shkelje n\u00eb tenderin e tunelit t\u00eb Llogaras\u00eb.<\/p>\n","protected":false},"excerpt":{"rendered":"<p>Zbardhen detaje nga hetimet e SPAK p\u00ebr z\u00ebvend\u00ebskryeministren Belinda Balluku. M\u00ebsohet se n\u00eb dosjen e saj hetimore ndodhen biseda t\u00eb p\u00ebrgjuara n\u00eb t\u00eb cilat ajo i referohej kryeministrit Edi Rama me nj\u00eb nofk\u00eb tall\u00ebse, \u201cpalloshi i gjat\u00eb\u201d. Ky detaj, q\u00eb ka qarkulluar dit\u00ebt e fundit n\u00eb media dhe \u00ebsht\u00eb p\u00ebrdorur gjer\u00ebsisht nga opozita, rezulton t\u00eb &hellip;<\/p>\n","protected":false},"author":3,"featured_media":127493,"comment_status":"closed","ping_status":"closed","sticky":false,"template":"","format":"standard","meta":{"footnotes":""},"categories":[37],"tags":[],"class_list":["post-127492","post","type-post","status-publish","format-standard","has-post-thumbnail","","category-politike"],"_links":{"self":[{"href":"https:\/\/rdnews.al\/index.php\/wp-json\/wp\/v2\/posts\/127492","targetHints":{"allow":["GET"]}}],"collection":[{"href":"https:\/\/rdnews.al\/index.php\/wp-json\/wp\/v2\/posts"}],"about":[{"href":"https:\/\/rdnews.al\/index.php\/wp-json\/wp\/v2\/types\/post"}],"author":[{"embeddable":true,"href":"https:\/\/rdnews.al\/index.php\/wp-json\/wp\/v2\/users\/3"}],"replies":[{"embeddable":true,"href":"https:\/\/rdnews.al\/index.php\/wp-json\/wp\/v2\/comments?post=127492"}],"version-history":[{"count":1,"href":"https:\/\/rdnews.al\/index.php\/wp-json\/wp\/v2\/posts\/127492\/revisions"}],"predecessor-version":[{"id":127494,"href":"https:\/\/rdnews.al\/index.php\/wp-json\/wp\/v2\/posts\/127492\/revisions\/127494"}],"wp:featuredmedia":[{"embeddable":true,"href":"https:\/\/rdnews.al\/index.php\/wp-json\/wp\/v2\/media\/127493"}],"wp:attachment":[{"href":"https:\/\/rdnews.al\/index.php\/wp-json\/wp\/v2\/media?parent=127492"}],"wp:term":[{"taxonomy":"category","embeddable":true,"href":"https:\/\/rdnews.al\/index.php\/wp-json\/wp\/v2\/categories?post=127492"},{"taxonomy":"post_tag","embeddable":true,"href":"https:\/\/rdnews.al\/index.php\/wp-json\/wp\/v2\/tags?post=127492"}],"curies":[{"name":"wp","href":"https:\/\/api.w.org\/{rel}","templated":true}]}}