{"id":127542,"date":"2025-11-05T12:16:19","date_gmt":"2025-11-05T12:16:19","guid":{"rendered":"https:\/\/rdnews.al\/?p=127542"},"modified":"2025-11-05T12:16:19","modified_gmt":"2025-11-05T12:16:19","slug":"berisha-do-te-nisim-protestat-te-cilat-do-te-ndalen-kur-edi-rama-te-largohet-nga-ajo-zyre","status":"publish","type":"post","link":"https:\/\/rdnews.al\/index.php\/2025\/11\/05\/berisha-do-te-nisim-protestat-te-cilat-do-te-ndalen-kur-edi-rama-te-largohet-nga-ajo-zyre\/","title":{"rendered":"Berisha: Do t\u00eb nisim protestat t\u00eb cilat do t\u00eb ndalen kur Edi Rama t\u00eb largohet nga ajo zyr\u00eb"},"content":{"rendered":"<p>Kryetari i PD, Sali Berisha, deklaroi se Partia Demokratike do t\u00eb nis\u00eb protesta t\u00eb vazhdueshme deri n\u00eb largimin e kryeministrit Edi Rama nga detyra. N\u00eb nj\u00eb deklarat\u00eb p\u00ebr mediat, Berisha theksoi se, p\u00ebrgjegj\u00ebsia kryesore p\u00ebr skandalet e tenderave, p\u00ebrfshir\u00eb edhe afer\u00ebn e tunelit t\u00eb Llogaras\u00eb, bie mbi Edi Ram\u00ebn dhe jo mbi ministren Belinda Balluku.<br \/>\nLideri i opozit\u00eb paralajm\u00ebroi se, protesta nuk do t\u00eb ndalen derisa qytetar\u00ebt t\u00eb ken\u00eb mund\u00ebsin\u00eb t\u00eb p\u00ebrballen direkt me kryeministrin dhe e konsideroi k\u00ebt\u00eb si nj\u00eb veprim t\u00eb domosdosh\u00ebm p\u00ebr ruajtjen e kredibilitetit dhe t\u00eb drejt\u00ebs morale t\u00eb demokrat\u00ebve para zgjedh\u00ebsve.<br \/>\n\u201cNe jemi ata q\u00eb do p\u00ebrballemi dh\u00ebmb p\u00ebr dh\u00ebmb me Edi Ram\u00ebn.<br \/>\nDo p\u00ebrballemi dh\u00ebmb p\u00ebr dh\u00ebmb me Edi Ram\u00ebn.<br \/>\nKoha \u00ebsht\u00eb e guximtar\u00ebve.<br \/>\nU garantoj un\u00eb ju se po t\u00eb mos jen\u00eb ato protesta udh\u00ebhequra nga Belind K\u00eblli\u00e7i, 46 jav\u00eb n\u00eb \u00e7do lloj moti, Erion Veliaj do ishte n\u00eb zyr\u00eb sot.<br \/>\nDhe ne, t\u00eb jemi realist\u00eb, t\u00eb gjith\u00eb e dinim se Erion Veliaj nuk ishte Edi Rama, ama n\u00eb lig\u00ebsira, n\u00eb qoft\u00eb se kishte v\u00eblla siamez me Edi Ram\u00ebn dhe t\u00eb pap\u00ebrs\u00ebritsh\u00ebm, ishte Erion Veliaj.<br \/>\nK\u00ebshtu q\u00eb ai mund dhe ajo djers\u00eb, ai guxim dhe ajo sakrific\u00eb, ka qen\u00eb, n\u00eb vler\u00ebsimin tim, nd\u00ebr m\u00eb eficentet dhe m\u00eb t\u00eb r\u00ebnd\u00ebsishmet q\u00eb ka b\u00ebr\u00eb PD.<br \/>\nAi p\u00ebrb\u00ebnte nj\u00eb rrezik madhor p\u00ebr vendin me karakterin e tij, n\u00eb \u00e7do aspekt.<br \/>\nMe t\u00eb ne shp\u00ebtuam vendin nga nj\u00ebra gjysm\u00eb e zez\u00eb e Edi Ram\u00ebs. Gjysma tjet\u00ebr \u00ebsht\u00eb edhe m\u00eb e zez\u00eb.<br \/>\nPor k\u00ebsaj here ne nuk b\u00ebjm\u00eb at\u00eb analiz\u00eb si p\u00ebrpara.<br \/>\nJo. K\u00ebsaj here kemi djallin p\u00ebr brir\u00ebsh.<br \/>\nK\u00ebsaj here do kapim Edi Ram\u00ebn.<br \/>\nJo, nuk e pranojm\u00eb ne se Lubia qenka fajtori kryesor p\u00ebr tunelin.<br \/>\nJo, nuk \u00ebsht\u00eb fajtori kryesor.<br \/>\nFajtori kryesor \u00ebsht\u00eb Edi Rama, pastaj vjen Lubia.<br \/>\n\u00c7far\u00eb do t\u00eb thot\u00eb kjo?<br \/>\nKjo do t\u00eb thot\u00eb q\u00eb n\u00eb m\u00ebnyr\u00eb absolute do t\u00eb nisim protestat t\u00eb cilat do t\u00eb ndalen kur Edi Rama t\u00eb largohet nga ajo zyr\u00eb.<br \/>\nN\u00eb qoft\u00eb se demokrat\u00ebt nuk shkojn\u00eb tek Sulltani t\u00eb p\u00ebrballen me t\u00eb, nuk kan\u00eb asnj\u00eb kredibilitet, asnj\u00eb t\u00eb drejt\u00eb morale t\u00eb shkojn\u00eb tek zgjedh\u00ebsit.<br \/>\nJo.<br \/>\nPra, kjo \u00ebsht\u00eb afera ku mbreti ka dal\u00eb lakuriq.<br \/>\nAi e ka b\u00ebr\u00eb at\u00eb. Sikund\u00ebr ai ka b\u00ebr\u00eb aeroportin e Vlor\u00ebs.<br \/>\nNj\u00eblloj.<br \/>\nKurse kjo, duke zbatuar porosit\u00eb e tij, sepse n\u00eb aeroportin e Vlor\u00ebs vidhet n\u00eb m\u00ebnyr\u00eb t\u00eb majme.<br \/>\nKu mund ta b\u00ebnte ministrja aeroportin n\u00eb at\u00eb m\u00ebnyr\u00eb q\u00eb t\u00eb vidheshin shqiptar\u00ebt 140 milion\u00eb euro p\u00ebr bileta t\u00eb munguara?<br \/>\nPo kishte gjetur Edi Ram\u00ebn skem\u00ebn p\u00ebr t\u00eb vjedhur dhe e nxori q\u00eb aeroporti i Vlor\u00ebs \u00ebsht\u00eb m\u00eb i madhi i Ballkanit. Vjedhja m\u00eb e Ballkanit \u00ebsht\u00eb kjo.<br \/>\nEdhe aty do kthehemi.<br \/>\nSe k\u00ebto q\u00eb jan\u00eb, k\u00ebtu nuk mund t\u00eb thot\u00eb Edi Rama se m\u00eb han\u00eb dardha, m\u00eb han\u00eb kumbulla.<br \/>\nI ha vet\u00eb dardhat, i ha vet\u00eb kumbullat dhe bishtat i hedh mbrapa se \u00e7far\u00eb mbetet p\u00ebr t\u00eb tjer\u00ebt\u201d, tha Berisha.<\/p>\n","protected":false},"excerpt":{"rendered":"<p>Kryetari i PD, Sali Berisha, deklaroi se Partia Demokratike do t\u00eb nis\u00eb protesta t\u00eb vazhdueshme deri n\u00eb largimin e kryeministrit Edi Rama nga detyra. N\u00eb nj\u00eb deklarat\u00eb p\u00ebr mediat, Berisha theksoi se, p\u00ebrgjegj\u00ebsia kryesore p\u00ebr skandalet e tenderave, p\u00ebrfshir\u00eb edhe afer\u00ebn e tunelit t\u00eb Llogaras\u00eb, bie mbi Edi Ram\u00ebn dhe jo mbi ministren Belinda Balluku. &hellip;<\/p>\n","protected":false},"author":4,"featured_media":127544,"comment_status":"closed","ping_status":"closed","sticky":false,"template":"","format":"standard","meta":{"footnotes":""},"categories":[37],"tags":[],"class_list":["post-127542","post","type-post","status-publish","format-standard","has-post-thumbnail","","category-politike"],"_links":{"self":[{"href":"https:\/\/rdnews.al\/index.php\/wp-json\/wp\/v2\/posts\/127542","targetHints":{"allow":["GET"]}}],"collection":[{"href":"https:\/\/rdnews.al\/index.php\/wp-json\/wp\/v2\/posts"}],"about":[{"href":"https:\/\/rdnews.al\/index.php\/wp-json\/wp\/v2\/types\/post"}],"author":[{"embeddable":true,"href":"https:\/\/rdnews.al\/index.php\/wp-json\/wp\/v2\/users\/4"}],"replies":[{"embeddable":true,"href":"https:\/\/rdnews.al\/index.php\/wp-json\/wp\/v2\/comments?post=127542"}],"version-history":[{"count":1,"href":"https:\/\/rdnews.al\/index.php\/wp-json\/wp\/v2\/posts\/127542\/revisions"}],"predecessor-version":[{"id":127545,"href":"https:\/\/rdnews.al\/index.php\/wp-json\/wp\/v2\/posts\/127542\/revisions\/127545"}],"wp:featuredmedia":[{"embeddable":true,"href":"https:\/\/rdnews.al\/index.php\/wp-json\/wp\/v2\/media\/127544"}],"wp:attachment":[{"href":"https:\/\/rdnews.al\/index.php\/wp-json\/wp\/v2\/media?parent=127542"}],"wp:term":[{"taxonomy":"category","embeddable":true,"href":"https:\/\/rdnews.al\/index.php\/wp-json\/wp\/v2\/categories?post=127542"},{"taxonomy":"post_tag","embeddable":true,"href":"https:\/\/rdnews.al\/index.php\/wp-json\/wp\/v2\/tags?post=127542"}],"curies":[{"name":"wp","href":"https:\/\/api.w.org\/{rel}","templated":true}]}}