{"id":127543,"date":"2025-11-05T12:20:49","date_gmt":"2025-11-05T12:20:49","guid":{"rendered":"https:\/\/rdnews.al\/?p=127543"},"modified":"2025-11-05T13:19:44","modified_gmt":"2025-11-05T13:19:44","slug":"do-perballemi-dhemb-per-dhemb-me-ramen-berisha-protesta-deri-ne-largimin-e-rames","status":"publish","type":"post","link":"https:\/\/rdnews.al\/index.php\/2025\/11\/05\/do-perballemi-dhemb-per-dhemb-me-ramen-berisha-protesta-deri-ne-largimin-e-rames\/","title":{"rendered":"&#8220;Do p\u00ebrballemi dh\u00ebmb p\u00ebr dh\u00ebmb&#8221;\/ Berisha: Protesta deri n\u00eb largimin e Ram\u00ebs"},"content":{"rendered":"<p>Kryetari i PD, Berisha ka deklaruar sot n\u00eb mbledhjen e grupit parlamentar se opozita do t\u00eb nis\u00eb protestat deri n\u00eb largimin e Ram\u00ebs. &#8220;Do p\u00ebrballemi dh\u00ebmb p\u00ebr dh\u00ebmb me Ram\u00ebn&#8221;, tha Berisha.<\/p>\n<p>Berisha paralajm\u00ebroi edhe protesta nga opozita, me q\u00ebllim largimin e Ram\u00ebs nga detyra.<\/p>\n<p>\u201cO ai largohet, ose \u00ebsht\u00eb fundi i opozit\u00ebs. T\u00eb jem shum\u00eb i sinqert\u00eb. Kam besim t\u00eb guximi, tek trim\u00ebria dhe vendosm\u00ebria e demokrat\u00ebve, e opozitar\u00ebve.<\/p>\n<p>Tani e kan\u00eb lakuriq narkosin, s\u2019ka m\u00eb iluzione.\u201d, tha Berisha, duke paralajm\u00ebruar se do t\u00eb zhvillohen protesta nga opozita q\u00eb k\u00ebrkojn\u00eb largimin e Ram\u00ebs nga detyra.<\/p>\n<p>Berisha:\u00a0Ne jemi ata q\u00eb do p\u00ebrballemi dh\u00ebmb p\u00ebr dh\u00ebmb me Edi Ram\u00ebn. Do p\u00ebrballemi dh\u00ebmb p\u00ebr dh\u00ebmb me Edi Ram\u00ebn. Koha \u00ebsht\u00eb e guximtar\u00ebve.<br \/>\nU garantoj un\u00eb ju se po t\u00eb mos jen\u00eb ato protesta udh\u00ebhequra nga Belind K\u00eblli\u00e7i, 46 jav\u00eb n\u00eb \u00e7do lloj moti, Erion Veliaj do ishte n\u00eb zyr\u00eb sot.<br \/>\nDhe ne, t\u00eb jemi realist\u00eb, t\u00eb gjith\u00eb e dinim se Erion Veliaj nuk ishte Edi Rama, ama n\u00eb lig\u00ebsira, n\u00eb qoft\u00eb se kishte v\u00eblla siamez me Edi Ram\u00ebn dhe t\u00eb pap\u00ebrs\u00ebritsh\u00ebm, ishte Erion Veliaj.<\/p>\n<p>K\u00ebshtu q\u00eb ai mund dhe ajo djers\u00eb, ai guxim dhe ajo sakrific\u00eb, ka qen\u00eb, n\u00eb vler\u00ebsimin tim, nd\u00ebr m\u00eb eficentet dhe m\u00eb t\u00eb r\u00ebnd\u00ebsishmet q\u00eb ka b\u00ebr\u00eb PD. Ai p\u00ebrb\u00ebnte nj\u00eb rrezik madhor p\u00ebr vendin me karakterin e tij, n\u00eb \u00e7do aspekt.<\/p>\n<p>Me t\u00eb ne shp\u00ebtuam vendin nga nj\u00ebra gjysm\u00eb e zez\u00eb e Edi Ram\u00ebs. Gjysma tjet\u00ebr \u00ebsht\u00eb edhe m\u00eb e zez\u00eb. Por k\u00ebsaj here ne nuk b\u00ebjm\u00eb at\u00eb analiz\u00eb si p\u00ebrpara. Jo. K\u00ebsaj here kemi djallin p\u00ebr brir\u00ebsh.<\/p>\n<p>N\u00eb m\u00ebnyr\u00eb absolute do t\u00eb nisim protestat t\u00eb cilat do t\u00eb ndalen kur Edi Rama t\u00eb largohet nga ajo zyr\u00eb. N\u00eb qoft\u00eb se demokrat\u00ebt nuk shkojn\u00eb tek Sulltani t\u00eb p\u00ebrballen me t\u00eb, nuk kan\u00eb asnj\u00eb kredibilitet, asnj\u00eb t\u00eb drejt\u00eb morale t\u00eb shkojn\u00eb tek zgjedh\u00ebsit.<\/p>\n<p>Jo. Pra, kjo \u00ebsht\u00eb afera ku mbreti ka dal\u00eb lakuriq. Ai e ka b\u00ebr\u00eb at\u00eb. Sikund\u00ebr ai ka b\u00ebr\u00eb aeroportin e Vlor\u00ebs. Nj\u00eblloj. Kurse kjo, duke zbatuar porosit\u00eb e tij, sepse n\u00eb aeroportin e Vlor\u00ebs vidhet n\u00eb m\u00ebnyr\u00eb t\u00eb majme.<\/p>\n","protected":false},"excerpt":{"rendered":"<p>Kryetari i PD, Berisha ka deklaruar sot n\u00eb mbledhjen e grupit parlamentar se opozita do t\u00eb nis\u00eb protestat deri n\u00eb largimin e Ram\u00ebs. &#8220;Do p\u00ebrballemi dh\u00ebmb p\u00ebr dh\u00ebmb me Ram\u00ebn&#8221;, tha Berisha. Berisha paralajm\u00ebroi edhe protesta nga opozita, me q\u00ebllim largimin e Ram\u00ebs nga detyra. \u201cO ai largohet, ose \u00ebsht\u00eb fundi i opozit\u00ebs. T\u00eb jem &hellip;<\/p>\n","protected":false},"author":3,"featured_media":127546,"comment_status":"closed","ping_status":"closed","sticky":false,"template":"","format":"standard","meta":{"footnotes":""},"categories":[37],"tags":[],"class_list":["post-127543","post","type-post","status-publish","format-standard","has-post-thumbnail","","category-politike"],"_links":{"self":[{"href":"https:\/\/rdnews.al\/index.php\/wp-json\/wp\/v2\/posts\/127543","targetHints":{"allow":["GET"]}}],"collection":[{"href":"https:\/\/rdnews.al\/index.php\/wp-json\/wp\/v2\/posts"}],"about":[{"href":"https:\/\/rdnews.al\/index.php\/wp-json\/wp\/v2\/types\/post"}],"author":[{"embeddable":true,"href":"https:\/\/rdnews.al\/index.php\/wp-json\/wp\/v2\/users\/3"}],"replies":[{"embeddable":true,"href":"https:\/\/rdnews.al\/index.php\/wp-json\/wp\/v2\/comments?post=127543"}],"version-history":[{"count":4,"href":"https:\/\/rdnews.al\/index.php\/wp-json\/wp\/v2\/posts\/127543\/revisions"}],"predecessor-version":[{"id":127558,"href":"https:\/\/rdnews.al\/index.php\/wp-json\/wp\/v2\/posts\/127543\/revisions\/127558"}],"wp:featuredmedia":[{"embeddable":true,"href":"https:\/\/rdnews.al\/index.php\/wp-json\/wp\/v2\/media\/127546"}],"wp:attachment":[{"href":"https:\/\/rdnews.al\/index.php\/wp-json\/wp\/v2\/media?parent=127543"}],"wp:term":[{"taxonomy":"category","embeddable":true,"href":"https:\/\/rdnews.al\/index.php\/wp-json\/wp\/v2\/categories?post=127543"},{"taxonomy":"post_tag","embeddable":true,"href":"https:\/\/rdnews.al\/index.php\/wp-json\/wp\/v2\/tags?post=127543"}],"curies":[{"name":"wp","href":"https:\/\/api.w.org\/{rel}","templated":true}]}}