{"id":127550,"date":"2025-11-05T12:36:39","date_gmt":"2025-11-05T12:36:39","guid":{"rendered":"https:\/\/rdnews.al\/?p=127550"},"modified":"2025-11-05T12:37:04","modified_gmt":"2025-11-05T12:37:04","slug":"berisha-balluku-i-ka-thene-rames-ne-zyre-nuk-jap-doreheqje-se-kam-zbatuar-porosite-e-tua","status":"publish","type":"post","link":"https:\/\/rdnews.al\/index.php\/2025\/11\/05\/berisha-balluku-i-ka-thene-rames-ne-zyre-nuk-jap-doreheqje-se-kam-zbatuar-porosite-e-tua\/","title":{"rendered":"Berisha: Balluku i ka th\u00ebn\u00eb Ram\u00ebs n\u00eb zyr\u00eb \u201cnuk jap dor\u00ebheqje se kam zbatuar porosit\u00eb e tua\u201d!"},"content":{"rendered":"<p>Kryetari i PD, Sali Berisha tha se, Balluku i ka th\u00ebn\u00eb Ram\u00ebs n\u00eb zyr\u00eb \u201cnuk jap dor\u00ebheqje se kam zbatuar porosit\u00eb e tua\u201d!<\/p>\n<p>Berisha tha se, tuneli i Llogaras\u00eb \u00ebsht\u00eb vep\u00ebr kriminale, \u00ebsht\u00eb kryer krim dhe \u00ebsht\u00eb kryer nga Edi Rama.<\/p>\n<p>\u201cImagjinoni miq, Arben Ahmetaj me mandat arresti, sepse ish-bashk\u00ebshortja shtronte pllaka t\u00eb paguara nga Mirel M\u00ebrtiri apo Zoto, dhe p\u00ebr at\u00eb, mandati i arrestit.<\/p>\n<p>N\u00eb nj\u00eb koh\u00eb kur ai p\u00ebr hir t\u00eb v\u00ebrtet\u00ebs kishte kund\u00ebrshtuar 4 her\u00eb nd\u00ebrtimin e atij inceneratori.<\/p>\n<p>Tani, duhet t\u00eb jemi t\u00eb ndersh\u00ebm dhe t\u00eb drejt\u00eb.<\/p>\n<p>N\u00eb qoft\u00eb se ne presim q\u00eb prokuror\u00ebt t\u00eb shkojn\u00eb dhe t\u2019i v\u00ebn\u00eb hekurat Edi Ram\u00ebs, ne jemi personazhe, nuk jemi njer\u00ebz reale.<\/p>\n<p>\u00cbsht\u00eb populli ai q\u00eb thot\u00eb fjal\u00ebn e vet.<\/p>\n<p>Ata fol\u00ebn. Tuneli i Llogaras\u00eb \u00ebsht\u00eb vep\u00ebr kriminale. \u00cbsht\u00eb kryer krim dhe \u00ebsht\u00eb kryer nga Edi Rama.<\/p>\n<p>Ndaj dhe tani ne, demokrat\u00ebt, n\u00eb frym\u00ebzimin e atyre protestave q\u00eb hoq\u00ebn nga froni nj\u00ebrin nga lig\u00ebsit\u00eb m\u00eb t\u00eb m\u00ebdha karakteriale t\u00eb k\u00ebtij vendi si\u00e7 ishte Erion Veliaj, se ishte, sepse gj\u00ebmat dhe b\u00ebmat e tij jan\u00eb t\u00eb pabesueshme.<\/p>\n<p>Tani e ka radh\u00ebn kreu i Meduz\u00ebs!<br \/>\nLeonidha me 300 p\u00ebrballoi 100 mij\u00eb.<\/p>\n<p>Asgj\u00eb nuk mund t\u2019i thyej\u00eb njer\u00ebzit e guximsh\u00ebm q\u00eb mbrojn\u00eb nj\u00eb \u00e7\u00ebshtje t\u00eb drejt\u00eb.<\/p>\n<p>Dhe nuk ka \u00e7\u00ebshtje m\u00eb t\u00eb drejt\u00eb se kjo.<\/p>\n<p>T\u00eb pranojm\u00eb ne Ervis Berberi, ky e ai, ata jan\u00eb t\u00eb korruptuar deri n\u00eb palc\u00eb, por jan\u00eb ushtar\u00eb t\u00eb Edi Ram\u00ebs.<\/p>\n<p>O do u dalim ne zot tani qytetar\u00ebve, ose historia do na d\u00ebnoj\u00eb.<\/p>\n<p>Nuk ka pasur n\u00eb historin\u00eb 32-vje\u00e7are t\u00eb shtetit, akt flagrant si ky.<\/p>\n<p>\u00cbsht\u00eb djeg\u00ebsi, por \u00ebsht\u00eb proces vullkan. N\u00eb zierje. Kurse k\u00ebtu nuk ka, jan\u00eb dy persona, Edi Rama dhe Lubi Balluku.<\/p>\n<p>A e dini q\u00eb kan\u00eb ndenjur 4 or\u00eb n\u00eb zyr\u00eb ata n\u00eb gjendje shoku, kolapsi. Dhe ajo i thot\u00eb, nuk jap fare dor\u00ebheqjen se kam zbatuar vet\u00ebm porosit\u00eb e tua.<\/p>\n<p>Edhe atij i ka th\u00ebn\u00eb, mos m\u00eb shih p\u00ebr grua, se vesh rrobat e burrit.<\/p>\n<p>Se ajo sot ka 50-vjetorin e ekzekutimit t\u00eb gjyshit t\u00eb vet, i cili ishte nj\u00eb serial killer. Po t\u00eb lexoni p\u00ebr Beqir Ballukut, ai ka qen\u00eb nj\u00eb serial killer. Ka vrar\u00eb intelektual\u00eb t\u00eb Tiran\u00ebs si serial killer.<\/p>\n<p>Por ato jan\u00eb \u00e7\u00ebshtje t\u00eb tyret.<\/p>\n<p>Afera e tunelit t\u00eb Llogaras\u00eb \u00ebsht\u00eb afer\u00eb e Edi Ram\u00ebs para se gjithash.<\/p>\n<p>Ndaj dhe demokrat\u00ebt, at\u00eb q\u00eb i b\u00ebn\u00eb Erion Veliajt, at\u00eb fat do i rezervojn\u00eb Edi Ram\u00ebs.<\/p>\n<p>Nuk ka asnj\u00eb kod moral, asnj\u00eb gj\u00eb tjet\u00ebr. Ose ai largohet, ose \u00ebsht\u00eb fundi i opozit\u00ebs.<\/p>\n<p>Un\u00eb kam shum\u00eb besim tek guximi, tek trim\u00ebria, tek vendosm\u00ebria e demokrat\u00ebve, e opozitar\u00ebve, e qytetar\u00ebve.<\/p>\n<p>Tani e kan\u00eb lakuriq narkosin, tani nuk ka m\u00eb iluzione\u201d, tha Berisha.<\/p>\n","protected":false},"excerpt":{"rendered":"<p>Kryetari i PD, Sali Berisha tha se, Balluku i ka th\u00ebn\u00eb Ram\u00ebs n\u00eb zyr\u00eb \u201cnuk jap dor\u00ebheqje se kam zbatuar porosit\u00eb e tua\u201d! Berisha tha se, tuneli i Llogaras\u00eb \u00ebsht\u00eb vep\u00ebr kriminale, \u00ebsht\u00eb kryer krim dhe \u00ebsht\u00eb kryer nga Edi Rama. \u201cImagjinoni miq, Arben Ahmetaj me mandat arresti, sepse ish-bashk\u00ebshortja shtronte pllaka t\u00eb paguara nga &hellip;<\/p>\n","protected":false},"author":4,"featured_media":127537,"comment_status":"closed","ping_status":"closed","sticky":false,"template":"","format":"standard","meta":{"footnotes":""},"categories":[37],"tags":[],"class_list":["post-127550","post","type-post","status-publish","format-standard","has-post-thumbnail","","category-politike"],"_links":{"self":[{"href":"https:\/\/rdnews.al\/index.php\/wp-json\/wp\/v2\/posts\/127550","targetHints":{"allow":["GET"]}}],"collection":[{"href":"https:\/\/rdnews.al\/index.php\/wp-json\/wp\/v2\/posts"}],"about":[{"href":"https:\/\/rdnews.al\/index.php\/wp-json\/wp\/v2\/types\/post"}],"author":[{"embeddable":true,"href":"https:\/\/rdnews.al\/index.php\/wp-json\/wp\/v2\/users\/4"}],"replies":[{"embeddable":true,"href":"https:\/\/rdnews.al\/index.php\/wp-json\/wp\/v2\/comments?post=127550"}],"version-history":[{"count":1,"href":"https:\/\/rdnews.al\/index.php\/wp-json\/wp\/v2\/posts\/127550\/revisions"}],"predecessor-version":[{"id":127551,"href":"https:\/\/rdnews.al\/index.php\/wp-json\/wp\/v2\/posts\/127550\/revisions\/127551"}],"wp:featuredmedia":[{"embeddable":true,"href":"https:\/\/rdnews.al\/index.php\/wp-json\/wp\/v2\/media\/127537"}],"wp:attachment":[{"href":"https:\/\/rdnews.al\/index.php\/wp-json\/wp\/v2\/media?parent=127550"}],"wp:term":[{"taxonomy":"category","embeddable":true,"href":"https:\/\/rdnews.al\/index.php\/wp-json\/wp\/v2\/categories?post=127550"},{"taxonomy":"post_tag","embeddable":true,"href":"https:\/\/rdnews.al\/index.php\/wp-json\/wp\/v2\/tags?post=127550"}],"curies":[{"name":"wp","href":"https:\/\/api.w.org\/{rel}","templated":true}]}}