{"id":127552,"date":"2025-11-05T12:39:50","date_gmt":"2025-11-05T12:39:50","guid":{"rendered":"https:\/\/rdnews.al\/?p=127552"},"modified":"2025-11-05T12:39:50","modified_gmt":"2025-11-05T12:39:50","slug":"berisha-raporti-i-ke-spermend-askund-fjalen-shkelqim","status":"publish","type":"post","link":"https:\/\/rdnews.al\/index.php\/2025\/11\/05\/berisha-raporti-i-ke-spermend-askund-fjalen-shkelqim\/","title":{"rendered":"Berisha: Raporti i KE s&#8217;p\u00ebrmend askund fjal\u00ebn shk\u00eblqim!\u00a0"},"content":{"rendered":"<p>Kryetari i PD, Sali Berisha ka reaguar pas publikimit t\u00eb raportit t\u00eb Komisionit Europian p\u00ebr Shqip\u00ebrin\u00eb, duke e cil\u00ebsuar at\u00eb si nj\u00eb \u201caktakuz\u00eb t\u00eb plot\u00eb\u201d ndaj qeverisjes s\u00eb Edi Ram\u00ebs. N\u00eb fjal\u00ebn e tij para deputet\u00ebve, Berisha u shpreh se raporti ekspozon realitetin e zymt\u00eb t\u00eb vendit, ku korrupsioni, krimi i organizuar, kapja e mediave dhe degradimi institucional jan\u00eb b\u00ebr\u00eb pjes\u00eb e sistemit.<br \/>\nBerisha theksoi s\u00a0ndryshe nga deklaratat e p\u00ebrfaq\u00ebsuesve t\u00eb mazhoranc\u00ebs, n\u00eb asnj\u00eb pjes\u00eb t\u00eb raportit nuk p\u00ebrmendet fjala \u201cshk\u00eblqim\u201d, duke ironizuar m\u00ebnyr\u00ebn si qeveria tenton ta paraqes\u00eb raportin si vler\u00ebsim pozitiv.<br \/>\n\u201cT\u00eb dashur deputete dhe deputet\u00eb, dje u publikua raporti i Komisionit Europian.<br \/>\nUn\u00eb dua t\u00eb p\u00ebrsh\u00ebndes t\u00eb gjith\u00eb ata zyrtar\u00eb p\u00ebr p\u00ebrgjegj\u00ebsin\u00eb q\u00eb kan\u00eb treguar n\u00eb shkrimin e atij raporti.<br \/>\nN\u00eb fakt, raporti ka t\u00eb gjitha tezat tona, p\u00ebrve\u00e7 nj\u00ebr\u00ebs, p\u00ebr t\u00eb cil\u00ebn do punojm\u00eb shum\u00eb q\u00eb ta realizojm\u00eb, mbi gjendjen n\u00eb Shqip\u00ebri.<br \/>\nRaporti i Komisionit Europian thot\u00eb se problemi madhor i Shqip\u00ebris\u00eb \u00ebsht\u00eb m\u00ebnyra se si qeveria i p\u00ebrdor institucionet p\u00ebr p\u00ebrfitime politike dhe ekonomike.<br \/>\nKy raport \u00ebsht\u00eb nj\u00eb aktakuz\u00eb ndaj qeverisjes aktuale ku theksohet se zgjedhjet jan\u00eb t\u00eb deformuara.<br \/>\nNdon\u00ebse KE nuk \u00ebsht\u00eb nj\u00eb komision i specializuar p\u00ebr zgjedhjet, por ai merr t\u00eb mir\u00ebfillt\u00eb ato q\u00eb institucionet e besimit t\u00eb mir\u00eb shkruajn\u00eb, dhe thot\u00eb se zgjedhjet ishin t\u00eb deformuara.<br \/>\nThot\u00eb se korrupsioni lul\u00ebzon.<br \/>\nThot\u00eb se kontrolli parlamentar mbi qeverisjen ka degraduar.<br \/>\nThot\u00eb se sistemi gjyq\u00ebsor \u00ebsht\u00eb n\u00eb kolaps.<br \/>\nThot\u00eb se krimi i organizuar \u00ebsht\u00eb tejet i fuqish\u00ebm.<br \/>\nThot\u00eb se media \u00ebsht\u00eb t\u00ebr\u00ebsisht e kontrolluar dhe e sulmuar.<br \/>\nThot\u00eb se administrata \u00ebsht\u00eb e politizuar dhe fondet publike keqmenaxhohen.<br \/>\nI kan\u00eb b\u00ebr\u00eb nj\u00eb radiografi t\u00eb pam\u00ebshir\u00eb narkoregjimit t\u00eb Edi Ram\u00ebs.<br \/>\nUn\u00eb e di se ndonj\u00ebri mund t\u00eb thot\u00eb, ja ambasadori foli p\u00ebr shk\u00eblqim, t\u00eb tjer\u00eb n\u00eb komision than\u00eb t\u00eb nj\u00ebjt\u00ebn gj\u00eb, un\u00eb u garantoj ju se n\u00eb asnj\u00eb rresht, n\u00eb asnj\u00eb fjal\u00eb nuk p\u00ebrdoret fjala shk\u00eblqim, fjala e jasht\u00ebzakonshme, asnj\u00eb nga k\u00ebta cil\u00ebsor\u00eb nuk ekziston n\u00eb raportin e Komisionit Europian.<br \/>\nQ\u00eb t\u00eb gjitha jan\u00eb shpikje pasiononte t\u00eb individ\u00ebve t\u00eb caktuar q\u00eb k\u00ebrkojn\u00eb t\u2019u dezinformojn\u00eb ju, t\u2019u fshehin t\u00eb v\u00ebrtetat q\u00eb p\u00ebrmban raporti.<br \/>\nKy \u00ebsht\u00eb raporti.<br \/>\nNuk thot\u00eb askund progres i shk\u00eblqyer. N\u00eb asnj\u00eb rresht.<br \/>\nPrandaj mos d\u00ebgjoni se k\u00ebto deklarata i sh\u00ebmb\u00ebllejn\u00eb deklaratave t\u00eb Donald Lu q\u00eb thoshte n\u00eb kulmin e kanabizimit t\u00eb vendit se p\u00ebrg\u00ebzoj policin\u00eb p\u00ebr suksesin n\u00eb luft\u00ebn e jasht\u00ebzakonshme kund\u00ebr drog\u00ebs.<br \/>\nT\u00eb dal\u00ebsh dhe t\u2019u thuash shqiptar\u00ebve at\u00eb q\u00eb nuk thot\u00eb raporti, nuk \u00ebsht\u00eb kjo ajo q\u00eb presin shqiptar\u00ebt.<br \/>\nRaporti thot\u00eb se demokracia nis me zgjedhjet, si\u00e7 \u00ebsht\u00eb e v\u00ebrteta.<br \/>\nZgjedhjet jan\u00eb t\u00eb manipuluara dhe jo t\u00eb lira. Komisioni thekson: munges\u00eb t\u00eb fush\u00ebs s\u00eb loj\u00ebs t\u00eb barabart\u00eb.<br \/>\nPra, si Sh\u00ebn Thomai, e ka v\u00ebn\u00eb gishtin aty ku prova \u00ebsht\u00eb absolute. Tek barazia e loj\u00ebs.<br \/>\nThot\u00eb se u keqp\u00ebrdor\u00ebn burimet publike.<br \/>\nPra, thot\u00eb se shteti dhe partia u soll\u00ebn nj\u00eb.<br \/>\nDhe se nuk jan\u00eb zbatuar rekomandimet e OSBE\/ODIHR dhe Komisionit t\u00eb Venecias. Pra, nuk ka shk\u00eblqim.<br \/>\nJu ftoj t\u00eb lexoni raportin\u201d, tha Berisha.<\/p>\n","protected":false},"excerpt":{"rendered":"<p>Kryetari i PD, Sali Berisha ka reaguar pas publikimit t\u00eb raportit t\u00eb Komisionit Europian p\u00ebr Shqip\u00ebrin\u00eb, duke e cil\u00ebsuar at\u00eb si nj\u00eb \u201caktakuz\u00eb t\u00eb plot\u00eb\u201d ndaj qeverisjes s\u00eb Edi Ram\u00ebs. N\u00eb fjal\u00ebn e tij para deputet\u00ebve, Berisha u shpreh se raporti ekspozon realitetin e zymt\u00eb t\u00eb vendit, ku korrupsioni, krimi i organizuar, kapja e mediave &hellip;<\/p>\n","protected":false},"author":4,"featured_media":127540,"comment_status":"closed","ping_status":"closed","sticky":false,"template":"","format":"standard","meta":{"footnotes":""},"categories":[37],"tags":[],"class_list":["post-127552","post","type-post","status-publish","format-standard","has-post-thumbnail","","category-politike"],"_links":{"self":[{"href":"https:\/\/rdnews.al\/index.php\/wp-json\/wp\/v2\/posts\/127552","targetHints":{"allow":["GET"]}}],"collection":[{"href":"https:\/\/rdnews.al\/index.php\/wp-json\/wp\/v2\/posts"}],"about":[{"href":"https:\/\/rdnews.al\/index.php\/wp-json\/wp\/v2\/types\/post"}],"author":[{"embeddable":true,"href":"https:\/\/rdnews.al\/index.php\/wp-json\/wp\/v2\/users\/4"}],"replies":[{"embeddable":true,"href":"https:\/\/rdnews.al\/index.php\/wp-json\/wp\/v2\/comments?post=127552"}],"version-history":[{"count":1,"href":"https:\/\/rdnews.al\/index.php\/wp-json\/wp\/v2\/posts\/127552\/revisions"}],"predecessor-version":[{"id":127553,"href":"https:\/\/rdnews.al\/index.php\/wp-json\/wp\/v2\/posts\/127552\/revisions\/127553"}],"wp:featuredmedia":[{"embeddable":true,"href":"https:\/\/rdnews.al\/index.php\/wp-json\/wp\/v2\/media\/127540"}],"wp:attachment":[{"href":"https:\/\/rdnews.al\/index.php\/wp-json\/wp\/v2\/media?parent=127552"}],"wp:term":[{"taxonomy":"category","embeddable":true,"href":"https:\/\/rdnews.al\/index.php\/wp-json\/wp\/v2\/categories?post=127552"},{"taxonomy":"post_tag","embeddable":true,"href":"https:\/\/rdnews.al\/index.php\/wp-json\/wp\/v2\/tags?post=127552"}],"curies":[{"name":"wp","href":"https:\/\/api.w.org\/{rel}","templated":true}]}}