{"id":127554,"date":"2025-11-05T12:44:00","date_gmt":"2025-11-05T12:44:00","guid":{"rendered":"https:\/\/rdnews.al\/?p=127554"},"modified":"2025-11-05T12:44:00","modified_gmt":"2025-11-05T12:44:00","slug":"berisha-raporti-i-ke-thekson-se-sistemi-gjyqesor-eshte-ne-kolaps-i-vetmi-kriter-qe-plotesohet-eshte-ai-gjeostrategjik","status":"publish","type":"post","link":"https:\/\/rdnews.al\/index.php\/2025\/11\/05\/berisha-raporti-i-ke-thekson-se-sistemi-gjyqesor-eshte-ne-kolaps-i-vetmi-kriter-qe-plotesohet-eshte-ai-gjeostrategjik\/","title":{"rendered":"Berisha: Raporti i KE thekson se sistemi gjyq\u00ebsor \u00ebsht\u00eb n\u00eb kolaps! I vetmi kriter q\u00eb plot\u00ebsohet \u00ebsht\u00eb ai gjeostrategjik"},"content":{"rendered":"<p>Kryetari i PD, Sali Berisha gjat\u00eb fjal\u00ebs s\u00eb tij n\u00eb mbledhjen e grupit parlamentar\u00a0komentoi raportin e fundit t\u00eb Komisionit Europian, duke theksuar se sistemi gjyq\u00ebsor n\u00eb Shqip\u00ebri \u00ebsht\u00eb n\u00eb kolaps.<br \/>\nBerisha tha se, raporti thekson se p\u00ebrve\u00e7 kritereve gjeostrategjike, Shqip\u00ebria ka d\u00ebshtuar n\u00eb shumic\u00ebn e k\u00ebrkesave t\u00eb BE p\u00ebr t\u2019u integruar. Berisha akuzoi qeverin\u00eb p\u00ebr politizimin e administrat\u00ebs, nd\u00ebrhyrjet brutale t\u00eb Edi Ram\u00ebs n\u00eb pushtetin vendor dhe munges\u00ebn e transparenc\u00ebs n\u00eb vendimmarrje, duke cil\u00ebsuar k\u00ebt\u00eb si nj\u00eb form\u00eb vjedhje.<br \/>\n\u201cKy raport ka denoncuar degradimin e kontrollit parlamentar mbi qeverisjen.<br \/>\nRaporti n\u00ebnvizon: parlamenti ka mbik\u00ebqyrje t\u00eb kufizuar ndaj ekzekutivit.<br \/>\nKjo \u00ebsht\u00eb e v\u00ebrteta.<br \/>\nPolarizimi politik dhe mungesa e dialogut d\u00ebmtojn\u00eb procesin parlamentar.<br \/>\nKjo \u00ebsht\u00eb e v\u00ebrtet\u00eb.<br \/>\nVendimet e Gjykat\u00ebs Kushtetuese nuk zbatohen.<br \/>\nE ka gjuajtur me top. Nuk ka shtet ligjor pa zbatim t\u00eb vendimeve t\u00eb Gjykat\u00ebs Kushtetuese. Ja ku jan\u00eb.<br \/>\nEdi Rama dje mburrej, pasi nxori djallin nga dera, iu kthye nga dritarja. K\u00ebrkoi t\u00eb na bindte se p\u00ebrsh\u00ebndeste vendimin e Gjykat\u00ebs Kushtetuese.<br \/>\nPo por hiret e Olta Xha\u00e7k\u00ebs e ke b\u00ebr\u00eb t\u00eb paqen\u00eb gjykat\u00ebn. Apo ke aksione bashk\u00eb me Olsin tek pronat q\u00eb ka grabitur i shoqi i saj?<br \/>\nGjykata e ka treguar pavar\u00ebsin\u00eb edhe n\u00eb rastin e Olta Xha\u00e7k\u00ebs, prandaj \u00ebsht\u00eb e shkruar k\u00ebtu n\u00eb raport.<br \/>\n\u00c7far\u00eb ka k\u00ebtu p\u00ebr shk\u00eblqim? Ky nuk \u00ebsht\u00eb shk\u00eblqim, \u00ebsht\u00eb ndryshk.<br \/>\nPrandaj t\u00eb dashur qytetar\u00eb shqiptar\u00eb, lexoni raportin, mos u besoni deklaratave me origjin\u00eb obtuze.<br \/>\nAdministrata \u00ebsht\u00eb e politizuar dhe e paq\u00ebndrueshme.<br \/>\nKomisioni thekson: shkarkime dhe dor\u00ebheqje masive n\u00eb pushtetin vendor. Denoncon pra nd\u00ebrhyrjet brutale t\u00eb Edi Ram\u00ebs n\u00eb pushtetin vendor.<br \/>\n\u00c7far\u00eb shk\u00eblqimi ka k\u00ebtu? Zero.<br \/>\nMunges\u00eb transparenc\u00eb n\u00eb vendimmarrje. Kjo do t\u00eb thot\u00eb vjedhje. Shkon auditi p\u00ebr t\u00eb kontrolluar kryeministrin, nuk e l\u00eb Edi Rama. Po si mundet kryeministri t\u00eb bllokoj\u00eb auditin? Po nuk e lejon dot se i dalin makinat 700 mij\u00ebshe, 500 mij\u00ebshe, se i dalin verat 34 mij\u00eb euro. Se i del luksi i shfrenuar sikur t\u00eb ishte ndonj\u00eb sheik, miliarder privat dhe jo nj\u00eb zyrtar shtet\u00ebror.<br \/>\nJa pra, ku \u00ebsht\u00eb shk\u00eblqimi k\u00ebtu?<br \/>\nA \u00ebsht\u00eb kjo e denj\u00eb p\u00ebr nj\u00eb shtet q\u00eb ec\u00ebn drejt BE?<br \/>\nJa sa t\u00eb v\u00ebrteta jan\u00eb p\u00ebrkufizimet tona se Shqip\u00ebria plot\u00ebson vet\u00ebm nj\u00eb kriter n\u00eb rrug\u00ebn drejt BE dhe ky kriter \u00ebsht\u00eb kriteri gjeostrategjik dhe kjo \u00ebsht\u00eb e v\u00ebrteta.<br \/>\nKoordinim i dob\u00ebt i ministrive. \u00c7far\u00eb do t\u00eb thot\u00eb kjo? Q\u00eb i kontrollon krimi. Kjo do t\u00eb thot\u00eb revansh i krimit.<br \/>\nSistemi gjyq\u00ebsor n\u00eb kolaps. Ajo q\u00eb ne kemi denoncuar me dhjet\u00ebra her\u00eb.<br \/>\nSi e shpreh? Stok t\u00eb madh dosjesh, munges\u00eb burimesh dhe procedura t\u00eb komplikuara.<br \/>\n\u00c7far\u00eb do t\u00eb thot\u00eb? Faktikisht thelbi i atyre q\u00eb kemi th\u00ebn\u00eb, por q\u00eb do t\u00eb thot\u00eb se qytetar\u00ebt shqiptar\u00eb nuk kan\u00eb nj\u00eb proces t\u00eb drejt\u00eb ligjore. Iu \u00ebsht\u00eb mohuar nga kjo drejt\u00ebsi.<br \/>\nP\u00ebrqindja e \u00e7\u00ebshtjeve t\u00eb p\u00ebrfunduara mbetet e ul\u00ebt. Ne duhet t\u00eb marrim \u00e7\u00ebshtjet e p\u00ebrfunduara dhe t\u2019i \u00e7ojm\u00eb n\u00eb komision, se jan\u00eb t\u00eb gjitha \u00e7\u00ebshtje t\u00eb qeveritar\u00ebve. Asnj\u00eb nuk \u00ebsht\u00eb e qytetar\u00ebve.<br \/>\nModel \u00ebsht\u00eb ajo Llagami, q\u00eb merr jo me kthim, me njohje, por prona \u00ebsht\u00eb e saj, duhet t\u00eb jemi i drejt\u00eb me t\u00eb, merr 3 milion\u00eb euro me gjyqe brenda 2-3 vitesh.<br \/>\nShkoni e shihni nj\u00ebrin q\u00eb proteston aty para SPAK-ut, ka 15 vite.<br \/>\nNuk kan\u00eb shanse qytetar\u00ebt t\u00eb p\u00ebrfundojn\u00eb nj\u00eb \u00e7\u00ebshtje.<br \/>\nPor i fal\u00ebnderoj q\u00eb e kan\u00eb ngritur si \u00e7\u00ebshtje shum\u00eb t\u00eb r\u00ebnd\u00ebsishme.<br \/>\nRritje e retorik\u00ebs s\u00eb pafavorshme ndaj gjyq\u00ebsorit. Po, kan\u00eb shum\u00eb t\u00eb drejt\u00eb. U vra gjykat\u00ebsi dhe kur gjykat\u00ebsi u vra, n\u00eb vend t\u00eb d\u00ebnimit nga disa, ishte shp\u00ebrthimi i g\u00ebzimit nga disa t\u00eb tjer\u00eb p\u00ebr shkak t\u00eb situat\u00ebs s\u00eb krijuar.<br \/>\nSidoqoft\u00eb, nj\u00eb nga ata q\u00eb sulmon gjyq\u00ebsorin n\u00eb m\u00ebnyr\u00eb t\u00eb vazhdueshme \u00ebsht\u00eb Edi Rama, dhe e b\u00ebn p\u00ebr interesa t\u00eb veta, jo p\u00ebr interesat e qytetar\u00ebve.<br \/>\nNuk lejohen komisionet parlamentare.<br \/>\nPra nuk \u00ebsht\u00eb \u00e7\u00ebshtje q\u00eb nuk \u00ebsht\u00eb stamposur n\u00eb komision p\u00ebr nj\u00eb qeveri q\u00eb nuk ka asgj\u00eb t\u00eb p\u00ebrbashk\u00ebt me standardet evropiane\u201d, u shpreh Berisha.<\/p>\n","protected":false},"excerpt":{"rendered":"<p>Kryetari i PD, Sali Berisha gjat\u00eb fjal\u00ebs s\u00eb tij n\u00eb mbledhjen e grupit parlamentar\u00a0komentoi raportin e fundit t\u00eb Komisionit Europian, duke theksuar se sistemi gjyq\u00ebsor n\u00eb Shqip\u00ebri \u00ebsht\u00eb n\u00eb kolaps. Berisha tha se, raporti thekson se p\u00ebrve\u00e7 kritereve gjeostrategjike, Shqip\u00ebria ka d\u00ebshtuar n\u00eb shumic\u00ebn e k\u00ebrkesave t\u00eb BE p\u00ebr t\u2019u integruar. Berisha akuzoi qeverin\u00eb p\u00ebr &hellip;<\/p>\n","protected":false},"author":4,"featured_media":127531,"comment_status":"closed","ping_status":"closed","sticky":false,"template":"","format":"standard","meta":{"footnotes":""},"categories":[37],"tags":[],"class_list":["post-127554","post","type-post","status-publish","format-standard","has-post-thumbnail","","category-politike"],"_links":{"self":[{"href":"https:\/\/rdnews.al\/index.php\/wp-json\/wp\/v2\/posts\/127554","targetHints":{"allow":["GET"]}}],"collection":[{"href":"https:\/\/rdnews.al\/index.php\/wp-json\/wp\/v2\/posts"}],"about":[{"href":"https:\/\/rdnews.al\/index.php\/wp-json\/wp\/v2\/types\/post"}],"author":[{"embeddable":true,"href":"https:\/\/rdnews.al\/index.php\/wp-json\/wp\/v2\/users\/4"}],"replies":[{"embeddable":true,"href":"https:\/\/rdnews.al\/index.php\/wp-json\/wp\/v2\/comments?post=127554"}],"version-history":[{"count":1,"href":"https:\/\/rdnews.al\/index.php\/wp-json\/wp\/v2\/posts\/127554\/revisions"}],"predecessor-version":[{"id":127555,"href":"https:\/\/rdnews.al\/index.php\/wp-json\/wp\/v2\/posts\/127554\/revisions\/127555"}],"wp:featuredmedia":[{"embeddable":true,"href":"https:\/\/rdnews.al\/index.php\/wp-json\/wp\/v2\/media\/127531"}],"wp:attachment":[{"href":"https:\/\/rdnews.al\/index.php\/wp-json\/wp\/v2\/media?parent=127554"}],"wp:term":[{"taxonomy":"category","embeddable":true,"href":"https:\/\/rdnews.al\/index.php\/wp-json\/wp\/v2\/categories?post=127554"},{"taxonomy":"post_tag","embeddable":true,"href":"https:\/\/rdnews.al\/index.php\/wp-json\/wp\/v2\/tags?post=127554"}],"curies":[{"name":"wp","href":"https:\/\/api.w.org\/{rel}","templated":true}]}}