{"id":127574,"date":"2025-11-05T18:21:27","date_gmt":"2025-11-05T18:21:27","guid":{"rendered":"https:\/\/rdnews.al\/?p=127574"},"modified":"2025-11-05T20:52:57","modified_gmt":"2025-11-05T20:52:57","slug":"kadastren-e-shtetit-rama-largon-nga-detyra-njeriun-e-ballukut","status":"publish","type":"post","link":"https:\/\/rdnews.al\/index.php\/2025\/11\/05\/kadastren-e-shtetit-rama-largon-nga-detyra-njeriun-e-ballukut\/","title":{"rendered":"Kadastra e Shtetit, Rama largon nga detyra \u201cnjeriun\u201d e Ballukut"},"content":{"rendered":"<p>K\u00ebshilli i Ministrave ka b\u00ebr\u00eb ndryshime n\u00eb p\u00ebrb\u00ebrjen e K\u00ebshillit Drejtues t\u00eb Agjencia Shtet\u00ebrore e Kadastr\u00ebs.<\/p>\n<p>Ermal Nufi \u00ebsht\u00eb liruar nga detyra si p\u00ebrfaq\u00ebsues i Ministris\u00eb s\u00eb Infrastruktur\u00ebs dhe Energjis\u00eb dhe n\u00eb vend t\u00eb tij \u00ebsht\u00eb em\u00ebruar Viola Haxhiademi.<\/p>\n<p>Alban M\u00ebsonj\u00ebsi \u00ebsht\u00eb z\u00ebvend\u00ebsuar nga Dritan Palnikaj, p\u00ebrfaq\u00ebsues i Ministris\u00eb s\u00eb Bujq\u00ebsis\u00eb dhe Zhvillimit Rural.<\/p>\n<p>Ermal Nufi, ka punuar si k\u00ebshilltar ligjor dhe m\u00eb pas drejtori i kabinetit t\u00eb zv.kryeministres Belinda Balluku, e cila \u00a0\u00ebsht\u00eb marr\u00eb e pandehur nga SPAK, n\u00ebn akuz\u00ebn p\u00ebr shkelje t\u00eb barazis\u00eb n\u00eb tenderin e tunelit t\u00eb Llogaras\u00eb.<\/p>\n<p data-start=\"690\" data-end=\"1170\">Sipas emisionit \u201cVetting\u201d, vet\u00ebm tre dit\u00eb pas em\u00ebrimit t\u00eb tij si kryetar i Bordit t\u00eb Autoritetit Rrugor Shqiptar m\u00eb 29 qershor 2022, nj\u00eb kompani ku v\u00ebllai i tij ishte ortak fitoi tenderin p\u00ebr Lotin 8 t\u00eb rrug\u00ebve Fier\u2013Divjak\u00eb, me vler\u00eb 879 mij\u00eb euro, edhe pse kishte oferta m\u00eb ekonomike.<\/p>\n<p><span style=\"font-style: inherit; font-weight: inherit;\">Konkretisht bashkimi i kompanive \u201cBE-IS\u201d dhe \u201cERGI\u201d shpk do t\u00eb shpalleshin fitues nga ish Drejtori Evis Berberi p\u00ebr Lotin 8 \u201cMirembajtje me performance e segmenteve rrugore Fier Shegan \u2013 Divjake + K\/Rr. Nacionale \u2013 Grabian + Strume \u2013 Qafe Marinez.<\/span><\/p>\n","protected":false},"excerpt":{"rendered":"<p>K\u00ebshilli i Ministrave ka b\u00ebr\u00eb ndryshime n\u00eb p\u00ebrb\u00ebrjen e K\u00ebshillit Drejtues t\u00eb Agjencia Shtet\u00ebrore e Kadastr\u00ebs. Ermal Nufi \u00ebsht\u00eb liruar nga detyra si p\u00ebrfaq\u00ebsues i Ministris\u00eb s\u00eb Infrastruktur\u00ebs dhe Energjis\u00eb dhe n\u00eb vend t\u00eb tij \u00ebsht\u00eb em\u00ebruar Viola Haxhiademi. Alban M\u00ebsonj\u00ebsi \u00ebsht\u00eb z\u00ebvend\u00ebsuar nga Dritan Palnikaj, p\u00ebrfaq\u00ebsues i Ministris\u00eb s\u00eb Bujq\u00ebsis\u00eb dhe Zhvillimit Rural. Ermal &hellip;<\/p>\n","protected":false},"author":4,"featured_media":127575,"comment_status":"closed","ping_status":"closed","sticky":false,"template":"","format":"standard","meta":{"footnotes":""},"categories":[37],"tags":[],"class_list":["post-127574","post","type-post","status-publish","format-standard","has-post-thumbnail","","category-politike"],"_links":{"self":[{"href":"https:\/\/rdnews.al\/index.php\/wp-json\/wp\/v2\/posts\/127574","targetHints":{"allow":["GET"]}}],"collection":[{"href":"https:\/\/rdnews.al\/index.php\/wp-json\/wp\/v2\/posts"}],"about":[{"href":"https:\/\/rdnews.al\/index.php\/wp-json\/wp\/v2\/types\/post"}],"author":[{"embeddable":true,"href":"https:\/\/rdnews.al\/index.php\/wp-json\/wp\/v2\/users\/4"}],"replies":[{"embeddable":true,"href":"https:\/\/rdnews.al\/index.php\/wp-json\/wp\/v2\/comments?post=127574"}],"version-history":[{"count":2,"href":"https:\/\/rdnews.al\/index.php\/wp-json\/wp\/v2\/posts\/127574\/revisions"}],"predecessor-version":[{"id":127584,"href":"https:\/\/rdnews.al\/index.php\/wp-json\/wp\/v2\/posts\/127574\/revisions\/127584"}],"wp:featuredmedia":[{"embeddable":true,"href":"https:\/\/rdnews.al\/index.php\/wp-json\/wp\/v2\/media\/127575"}],"wp:attachment":[{"href":"https:\/\/rdnews.al\/index.php\/wp-json\/wp\/v2\/media?parent=127574"}],"wp:term":[{"taxonomy":"category","embeddable":true,"href":"https:\/\/rdnews.al\/index.php\/wp-json\/wp\/v2\/categories?post=127574"},{"taxonomy":"post_tag","embeddable":true,"href":"https:\/\/rdnews.al\/index.php\/wp-json\/wp\/v2\/tags?post=127574"}],"curies":[{"name":"wp","href":"https:\/\/api.w.org\/{rel}","templated":true}]}}