{"id":127583,"date":"2025-11-05T20:58:41","date_gmt":"2025-11-05T20:58:41","guid":{"rendered":"https:\/\/rdnews.al\/?p=127583"},"modified":"2025-11-05T20:58:41","modified_gmt":"2025-11-05T20:58:41","slug":"balluku-zhduket-nga-mbledhja-e-grupit-rama-te-jemi-gati-per-zgjedhje","status":"publish","type":"post","link":"https:\/\/rdnews.al\/index.php\/2025\/11\/05\/balluku-zhduket-nga-mbledhja-e-grupit-rama-te-jemi-gati-per-zgjedhje\/","title":{"rendered":"Balluku zhduket nga mbledhja e Grupit\/ Rama: T\u00eb jemi gati p\u00ebr zgjedhje"},"content":{"rendered":"<p>Belinda Balluku nuk \u00ebsht\u00eb shfaqur n\u00eb asnj\u00eb\u00a0 nga fotot e shp\u00ebrndara nga zyra e Ram\u00ebs n\u00eb mbledhjen e grupit t\u00eb deputet\u00ebve t\u00eb PS, nd\u00ebrkoh\u00eb q\u00eb Rama ka b\u00ebr\u00eb thirrje q\u00eb strukturat e PS t\u00eb jen\u00eb gati p\u00ebr zgjedhje n\u00eb cdo koh\u00eb. Kriza politike sikurse duket po precipiton shum\u00eb m\u00eb shpejt nga sa ishte menduar.<\/p>\n<p>Burime nga selia roz\u00eb b\u00ebjn\u00eb me dije se Rama k\u00ebrkoi nga drejtuesit e strukturave t\u00eb partis\u00eb q\u00eb t\u00eb punojn\u00eb p\u00ebr rinovimin dhe energjizimin e tyre.<\/p>\n<p>Gjithashtu, gjat\u00eb takimit u theksua r\u00ebnd\u00ebsia e vazhdimit t\u00eb komunikimit me baz\u00ebn dhe intensifikimit t\u00eb takimeve me qytetar\u00ebt, si dhe p\u00ebrgatitja p\u00ebr zgjedhje n\u00eb \u00e7do koh\u00eb n\u00eb Tiran\u00eb.<\/p>\n<p>Kjo mbledhje vjen n\u00eb nj\u00eb koh\u00eb kur Gjykata Kushtuese rr\u00ebzoi vendimin e qeveris\u00eb p\u00ebr shkarkimin e Erion Veliajt nga posti i kryebashkiakut t\u00eb Tiran\u00ebs dhe anulimin e dekretit t\u00eb Presidentit p\u00ebr zgjedhjet n\u00eb Tiran\u00eb.<\/p>\n<p>Po ashtu, mbledhja u mbajt pak dit\u00eb pas marrjes t\u00eb pandehur nga SPAK t\u00eb zv.kryeministres Belinda Balluku p\u00ebr shkelje t\u00eb barazis\u00eb n\u00eb tenderin e Llogaras\u00eb, e cila gjithashtu \u00ebsht\u00eb drejtuese politike e zgjedhjeve n\u00eb Tiran\u00eb.<\/p>\n","protected":false},"excerpt":{"rendered":"<p>Belinda Balluku nuk \u00ebsht\u00eb shfaqur n\u00eb asnj\u00eb\u00a0 nga fotot e shp\u00ebrndara nga zyra e Ram\u00ebs n\u00eb mbledhjen e grupit t\u00eb deputet\u00ebve t\u00eb PS, nd\u00ebrkoh\u00eb q\u00eb Rama ka b\u00ebr\u00eb thirrje q\u00eb strukturat e PS t\u00eb jen\u00eb gati p\u00ebr zgjedhje n\u00eb cdo koh\u00eb. Kriza politike sikurse duket po precipiton shum\u00eb m\u00eb shpejt nga sa ishte menduar. Burime &hellip;<\/p>\n","protected":false},"author":3,"featured_media":127585,"comment_status":"closed","ping_status":"closed","sticky":false,"template":"","format":"standard","meta":{"footnotes":""},"categories":[37],"tags":[],"class_list":["post-127583","post","type-post","status-publish","format-standard","has-post-thumbnail","","category-politike"],"_links":{"self":[{"href":"https:\/\/rdnews.al\/index.php\/wp-json\/wp\/v2\/posts\/127583","targetHints":{"allow":["GET"]}}],"collection":[{"href":"https:\/\/rdnews.al\/index.php\/wp-json\/wp\/v2\/posts"}],"about":[{"href":"https:\/\/rdnews.al\/index.php\/wp-json\/wp\/v2\/types\/post"}],"author":[{"embeddable":true,"href":"https:\/\/rdnews.al\/index.php\/wp-json\/wp\/v2\/users\/3"}],"replies":[{"embeddable":true,"href":"https:\/\/rdnews.al\/index.php\/wp-json\/wp\/v2\/comments?post=127583"}],"version-history":[{"count":1,"href":"https:\/\/rdnews.al\/index.php\/wp-json\/wp\/v2\/posts\/127583\/revisions"}],"predecessor-version":[{"id":127587,"href":"https:\/\/rdnews.al\/index.php\/wp-json\/wp\/v2\/posts\/127583\/revisions\/127587"}],"wp:featuredmedia":[{"embeddable":true,"href":"https:\/\/rdnews.al\/index.php\/wp-json\/wp\/v2\/media\/127585"}],"wp:attachment":[{"href":"https:\/\/rdnews.al\/index.php\/wp-json\/wp\/v2\/media?parent=127583"}],"wp:term":[{"taxonomy":"category","embeddable":true,"href":"https:\/\/rdnews.al\/index.php\/wp-json\/wp\/v2\/categories?post=127583"},{"taxonomy":"post_tag","embeddable":true,"href":"https:\/\/rdnews.al\/index.php\/wp-json\/wp\/v2\/tags?post=127583"}],"curies":[{"name":"wp","href":"https:\/\/api.w.org\/{rel}","templated":true}]}}