{"id":127722,"date":"2025-11-06T20:57:36","date_gmt":"2025-11-06T20:57:36","guid":{"rendered":"https:\/\/rdnews.al\/?p=127722"},"modified":"2025-11-06T22:07:33","modified_gmt":"2025-11-06T22:07:33","slug":"berisha-nuk-fyeva-askend-perdora-nje-deklarate-te-thene-vete-nga-ambasadori","status":"publish","type":"post","link":"https:\/\/rdnews.al\/index.php\/2025\/11\/06\/berisha-nuk-fyeva-askend-perdora-nje-deklarate-te-thene-vete-nga-ambasadori\/","title":{"rendered":"Berisha: Nuk fyeva ask\u00ebnd, p\u00ebrdora nj\u00eb deklarat\u00eb t\u00eb th\u00ebn\u00eb nga vet\u00eb ambasadori!"},"content":{"rendered":"<p>Kryetari i PD, Sali Berisha, ka reaguar pas deklarat\u00ebs s\u00eb Komisioneres p\u00ebr Zgjerimin, Marta Kos, e cila e cil\u00ebsoi \u201csulm t\u00eb papranuesh\u00ebm\u201d deklarat\u00ebn e tij ndaj ambasadorit t\u00eb BE-s\u00eb n\u00eb Tiran\u00eb, Silvio Gonzato.<\/p>\n<p>Gjat\u00eb deklarat\u00ebs p\u00ebr mediat nga oborri i parlamentit, Berisha u shpreh se, nuk kishte asnj\u00eb q\u00ebllim fyes dhe se kishte cituar publikisht nj\u00eb deklarat\u00eb t\u00eb b\u00ebr\u00eb nga vet\u00eb ambasadori.<\/p>\n<p>Berisha tha se, n\u00ebse ambasadori e konsideron fyerje, un\u00eb sigurisht do ta rikonsideroj q\u00ebndrimin dhe i k\u00ebrkoj falje, por nuk ishte asnj\u00ebher\u00eb me q\u00ebllim fyes.\u2019<\/p>\n<p><strong>Pyetje: Marta Kos, Komisionerja p\u00ebr zgjerimin e ka cil\u00ebsuar sulm t\u00eb papranuesh\u00ebm deklarat\u00ebn tuaj p\u00ebr ambasadorin Gonzato dhe thekson se barazia gjinore \u00ebsht\u00eb n\u00eb linj\u00eb me direktivat e BE. Keni k\u00ebrkim falje p\u00ebr ambasadorin?<\/strong><\/p>\n<p><strong>Sali Berisha:<\/strong>\u00a0Gj\u00ebja m\u00eb e thjesht\u00eb p\u00ebr mua \u00ebsht\u00eb t\u00eb k\u00ebrkoj falje. Por n\u00ebqoft\u00ebse ambasadori Gonzato nj\u00eb deklarat\u00eb t\u00eb b\u00ebr\u00eb publike vet\u00eb se, kam qen\u00eb i martuar dhe djalin e vog\u00ebl e kam 31 vje\u00e7 dhe tani jetoj me nj\u00eb partner, ose jam i martuar me nj\u00eb burr\u00eb, dhe kjo deklarat\u00eb u p\u00ebrdor nga un\u00eb m\u00ebnyr\u00eb absolute pa asnj\u00eb intension fyerje, pasi un\u00eb jam autori i nj\u00eb ligji q\u00eb i ka dh\u00ebn\u00eb fund n\u00eb m\u00ebnyr\u00eb p\u00ebrfundimtare, \u00e7do forme diskriminimi.<\/p>\n<p>Thash\u00eb k\u00ebtu q\u00eb ai vet\u00eb ka qen\u00eb binar dhe pastaj ka ndryshuar mendje. N\u00ebse rip\u00ebrs\u00ebris deklarat\u00ebn q\u00eb ka b\u00ebr\u00eb vet\u00eb, un\u00eb nuk di se \u00e7far\u00eb fyerje. Un\u00eb nuk kisha b\u00ebr\u00eb asnj\u00eb hetim n\u00eb jet\u00ebn e tij, absolutisht, as merrem me jet\u00ebn e asnj\u00eb njeriu. Por e d\u00ebgjova, e tha vet\u00eb dhe un\u00eb thash\u00eb q\u00eb ka b\u00ebr\u00eb k\u00ebt\u00eb deklarat\u00eb.<\/p>\n<p>Se si qenka fyerje kjo, un\u00eb nuk e konceptoj. Kam p\u00ebrdorur nj\u00eb deklarat\u00eb q\u00eb e ka th\u00ebn\u00eb vet\u00eb. Por n\u00ebse ai e konsideron k\u00ebt\u00eb fyerje, at\u00ebher\u00eb mua sigurisht do ta rikonsideroj q\u00ebndrimin tim, i k\u00ebrkoj t\u00eb falur, nuk kam asnj\u00eb hetizim. Por nuk ishte p\u00ebr fyerje, nuk p\u00ebrb\u00ebn fyerje.<\/p>\n","protected":false},"excerpt":{"rendered":"<p>Kryetari i PD, Sali Berisha, ka reaguar pas deklarat\u00ebs s\u00eb Komisioneres p\u00ebr Zgjerimin, Marta Kos, e cila e cil\u00ebsoi \u201csulm t\u00eb papranuesh\u00ebm\u201d deklarat\u00ebn e tij ndaj ambasadorit t\u00eb BE-s\u00eb n\u00eb Tiran\u00eb, Silvio Gonzato. Gjat\u00eb deklarat\u00ebs p\u00ebr mediat nga oborri i parlamentit, Berisha u shpreh se, nuk kishte asnj\u00eb q\u00ebllim fyes dhe se kishte cituar publikisht &hellip;<\/p>\n","protected":false},"author":4,"featured_media":127723,"comment_status":"closed","ping_status":"closed","sticky":false,"template":"","format":"standard","meta":{"footnotes":""},"categories":[134],"tags":[],"class_list":["post-127722","post","type-post","status-publish","format-standard","has-post-thumbnail","","category-news"],"_links":{"self":[{"href":"https:\/\/rdnews.al\/index.php\/wp-json\/wp\/v2\/posts\/127722","targetHints":{"allow":["GET"]}}],"collection":[{"href":"https:\/\/rdnews.al\/index.php\/wp-json\/wp\/v2\/posts"}],"about":[{"href":"https:\/\/rdnews.al\/index.php\/wp-json\/wp\/v2\/types\/post"}],"author":[{"embeddable":true,"href":"https:\/\/rdnews.al\/index.php\/wp-json\/wp\/v2\/users\/4"}],"replies":[{"embeddable":true,"href":"https:\/\/rdnews.al\/index.php\/wp-json\/wp\/v2\/comments?post=127722"}],"version-history":[{"count":2,"href":"https:\/\/rdnews.al\/index.php\/wp-json\/wp\/v2\/posts\/127722\/revisions"}],"predecessor-version":[{"id":127725,"href":"https:\/\/rdnews.al\/index.php\/wp-json\/wp\/v2\/posts\/127722\/revisions\/127725"}],"wp:featuredmedia":[{"embeddable":true,"href":"https:\/\/rdnews.al\/index.php\/wp-json\/wp\/v2\/media\/127723"}],"wp:attachment":[{"href":"https:\/\/rdnews.al\/index.php\/wp-json\/wp\/v2\/media?parent=127722"}],"wp:term":[{"taxonomy":"category","embeddable":true,"href":"https:\/\/rdnews.al\/index.php\/wp-json\/wp\/v2\/categories?post=127722"},{"taxonomy":"post_tag","embeddable":true,"href":"https:\/\/rdnews.al\/index.php\/wp-json\/wp\/v2\/tags?post=127722"}],"curies":[{"name":"wp","href":"https:\/\/api.w.org\/{rel}","templated":true}]}}