{"id":127733,"date":"2025-11-06T21:51:23","date_gmt":"2025-11-06T21:51:23","guid":{"rendered":"https:\/\/rdnews.al\/?p=127733"},"modified":"2025-11-07T11:35:10","modified_gmt":"2025-11-07T11:35:10","slug":"shba-po-e-ndjek-ky-eshte-fundi-politik-i-edi-rames-reagimi-pas-miratimit-te-ligjit-kriminal","status":"publish","type":"post","link":"https:\/\/rdnews.al\/index.php\/2025\/11\/06\/shba-po-e-ndjek-ky-eshte-fundi-politik-i-edi-rames-reagimi-pas-miratimit-te-ligjit-kriminal\/","title":{"rendered":"&#8220;SHBA po e ndjek&#8230; ky \u00ebsht\u00eb fundi politik i Ram\u00ebs&#8221;\/ Reagimi pas miratimit t\u00eb ligjit kriminal"},"content":{"rendered":"<p><strong>Enri \u00c7ENO<\/strong><\/p>\n<p>Sapo u miratua n\u00eb Parlament ligji q\u00eb godet n\u00eb zem\u00ebr vlerat tona: familjen, shoq\u00ebrin\u00eb dhe identitetin ton\u00eb komb\u00ebtar. Kjo nuk \u00ebsht\u00eb thjesht nj\u00eb vendimmarrje e gabuar \u2014 kjo \u00ebsht\u00eb shenja m\u00eb e qart\u00eb se projekti i rilindjes ka mbaruar.<\/p>\n<p>Ky \u00ebsht\u00eb fundi politik i Edi Ram\u00ebs.<\/p>\n<p>Me k\u00ebt\u00eb vot\u00eb, ai u shk\u00ebput p\u00ebrfundimisht nga shumica e k\u00ebtij populli dhe nga gjith\u00e7ka q\u00eb quhet tradit\u00eb, moral dhe komb.<\/p>\n<p>Nd\u00ebrkoh\u00eb, zhvillimet po v\u00ebzhgohen me kujdes edhe nga faktor\u00ebt nd\u00ebrkomb\u00ebtar\u00eb, p\u00ebrfshir\u00eb SHBA-n\u00eb. Kaq jam i lejuar ta deklaroj.<\/p>\n<p>T\u00eb tjerat do t\u2019i tregoj\u00eb koha shum\u00eb shpejt.<\/p>\n<p><strong><em>Autori \u00ebsht\u00eb Sekretar p\u00ebr Marr\u00ebdh\u00ebniet Nd\u00ebrkomb\u00ebtare n\u00eb PD<\/em><\/strong><\/p>\n<p>&nbsp;<\/p>\n","protected":false},"excerpt":{"rendered":"<p>Enri \u00c7ENO Sapo u miratua n\u00eb Parlament ligji q\u00eb godet n\u00eb zem\u00ebr vlerat tona: familjen, shoq\u00ebrin\u00eb dhe identitetin ton\u00eb komb\u00ebtar. Kjo nuk \u00ebsht\u00eb thjesht nj\u00eb vendimmarrje e gabuar \u2014 kjo \u00ebsht\u00eb shenja m\u00eb e qart\u00eb se projekti i rilindjes ka mbaruar. Ky \u00ebsht\u00eb fundi politik i Edi Ram\u00ebs. Me k\u00ebt\u00eb vot\u00eb, ai u shk\u00ebput p\u00ebrfundimisht &hellip;<\/p>\n","protected":false},"author":3,"featured_media":127734,"comment_status":"closed","ping_status":"closed","sticky":false,"template":"","format":"standard","meta":{"footnotes":""},"categories":[40],"tags":[],"class_list":["post-127733","post","type-post","status-publish","format-standard","has-post-thumbnail","","category-aktualitet"],"_links":{"self":[{"href":"https:\/\/rdnews.al\/index.php\/wp-json\/wp\/v2\/posts\/127733","targetHints":{"allow":["GET"]}}],"collection":[{"href":"https:\/\/rdnews.al\/index.php\/wp-json\/wp\/v2\/posts"}],"about":[{"href":"https:\/\/rdnews.al\/index.php\/wp-json\/wp\/v2\/types\/post"}],"author":[{"embeddable":true,"href":"https:\/\/rdnews.al\/index.php\/wp-json\/wp\/v2\/users\/3"}],"replies":[{"embeddable":true,"href":"https:\/\/rdnews.al\/index.php\/wp-json\/wp\/v2\/comments?post=127733"}],"version-history":[{"count":4,"href":"https:\/\/rdnews.al\/index.php\/wp-json\/wp\/v2\/posts\/127733\/revisions"}],"predecessor-version":[{"id":127738,"href":"https:\/\/rdnews.al\/index.php\/wp-json\/wp\/v2\/posts\/127733\/revisions\/127738"}],"wp:featuredmedia":[{"embeddable":true,"href":"https:\/\/rdnews.al\/index.php\/wp-json\/wp\/v2\/media\/127734"}],"wp:attachment":[{"href":"https:\/\/rdnews.al\/index.php\/wp-json\/wp\/v2\/media?parent=127733"}],"wp:term":[{"taxonomy":"category","embeddable":true,"href":"https:\/\/rdnews.al\/index.php\/wp-json\/wp\/v2\/categories?post=127733"},{"taxonomy":"post_tag","embeddable":true,"href":"https:\/\/rdnews.al\/index.php\/wp-json\/wp\/v2\/tags?post=127733"}],"curies":[{"name":"wp","href":"https:\/\/api.w.org\/{rel}","templated":true}]}}