{"id":127747,"date":"2025-11-07T09:34:54","date_gmt":"2025-11-07T09:34:54","guid":{"rendered":"https:\/\/rdnews.al\/?p=127747"},"modified":"2025-11-07T09:34:54","modified_gmt":"2025-11-07T09:34:54","slug":"une-ketu-nuk-e-ndaj-se-ku-fillon-alex-i-e-ku-mbaron-kos-i","status":"publish","type":"post","link":"https:\/\/rdnews.al\/index.php\/2025\/11\/07\/une-ketu-nuk-e-ndaj-se-ku-fillon-alex-i-e-ku-mbaron-kos-i\/","title":{"rendered":"Un\u00eb k\u00ebtu nuk e ndaj se ku fillon Alex-i e ku mbaron Kos-i"},"content":{"rendered":"<p><strong>Nga Lu\u00e7iano BO\u00c7I<\/strong><\/p>\n<p>E na del kjo Zonja Woke, e cila tani me ligjin e Ram\u00ebs q\u00eb e mbron si t\u00eb BE-s\u00eb, (p\u00ebr ironi nuk mund t\u00eb thirret as Zonj\u00eb, sepse quhet term binar me \u201cndjeshm\u00ebri gjinore\u201d q\u00eb krijon diskriminim gjinor) e na viktimizon Gonzaton.<\/p>\n<p>Tani Rama me ligjin e tij do ta th\u00ebrras\u00eb Kos-in jo \u201cZonja Kos\u201d, por \u201cperson me p\u00ebrkat\u00ebsi vet\u00ebp\u00ebrcaktuese Kos\u201d\u2026<\/p>\n<p>Kos-i duhet ta m\u00ebsoj mir\u00eb se direktivat e BE flasin p\u00ebr barazi midis gruas e burrit e jo p\u00ebr \u201cp\u00ebrkat\u00ebsi t\u00eb shum\u00ebfisht\u00eb gjinore\u201d.<\/p>\n<p>N\u00eb vend t\u00eb reagoj\u00eb p\u00ebr korrupsionin, zgjedhjet e grabitura, trafikun e drog\u00ebs, partin\u00eb-shtet, t\u00eb gjitha t\u00eb shkruara n\u00eb dokumentat e BE, personi me p\u00ebrkat\u00ebsi vet\u00ebp\u00ebrcaktuese Kos, i turret opozit\u00ebs si cerber i portave t\u00eb ferrit t\u00eb Ram\u00ebs, e mbron nj\u00eb ligj t\u00eb turpsh\u00ebm antifamilje!<\/p>\n<p><img decoding=\"async\" src=\"https:\/\/scontent.ftia9-1.fna.fbcdn.net\/v\/t39.30808-6\/577809848_1394236668737522_5828941151479432271_n.jpg?_nc_cat=111&amp;ccb=1-7&amp;_nc_sid=833d8c&amp;_nc_ohc=ZvTNb08BAtcQ7kNvwGEAtDG&amp;_nc_oc=AdkJbNBfqt5s15OgLiDIcdRl4ZPbkct8yJTIW_SzFjgVlAnfn_Q5NzGlnCPPeqhabVM&amp;_nc_zt=23&amp;_nc_ht=scontent.ftia9-1.fna&amp;_nc_gid=8eji_yPieP58CWd2jBPxLg&amp;oh=00_AfhQ1Npby_baaHN_MpIJjUm7AK_D0NQcPcUW-UWstrvIsw&amp;oe=6913950E\" alt=\"P\u00ebrshkrimi i fotografis\u00eb nuk \u00ebsht\u00eb i disponuesh\u00ebm.\" \/><\/p>\n","protected":false},"excerpt":{"rendered":"<p>Nga Lu\u00e7iano BO\u00c7I E na del kjo Zonja Woke, e cila tani me ligjin e Ram\u00ebs q\u00eb e mbron si t\u00eb BE-s\u00eb, (p\u00ebr ironi nuk mund t\u00eb thirret as Zonj\u00eb, sepse quhet term binar me \u201cndjeshm\u00ebri gjinore\u201d q\u00eb krijon diskriminim gjinor) e na viktimizon Gonzaton. Tani Rama me ligjin e tij do ta th\u00ebrras\u00eb Kos-in &hellip;<\/p>\n","protected":false},"author":4,"featured_media":127597,"comment_status":"closed","ping_status":"closed","sticky":false,"template":"","format":"standard","meta":{"footnotes":""},"categories":[44],"tags":[],"class_list":["post-127747","post","type-post","status-publish","format-standard","has-post-thumbnail","","category-editorial"],"_links":{"self":[{"href":"https:\/\/rdnews.al\/index.php\/wp-json\/wp\/v2\/posts\/127747","targetHints":{"allow":["GET"]}}],"collection":[{"href":"https:\/\/rdnews.al\/index.php\/wp-json\/wp\/v2\/posts"}],"about":[{"href":"https:\/\/rdnews.al\/index.php\/wp-json\/wp\/v2\/types\/post"}],"author":[{"embeddable":true,"href":"https:\/\/rdnews.al\/index.php\/wp-json\/wp\/v2\/users\/4"}],"replies":[{"embeddable":true,"href":"https:\/\/rdnews.al\/index.php\/wp-json\/wp\/v2\/comments?post=127747"}],"version-history":[{"count":1,"href":"https:\/\/rdnews.al\/index.php\/wp-json\/wp\/v2\/posts\/127747\/revisions"}],"predecessor-version":[{"id":127748,"href":"https:\/\/rdnews.al\/index.php\/wp-json\/wp\/v2\/posts\/127747\/revisions\/127748"}],"wp:featuredmedia":[{"embeddable":true,"href":"https:\/\/rdnews.al\/index.php\/wp-json\/wp\/v2\/media\/127597"}],"wp:attachment":[{"href":"https:\/\/rdnews.al\/index.php\/wp-json\/wp\/v2\/media?parent=127747"}],"wp:term":[{"taxonomy":"category","embeddable":true,"href":"https:\/\/rdnews.al\/index.php\/wp-json\/wp\/v2\/categories?post=127747"},{"taxonomy":"post_tag","embeddable":true,"href":"https:\/\/rdnews.al\/index.php\/wp-json\/wp\/v2\/tags?post=127747"}],"curies":[{"name":"wp","href":"https:\/\/api.w.org\/{rel}","templated":true}]}}