{"id":127838,"date":"2025-11-07T18:36:05","date_gmt":"2025-11-07T18:36:05","guid":{"rendered":"https:\/\/rdnews.al\/?p=127838"},"modified":"2025-11-07T18:36:05","modified_gmt":"2025-11-07T18:36:05","slug":"na-i-kurseni-urimet-e-pashkeve-dhe-te-bajramit","status":"publish","type":"post","link":"https:\/\/rdnews.al\/index.php\/2025\/11\/07\/na-i-kurseni-urimet-e-pashkeve-dhe-te-bajramit\/","title":{"rendered":"Na i kurseni urimet e Pashk\u00ebve dhe t\u00eb Bajramit"},"content":{"rendered":"<p><strong>Nga Mark PASHKJA <\/strong><\/p>\n<p>Ligji i shum\u00ebp\u00ebrfolur p\u00ebr barazin\u00eb gjinore u miratua. Ashtu shpejt e shpejt, n\u00eb or\u00ebt e vona t\u00eb nat\u00ebs, pa diskutim dhe me nj\u00eb shpejt\u00ebsi rrufe. Shtat\u00ebdhjet\u00eb e shtat\u00eb burra dhe gra votuan nj\u00eb ligj sipas t\u00eb cilit gjinia nuk p\u00ebrcaktohet m\u00eb nga t\u00ebr\u00ebsia e tipareve natyrore q\u00eb dallojn\u00eb mashkullin nga femra, por nga rolet e nd\u00ebrtuara n\u00eb kontekstin shoq\u00ebror. Ne q\u00eb e refuzojm\u00eb, na thon\u00eb se nuk e kemi lexuar ose nuk e kuptojm\u00eb.<\/p>\n<p>\u00cbsht\u00eb shum\u00eb e \u00e7uditshme sesi, pas \u00e7do drafti q\u00eb ndryshonte dy a tri her\u00eb \u2014 p\u00ebr t\u00eb mos ndryshuar n\u00eb thelb fare \u2014 individ\u00eb dhe aktivist\u00eb t\u00eb komunitetit LGBTQ+ p\u00ebrpiqeshin t\u00eb na bindnin se nuk \u00ebsht\u00eb ashtu si\u00e7 duket. Megjithat\u00eb, ligji kaloi.<\/p>\n<p>T\u00eb gjith\u00eb deputet\u00ebt q\u00eb e miratuan nuk duhet t\u00eb harrojn\u00eb se, p\u00ebrpara se t\u00eb jen\u00eb politikan\u00eb, jan\u00eb ose do t\u00eb jen\u00eb prind\u00ebr. N\u00eb rastin m\u00eb t\u00eb thjesht\u00eb, edhe ata vet\u00eb vijn\u00eb nga prind\u00ebr mashkull e fem\u00ebr \u2014 nga n\u00ebn\u00eb dhe baba. Hap\u00ebsirat q\u00eb ky ligj l\u00eb p\u00ebr deformime t\u00eb m\u00ebvonshme, n\u00eb k\u00ebt\u00eb kontekst, jan\u00eb m\u00ebse t\u00eb qarta. Mos harroni se liria e nd\u00ebrgjegjes \u00ebsht\u00eb gj\u00ebja m\u00eb e shenjt\u00eb p\u00ebr njeriun dhe ajo i jep atij dinjitetin.<\/p>\n<p>N\u00eb raste festash fetare ju kam par\u00eb tek p\u00ebrpiqeni me shum\u00eb kujdes t\u00eb gjeni foto kishash apo xhamish; po aq kujdes tregoni edhe n\u00eb zgjedhjen e fjal\u00ebve p\u00ebr t\u00eb uruar Bajramin apo Pashk\u00ebt. Por ky ligj q\u00eb miratuat \u00ebsht\u00eb krejt e kund\u00ebrta e asaj q\u00eb predikohet n\u00eb k\u00ebto institucione dhe q\u00eb p\u00ebrcillet p\u00ebrmes k\u00ebtyre festave.<\/p>\n<p>N\u00ebse arrini t\u00eb gjeni fjal\u00ebt e duhura p\u00ebr t\u2019u justifikuar, mos harroni: Zoti e di t\u00eb v\u00ebrtet\u00ebn. At\u00eb nuk mund ta g\u00ebnjejm\u00eb. Ai e di se ka vet\u00ebm nj\u00eb t\u00eb v\u00ebrtet\u00eb.<\/p>\n<p>Nuk dua dhe nuk kam p\u00ebr q\u00ebllim t\u00eb mas fen\u00eb, besimin apo mosbesimin e askujt, por ju lutem \u2014 t\u00eb pakt\u00ebn p\u00ebr Bajram e p\u00ebr Pashk\u00eb, na i kurseni urimet. Heshtja vlen m\u00eb shum\u00eb se hipokrizia.<\/p>\n","protected":false},"excerpt":{"rendered":"<p>Nga Mark PASHKJA Ligji i shum\u00ebp\u00ebrfolur p\u00ebr barazin\u00eb gjinore u miratua. Ashtu shpejt e shpejt, n\u00eb or\u00ebt e vona t\u00eb nat\u00ebs, pa diskutim dhe me nj\u00eb shpejt\u00ebsi rrufe. Shtat\u00ebdhjet\u00eb e shtat\u00eb burra dhe gra votuan nj\u00eb ligj sipas t\u00eb cilit gjinia nuk p\u00ebrcaktohet m\u00eb nga t\u00ebr\u00ebsia e tipareve natyrore q\u00eb dallojn\u00eb mashkullin nga femra, por &hellip;<\/p>\n","protected":false},"author":4,"featured_media":127839,"comment_status":"closed","ping_status":"closed","sticky":false,"template":"","format":"standard","meta":{"footnotes":""},"categories":[44],"tags":[],"class_list":["post-127838","post","type-post","status-publish","format-standard","has-post-thumbnail","","category-editorial"],"_links":{"self":[{"href":"https:\/\/rdnews.al\/index.php\/wp-json\/wp\/v2\/posts\/127838","targetHints":{"allow":["GET"]}}],"collection":[{"href":"https:\/\/rdnews.al\/index.php\/wp-json\/wp\/v2\/posts"}],"about":[{"href":"https:\/\/rdnews.al\/index.php\/wp-json\/wp\/v2\/types\/post"}],"author":[{"embeddable":true,"href":"https:\/\/rdnews.al\/index.php\/wp-json\/wp\/v2\/users\/4"}],"replies":[{"embeddable":true,"href":"https:\/\/rdnews.al\/index.php\/wp-json\/wp\/v2\/comments?post=127838"}],"version-history":[{"count":1,"href":"https:\/\/rdnews.al\/index.php\/wp-json\/wp\/v2\/posts\/127838\/revisions"}],"predecessor-version":[{"id":127840,"href":"https:\/\/rdnews.al\/index.php\/wp-json\/wp\/v2\/posts\/127838\/revisions\/127840"}],"wp:featuredmedia":[{"embeddable":true,"href":"https:\/\/rdnews.al\/index.php\/wp-json\/wp\/v2\/media\/127839"}],"wp:attachment":[{"href":"https:\/\/rdnews.al\/index.php\/wp-json\/wp\/v2\/media?parent=127838"}],"wp:term":[{"taxonomy":"category","embeddable":true,"href":"https:\/\/rdnews.al\/index.php\/wp-json\/wp\/v2\/categories?post=127838"},{"taxonomy":"post_tag","embeddable":true,"href":"https:\/\/rdnews.al\/index.php\/wp-json\/wp\/v2\/tags?post=127838"}],"curies":[{"name":"wp","href":"https:\/\/api.w.org\/{rel}","templated":true}]}}