{"id":127872,"date":"2025-11-08T10:23:44","date_gmt":"2025-11-08T10:23:44","guid":{"rendered":"https:\/\/rdnews.al\/?p=127872"},"modified":"2025-11-08T10:24:10","modified_gmt":"2025-11-08T10:24:10","slug":"opozita-denoncon-show-n-e-radhes-te-qeverise-per-ndertimet-pa-leje-vangjeli-rama-mbron-kullat-e-oligarkeve-jo-ligjin","status":"publish","type":"post","link":"https:\/\/rdnews.al\/index.php\/2025\/11\/08\/opozita-denoncon-show-n-e-radhes-te-qeverise-per-ndertimet-pa-leje-vangjeli-rama-mbron-kullat-e-oligarkeve-jo-ligjin\/","title":{"rendered":"Opozita denoncon &#8220;show-n&#8221; e radh\u00ebs t\u00eb qeveris\u00eb p\u00ebr nd\u00ebrtimet pa leje, Vangjeli: Rama mbron kullat e oligark\u00ebve, jo ligjin!"},"content":{"rendered":"<p><strong>Deklarata e z\u00ebdh\u00ebn\u00ebses s\u00eb Antikorrupsionit n\u00eb PD, Genta Vangjeli:<\/strong><\/p>\n<p>Pak dit\u00eb m\u00eb par\u00eb, Ministrja e Brendshme Albana Ko\u00e7iu, e shoq\u00ebruar nga n\u00ebnkryetari i Bashkis\u00eb s\u00eb Tiran\u00ebs, Drejtori i P\u00ebrgjithsh\u00ebm i Policis\u00eb s\u00eb Shtetit dhe drejtoresha e IKMT-s\u00eb, inskenuan nj\u00eb tjet\u00ebr \u2018show\u2019 publik pran\u00eb liqenit t\u00eb That\u00eb n\u00eb Tiran\u00eb, p\u00ebr t\u00eb treguar \u2018p\u00ebrkushtimin\u2019 e qeveris\u00eb kund\u00ebr nd\u00ebrtimeve pa leje.<\/p>\n<p>N\u00ebse ky aksion do t\u00eb ishte real, Ministrja Ko\u00e7iu duhet ta kishte nisur pun\u00ebn vet\u00ebm pak metra larg zyr\u00ebs s\u00eb saj, n\u00eb qend\u00ebr t\u00eb kryeqytetit, aty ku po ngrihen kull\u00eb pas kulle.<\/p>\n<p>Le t\u00eb fillonte nga lejet e nd\u00ebrtimit apo katet shtes\u00eb t\u00eb \u2018Tirana\u2019s Rock\u2019, \u2018Book Building\u2019, \u2018MET Building Tirana\u2019, \u2018Eyes of Tirana\u2019, \u2018WEST Residence\u2019, \u2018Kulla Pyll\u2019, \u2018Kubi i Bllokut\u2019,\u00a0 \u2018Bound Tower\u2019 e shum\u00eb t\u00eb tjera.<\/p>\n<p>Pa harruar rezidencat luksoze si Tirana Festival City, Square 21, Fiori di Bosco, Tirana Splendor e dhjet\u00ebra projekte t\u00eb tjera gjigante q\u00eb kan\u00eb rrethuar kryeqytetin me beton dhe para t\u00eb pista.<\/p>\n<div class=\"wp-block-file\" data-wp-interactive=\"core\/file\"><object class=\"wp-block-file__embed\" data=\"https:\/\/pd.al\/wp-content\/uploads\/2025\/11\/1.pdf\" type=\"application\/pdf\" width=\"300\" height=\"150\" data-wp-bind--hidden=\"!state.hasPdfPreview\" aria-label=\"Trup\u00ebzim i Denoncimi i PD per ndertimet pa leje ne Tirane.\" data-mce-fragment=\"1\"><\/object><a id=\"wp-block-file--media-e6ee7872-cebf-4923-984e-052a35818cec\" href=\"https:\/\/pd.al\/wp-content\/uploads\/2025\/11\/1.pdf\" target=\"_blank\" rel=\"noopener\">Denoncimi i PD per ndertimet pa leje ne Tirane<\/a><a class=\"wp-block-file__button wp-element-button\" href=\"https:\/\/pd.al\/wp-content\/uploads\/2025\/11\/1.pdf\" download=\"\" aria-describedby=\"wp-block-file--media-e6ee7872-cebf-4923-984e-052a35818cec\" target=\"_blank\" rel=\"noopener\">Download<\/a><\/div>\n<p>Projekti i Edi Ram\u00ebs p\u00ebr ta mbushur Tiran\u00ebn me kulla shum\u00ebkat\u00ebshe \u00ebsht\u00eb quajtur nga ai vet\u00eb \u2018vizion europian\u2019, nd\u00ebrkoh\u00eb q\u00eb p\u00ebr qytetar\u00ebt e thjesht\u00eb ai \u00ebsht\u00eb kthyer n\u00eb nj\u00eb lavatri\u00e7e gjigante pastrimi parash.<\/p>\n<p>Nd\u00ebrsa deri n\u00eb vitin 2018, sheshi qendror i Tiran\u00ebs ishte i mbrojtur p\u00ebr shkak t\u00eb vler\u00ebs historike. Vet\u00ebm pas ndryshimeve t\u00eb b\u00ebra nga qeveria, kufiri i mbrojtjes u zhduk dhe kulla t\u00eb reja nis\u00ebn t\u00eb ngrihen nj\u00ebra pas tjetr\u00ebs.<\/p>\n<p>Sot, nj\u00eb met\u00ebr katror n\u00eb k\u00ebto godina kushton deri n\u00eb 5.000 euro, \u00e7mime k\u00ebto t\u00eb pap\u00ebrballueshme p\u00ebr banor\u00ebt e thjesht\u00eb t\u00eb cil\u00ebt nuk kan\u00eb vend n\u00eb to, prandaj shumica e tyre jan\u00eb bosh, shenj\u00eb e qart\u00eb e pastrimit t\u00eb parave q\u00eb po ndodh n\u00eb sy t\u00eb t\u00eb gjith\u00ebve.<\/p>\n<p>Kujtojm\u00eb se n\u00eb shtat\u00eb vitet e fundit, n\u00eb Tiran\u00eb jan\u00eb dh\u00ebn\u00eb leje nd\u00ebrtimi p\u00ebr rreth 12 milion\u00eb metra katror\u00eb sip\u00ebrfaqe banimi e komerciale, nj\u00eb pjes\u00eb e madhe e t\u00eb cilave n\u00eb qend\u00ebr t\u00eb qytetit, nd\u00ebrsa asnj\u00eb aksion i qeveris\u00eb nuk guxon t\u00eb afrohet te kullat.<\/p>\n<p>Arsyeja \u00ebsht\u00eb e thjesht\u00eb: pas tyre q\u00ebndron vet\u00eb Edi Rama.<\/p>\n<p>Partia Demokratike i b\u00ebn thirrje SPAK-ut t\u00eb hetoj\u00eb me urgjenc\u00eb:<\/p>\n<p>Lejet e nd\u00ebrtimit t\u00eb dh\u00ebna, dhe zbatimi i punimeve n\u00eb respekt t\u00eb tyre,<\/p>\n<p>Burimin e fondeve dhe skemat e pastrimit t\u00eb parave q\u00eb fshihen pas k\u00ebtyre projekteve,<\/p>\n<p>Lidhjet midis nd\u00ebrtuesve dhe funksionar\u00ebve t\u00eb lart\u00eb shtet\u00ebror\u00eb.<\/p>\n<p>K\u00ebto nd\u00ebrtime jan\u00eb kthyer n\u00eb simbol t\u00eb korrupsionit dhe pastrimit t\u00eb parave n\u00eb Shqip\u00ebri, duke u b\u00ebr\u00eb pjes\u00eb e raporteve nd\u00ebrkomb\u00ebtare dhe t\u00eb jehon\u00ebs negative n\u00eb mediat bot\u00ebrore.<\/p>\n","protected":false},"excerpt":{"rendered":"<p>Deklarata e z\u00ebdh\u00ebn\u00ebses s\u00eb Antikorrupsionit n\u00eb PD, Genta Vangjeli: Pak dit\u00eb m\u00eb par\u00eb, Ministrja e Brendshme Albana Ko\u00e7iu, e shoq\u00ebruar nga n\u00ebnkryetari i Bashkis\u00eb s\u00eb Tiran\u00ebs, Drejtori i P\u00ebrgjithsh\u00ebm i Policis\u00eb s\u00eb Shtetit dhe drejtoresha e IKMT-s\u00eb, inskenuan nj\u00eb tjet\u00ebr \u2018show\u2019 publik pran\u00eb liqenit t\u00eb That\u00eb n\u00eb Tiran\u00eb, p\u00ebr t\u00eb treguar \u2018p\u00ebrkushtimin\u2019 e qeveris\u00eb kund\u00ebr &hellip;<\/p>\n","protected":false},"author":4,"featured_media":127873,"comment_status":"closed","ping_status":"closed","sticky":false,"template":"","format":"standard","meta":{"footnotes":""},"categories":[37],"tags":[],"class_list":["post-127872","post","type-post","status-publish","format-standard","has-post-thumbnail","","category-politike"],"_links":{"self":[{"href":"https:\/\/rdnews.al\/index.php\/wp-json\/wp\/v2\/posts\/127872","targetHints":{"allow":["GET"]}}],"collection":[{"href":"https:\/\/rdnews.al\/index.php\/wp-json\/wp\/v2\/posts"}],"about":[{"href":"https:\/\/rdnews.al\/index.php\/wp-json\/wp\/v2\/types\/post"}],"author":[{"embeddable":true,"href":"https:\/\/rdnews.al\/index.php\/wp-json\/wp\/v2\/users\/4"}],"replies":[{"embeddable":true,"href":"https:\/\/rdnews.al\/index.php\/wp-json\/wp\/v2\/comments?post=127872"}],"version-history":[{"count":2,"href":"https:\/\/rdnews.al\/index.php\/wp-json\/wp\/v2\/posts\/127872\/revisions"}],"predecessor-version":[{"id":127875,"href":"https:\/\/rdnews.al\/index.php\/wp-json\/wp\/v2\/posts\/127872\/revisions\/127875"}],"wp:featuredmedia":[{"embeddable":true,"href":"https:\/\/rdnews.al\/index.php\/wp-json\/wp\/v2\/media\/127873"}],"wp:attachment":[{"href":"https:\/\/rdnews.al\/index.php\/wp-json\/wp\/v2\/media?parent=127872"}],"wp:term":[{"taxonomy":"category","embeddable":true,"href":"https:\/\/rdnews.al\/index.php\/wp-json\/wp\/v2\/categories?post=127872"},{"taxonomy":"post_tag","embeddable":true,"href":"https:\/\/rdnews.al\/index.php\/wp-json\/wp\/v2\/tags?post=127872"}],"curies":[{"name":"wp","href":"https:\/\/api.w.org\/{rel}","templated":true}]}}