{"id":127876,"date":"2025-11-08T10:32:00","date_gmt":"2025-11-08T10:32:00","guid":{"rendered":"https:\/\/rdnews.al\/?p=127876"},"modified":"2025-11-08T21:07:11","modified_gmt":"2025-11-08T21:07:11","slug":"vasili-zyrtaret-e-brukselit-te-degjojne-prokurorin-belg-moinil-perpara-se-te-puthen-me-ramen","status":"publish","type":"post","link":"https:\/\/rdnews.al\/index.php\/2025\/11\/08\/vasili-zyrtaret-e-brukselit-te-degjojne-prokurorin-belg-moinil-perpara-se-te-puthen-me-ramen\/","title":{"rendered":"Vasili: Zyrtar\u00ebt e Brukselit t\u00eb d\u00ebgjojn\u00eb prokurorin belg Moinil p\u00ebrpara se t\u00eb puthen me Ram\u00ebn!"},"content":{"rendered":"<p><strong>Nga Petrit V<\/strong><strong>ASILI<\/strong><\/p>\n<p>Skenat hipokrite t\u00eb ca zyrtar\u00ebve t\u00eb Brukselit q\u00eb kur vijn\u00eb n\u00eb Tiran\u00eb puthen e p\u00ebrqafohen me Ram\u00ebn jan\u00eb b\u00ebr\u00eb v\u00ebrtet nj\u00eb rutin\u00eb e p\u00ebshtir\u00eb.<\/p>\n<p>Gjithashtu t\u00eb p\u00ebshtira jan\u00eb b\u00ebr\u00eb edhe deklaratat me lavd\u00ebrime idiote p\u00ebr ca reforma imagjinare t\u00eb qeveris\u00eb, nd\u00ebrkoh\u00eb q\u00eb realiteti \u00ebsht\u00eb katastrofik, vendi shpopullohet friksh\u00ebm dhe Shqip\u00ebria \u00ebsht\u00eb kthyer n\u00eb narkoshtet.<\/p>\n<p>Por akoma m\u00eb e p\u00ebshtir\u00eb b\u00ebhet situata kur kujton se pik\u00ebrisht n\u00eb Bruksel, pak metra larg nga Komisioni Europian, prokuroria belge ka nd\u00ebrmarr\u00eb nj\u00eb hetim t\u00eb jasht\u00ebzakonsh\u00ebm dhe shum\u00eb t\u00eb r\u00ebnd\u00ebsish\u00ebm p\u00ebr narkokriminel\u00ebt shqiptar\u00eb, q\u00eb mb\u00ebshteten hapur nga qeveria dhe p\u00ebrdoren edhe p\u00ebr zgjedhje, si dhe p\u00ebr komunikimin me SKY ENCRO CHAT-in, t\u00eb p\u00ebrdorur nga politikan\u00eb dhe policia e korruptuar n\u00eb Shqip\u00ebri.<\/p>\n<p>Prokurori i njohur belg Julien Moinil, p\u00ebr asgj\u00ebsimin e t\u00eb cilit mafia shqiptare vendosi 1 milion euro, konfirmon p\u00ebr rrjetin e njohur francez investigativ BLAST se:<\/p>\n<p>\ud83d\udfe5 Hetimet SKY ECC nxor\u00ebn n\u00eb pah si \u201cfuqin\u00eb financiare\u201d t\u00eb mafies shqiptare, ashtu edhe \u201cpastrimin kolosal t\u00eb parave q\u00eb po ndodh aktualisht n\u00eb Shqip\u00ebri\u201d.<\/p>\n<p>\ud83d\udfe5 \u201cN\u00eb \u00e7\u00ebshtjen TOYOTA, zbuluam se hetuesja e prokuroris\u00eb kishte\u2026 nj\u00eb telefon SKY ECC. Ajo fyeu delegacionin belg dhe qartazi ishte e korruptuar. Kjo gj\u00eb t\u00eb vret nga tmerri.\u201d<\/p>\n<p>\ud83d\udfe5 \u201cM\u00eb vjen keq q\u00eb k\u00ebrkesat hetimore p\u00ebrfundojn\u00eb n\u00eb media,\u201d \u2013 vazhdon Moinil.<\/p>\n<p>\ud83d\udfe5 \u201cKjo nuk do t\u00eb thot\u00eb se nuk ka njer\u00ebz t\u00eb mir\u00eb, t\u00eb angazhuar p\u00ebr drejt\u00ebsin\u00eb, por ata shpejt bien n\u00ebn presionin e nj\u00eb sistemi t\u00eb shkat\u00ebrruar nga korrupsioni.\u201d<\/p>\n<p><strong>P\u00cbRFUNDIM:<\/strong><br \/>\nN\u00ebse n\u00eb Bruksel ka njer\u00ebz q\u00eb me vullnet t\u00eb plot\u00eb mbyllin syt\u00eb p\u00ebrpara kriminalizimit t\u00eb qeverisjes n\u00eb Shqip\u00ebri, opozita duhet ta refuzoj\u00eb me forc\u00eb nj\u00eb q\u00ebndrim t\u00eb till\u00eb.<\/p>\n<p>Opozita, pa asnj\u00eb kompleks dhe me gjuh\u00eb t\u00eb drejtp\u00ebrdrejt\u00eb, t\u2019u flas\u00eb k\u00ebtyre zyrtar\u00ebve me gjuh\u00ebn e fakteve, si\u00e7 b\u00ebn prokurori belg Julien Moinil.<\/p>\n<p>Kush mbyll syt\u00eb p\u00ebrpara pastrimit t\u00eb parave, shkat\u00ebrrimit t\u00eb zgjedhjeve, korrupsionit t\u00eb tmerrsh\u00ebm dhe kapjes s\u00eb drejt\u00ebsis\u00eb, nuk \u00ebsht\u00eb dhe nuk do t\u00eb jet\u00eb kurr\u00eb mik i Shqip\u00ebris\u00eb, por mik i narkotrafikant\u00ebve n\u00eb qeveri.<\/p>\n<p>Koha e oportunizmit, komplekseve t\u00eb inferioritetit dhe n\u00ebnshtrimit ndaj zyrtar\u00ebve t\u00eb huaj t\u00eb korruptuar ka marr\u00eb fund, sepse fati i Shqip\u00ebris\u00eb \u00ebsht\u00eb m\u00eb i rrezikuar se kurr\u00eb.<\/p>\n","protected":false},"excerpt":{"rendered":"<p>Nga Petrit VASILI Skenat hipokrite t\u00eb ca zyrtar\u00ebve t\u00eb Brukselit q\u00eb kur vijn\u00eb n\u00eb Tiran\u00eb puthen e p\u00ebrqafohen me Ram\u00ebn jan\u00eb b\u00ebr\u00eb v\u00ebrtet nj\u00eb rutin\u00eb e p\u00ebshtir\u00eb. Gjithashtu t\u00eb p\u00ebshtira jan\u00eb b\u00ebr\u00eb edhe deklaratat me lavd\u00ebrime idiote p\u00ebr ca reforma imagjinare t\u00eb qeveris\u00eb, nd\u00ebrkoh\u00eb q\u00eb realiteti \u00ebsht\u00eb katastrofik, vendi shpopullohet friksh\u00ebm dhe Shqip\u00ebria \u00ebsht\u00eb kthyer &hellip;<\/p>\n","protected":false},"author":4,"featured_media":123595,"comment_status":"closed","ping_status":"closed","sticky":false,"template":"","format":"standard","meta":{"footnotes":""},"categories":[134],"tags":[],"class_list":["post-127876","post","type-post","status-publish","format-standard","has-post-thumbnail","","category-news"],"_links":{"self":[{"href":"https:\/\/rdnews.al\/index.php\/wp-json\/wp\/v2\/posts\/127876","targetHints":{"allow":["GET"]}}],"collection":[{"href":"https:\/\/rdnews.al\/index.php\/wp-json\/wp\/v2\/posts"}],"about":[{"href":"https:\/\/rdnews.al\/index.php\/wp-json\/wp\/v2\/types\/post"}],"author":[{"embeddable":true,"href":"https:\/\/rdnews.al\/index.php\/wp-json\/wp\/v2\/users\/4"}],"replies":[{"embeddable":true,"href":"https:\/\/rdnews.al\/index.php\/wp-json\/wp\/v2\/comments?post=127876"}],"version-history":[{"count":1,"href":"https:\/\/rdnews.al\/index.php\/wp-json\/wp\/v2\/posts\/127876\/revisions"}],"predecessor-version":[{"id":127877,"href":"https:\/\/rdnews.al\/index.php\/wp-json\/wp\/v2\/posts\/127876\/revisions\/127877"}],"wp:featuredmedia":[{"embeddable":true,"href":"https:\/\/rdnews.al\/index.php\/wp-json\/wp\/v2\/media\/123595"}],"wp:attachment":[{"href":"https:\/\/rdnews.al\/index.php\/wp-json\/wp\/v2\/media?parent=127876"}],"wp:term":[{"taxonomy":"category","embeddable":true,"href":"https:\/\/rdnews.al\/index.php\/wp-json\/wp\/v2\/categories?post=127876"},{"taxonomy":"post_tag","embeddable":true,"href":"https:\/\/rdnews.al\/index.php\/wp-json\/wp\/v2\/tags?post=127876"}],"curies":[{"name":"wp","href":"https:\/\/api.w.org\/{rel}","templated":true}]}}