{"id":127895,"date":"2025-11-08T18:11:46","date_gmt":"2025-11-08T18:11:46","guid":{"rendered":"https:\/\/rdnews.al\/?p=127895"},"modified":"2025-11-08T18:11:58","modified_gmt":"2025-11-08T18:11:58","slug":"127895","status":"publish","type":"post","link":"https:\/\/rdnews.al\/index.php\/2025\/11\/08\/127895\/","title":{"rendered":"Trump: Afrika e Jugut gjenocid ndaj t\u00eb bardh\u00ebve, SHBA nuk do t\u00eb shkoj\u00eb n\u00eb G20"},"content":{"rendered":"<p>Presidenti Donald Trump ka th\u00ebn\u00eb se SHBA-t\u00eb nuk do t\u00eb marrin pjes\u00eb n\u00eb samitin e G20 n\u00eb Afrik\u00ebn e Jugut p\u00ebr shkak t\u00eb pretendimeve gjer\u00ebsisht t\u00eb diskredituara se njer\u00ebzit e bardh\u00eb po persekutohen n\u00eb vend.<\/p>\n<p>Presidenti amerikan tha se ishte nj\u00eb &#8220;turp i plot\u00eb&#8221; q\u00eb Afrika e Jugut po pret takimin, ku udh\u00ebheq\u00ebsit nga ekonomit\u00eb m\u00eb t\u00eb m\u00ebdha t\u00eb bot\u00ebs do t\u00eb mblidhen n\u00eb Johanesburg m\u00eb von\u00eb k\u00ebt\u00eb muaj.<\/p>\n<p>Ministria e Jashtme e Afrik\u00ebs s\u00eb Jugut e p\u00ebrshkroi vendimin e Sht\u00ebpis\u00eb s\u00eb Bardh\u00eb si &#8220;p\u00ebr keqardhje\u201d.<\/p>\n<p>Trump tha: \u201c\u00cbsht\u00eb nj\u00eb turp i plot\u00eb q\u00eb G20 do t\u00eb mbahet n\u00eb Afrik\u00ebn e Jugut.\u201d<\/p>\n<p>&#8220;Afrikaner\u00ebt (njer\u00ebz q\u00eb rrjedhin nga kolon\u00ebt holandez\u00eb, si dhe nga emigrant\u00ebt francez\u00eb dhe gjerman\u00eb) po vriten dhe masakrohen, dhe tokat dhe fermat e tyre po konfiskohen ilegalisht&#8221;, shtoi ai.<\/p>\n<p>&#8220;Asnj\u00eb zyrtar i qeveris\u00eb amerikane nuk do t\u00eb marr\u00eb pjes\u00eb p\u00ebr sa koh\u00eb q\u00eb vazhdojn\u00eb k\u00ebto abuzime me t\u00eb drejtat e njeriut.&#8221;<\/p>\n<p>Trump kishte th\u00ebn\u00eb m\u00eb par\u00eb se Afrika e Jugut nuk duhet t\u00eb jet\u00eb fare n\u00eb G20 dhe se ai do t\u00eb d\u00ebrgonte JD Vance, n\u00eb vend q\u00eb t\u00eb merrte pjes\u00eb vet\u00eb.<\/p>\n<p>Por tani Sht\u00ebpia e Bardh\u00eb thot\u00eb se asnj\u00eb zyrtar amerikan nuk do t\u00eb shkoj\u00eb.<\/p>\n<p>\u00c7do vit, nj\u00eb shtet an\u00ebtar i ndrysh\u00ebm pret G20 dhe p\u00ebrcakton agjend\u00ebn p\u00ebr samitin &#8211; me SHBA-n\u00eb q\u00eb do t\u00eb marr\u00eb radh\u00ebn pas Afrik\u00ebs s\u00eb Jugut.<\/p>\n<p>Q\u00eb kur u rikthye n\u00eb detyr\u00eb n\u00eb janar, Trump e ka akuzuar vazhdimisht Afrik\u00ebn e Jugut p\u00ebr diskriminim ndaj pakic\u00ebs s\u00eb bardh\u00eb, p\u00ebrfshir\u00eb edhe n\u00eb maj kur u p\u00ebrball me homologun e tij t\u00eb Afrik\u00ebs s\u00eb Jugut, Cyril Ramaphosa, n\u00eb Zyr\u00ebn Ovale.<\/p>\n<p>Administrata Trump u ka dh\u00ebn\u00eb afrikano-jugor\u00ebve statusin e refugjatit, duke deklaruar se n\u00eb Afrik\u00ebn e Jugut po ndodh nj\u00eb &#8220;gjenocid&#8221;.<\/p>\n","protected":false},"excerpt":{"rendered":"<p>Presidenti Donald Trump ka th\u00ebn\u00eb se SHBA-t\u00eb nuk do t\u00eb marrin pjes\u00eb n\u00eb samitin e G20 n\u00eb Afrik\u00ebn e Jugut p\u00ebr shkak t\u00eb pretendimeve gjer\u00ebsisht t\u00eb diskredituara se njer\u00ebzit e bardh\u00eb po persekutohen n\u00eb vend. Presidenti amerikan tha se ishte nj\u00eb &#8220;turp i plot\u00eb&#8221; q\u00eb Afrika e Jugut po pret takimin, ku udh\u00ebheq\u00ebsit nga ekonomit\u00eb &hellip;<\/p>\n","protected":false},"author":4,"featured_media":127896,"comment_status":"closed","ping_status":"closed","sticky":false,"template":"","format":"standard","meta":{"footnotes":""},"categories":[38],"tags":[],"class_list":["post-127895","post","type-post","status-publish","format-standard","has-post-thumbnail","","category-bota"],"_links":{"self":[{"href":"https:\/\/rdnews.al\/index.php\/wp-json\/wp\/v2\/posts\/127895","targetHints":{"allow":["GET"]}}],"collection":[{"href":"https:\/\/rdnews.al\/index.php\/wp-json\/wp\/v2\/posts"}],"about":[{"href":"https:\/\/rdnews.al\/index.php\/wp-json\/wp\/v2\/types\/post"}],"author":[{"embeddable":true,"href":"https:\/\/rdnews.al\/index.php\/wp-json\/wp\/v2\/users\/4"}],"replies":[{"embeddable":true,"href":"https:\/\/rdnews.al\/index.php\/wp-json\/wp\/v2\/comments?post=127895"}],"version-history":[{"count":2,"href":"https:\/\/rdnews.al\/index.php\/wp-json\/wp\/v2\/posts\/127895\/revisions"}],"predecessor-version":[{"id":127898,"href":"https:\/\/rdnews.al\/index.php\/wp-json\/wp\/v2\/posts\/127895\/revisions\/127898"}],"wp:featuredmedia":[{"embeddable":true,"href":"https:\/\/rdnews.al\/index.php\/wp-json\/wp\/v2\/media\/127896"}],"wp:attachment":[{"href":"https:\/\/rdnews.al\/index.php\/wp-json\/wp\/v2\/media?parent=127895"}],"wp:term":[{"taxonomy":"category","embeddable":true,"href":"https:\/\/rdnews.al\/index.php\/wp-json\/wp\/v2\/categories?post=127895"},{"taxonomy":"post_tag","embeddable":true,"href":"https:\/\/rdnews.al\/index.php\/wp-json\/wp\/v2\/tags?post=127895"}],"curies":[{"name":"wp","href":"https:\/\/api.w.org\/{rel}","templated":true}]}}