{"id":127955,"date":"2025-11-10T12:11:21","date_gmt":"2025-11-10T12:11:21","guid":{"rendered":"https:\/\/rdnews.al\/?p=127955"},"modified":"2025-11-10T12:11:21","modified_gmt":"2025-11-10T12:11:21","slug":"berisha-opozita-ne-parlament-po-privohet-nga-e-drejta-kushtetuese-per-te-kontrolluar-ekzekutivin","status":"publish","type":"post","link":"https:\/\/rdnews.al\/index.php\/2025\/11\/10\/berisha-opozita-ne-parlament-po-privohet-nga-e-drejta-kushtetuese-per-te-kontrolluar-ekzekutivin\/","title":{"rendered":"Berisha: Opozita n\u00eb parlament po privohet nga e drejta kushtetuese p\u00ebr t\u00eb kontrolluar ekzekutivin! \u00a0"},"content":{"rendered":"<p>Kryetari i PD, Sali Berisha n\u00eb fjal\u00ebn e tij n\u00eb nisje t\u00eb mbledhjes s\u00eb grupit parlamentar tha se, opozita n\u00eb parlament po privohet nga e drejta e saj kushtetuese p\u00ebr t\u00eb kontrolluar ekzekutivin dhe zbatimin e ligjit.<\/p>\n<p>\u201cMblidhemi sot n\u00eb k\u00ebt\u00eb mbledhje jasht\u00eb radhe apo t\u00eb jasht\u00ebzakonshme t\u00eb grupit parlamentar p\u00ebr shkak t\u00eb nj\u00eb situate t\u00eb jasht\u00ebzakonshme n\u00eb t\u00eb cil\u00ebn ne ndodhemi p\u00ebr shkak t\u00eb vendosm\u00ebris\u00eb t\u00eb pandalshme t\u00eb narkoqeveris\u00eb p\u00ebr t\u00eb shtypur me t\u00eb gjitha potencialet opozit\u00ebn dhe opozitarizmin.<\/p>\n<p>P\u00ebr ta shnd\u00ebrruar at\u00eb n\u00eb nj\u00eb veg\u00ebl apo n\u00eb nj\u00eb instrument pa vler\u00eb p\u00ebr asnj\u00eb funksion p\u00ebr qytetar\u00ebt, mbrojtjen e interesave t\u00eb tyre, p\u00ebr t\u2019ia mbyllur asaj goj\u00ebn, de facto p\u00ebr ta asgj\u00ebsuar at\u00eb politikisht si forc\u00eb politike parlamentare.<\/p>\n<p>Ne jemi d\u00ebshmitar\u00eb q\u00eb me seanc\u00ebn e fundit u b\u00ebn\u00eb 10 seanca parlamentare n\u00eb t\u00eb cilat qeveria n\u00eb 9 prej tyre i mohoi opozit\u00ebs \u00e7do debat p\u00ebr \u00e7do \u00e7\u00ebshtje q\u00eb erdhi n\u00eb parlament, duke filluar nga programi i qeveris\u00eb, miratimi i K\u00ebshillit t\u00eb Ministrave, duke p\u00ebrfunduar tek miratimi i buxhetit dhe \u00e7do gj\u00eb tjet\u00ebr.<\/p>\n<p>Ju jeni d\u00ebshmitar\u00eb sepse n\u00eb 10 seanca ka pasur vet\u00ebm nj\u00eb seanc\u00eb me debat dhe kjo ka qen\u00eb seanca ku \u00ebsht\u00eb diskutuar p\u00ebr institucionet e drejt\u00ebsis\u00eb.<\/p>\n<p>Jan\u00eb kaluar ligje, projektvendime, akte normative dhe n\u00eb asnj\u00ebr\u00ebn prej tyre n\u00eb m\u00ebnyr\u00eb absolute nuk \u00ebsht\u00eb lejuar opozita t\u00eb debatoj\u00eb, t\u00eb marr\u00eb fjal\u00ebn, t\u00eb paraqes\u00eb mendimet, t\u00eb mbroj\u00eb interesat e zgjedh\u00ebsve t\u00eb saj q\u00eb kan\u00eb votuar kund\u00ebr nj\u00eb qeverie si kurr\u00eb ndonj\u00ebher\u00eb n\u00eb historin\u00eb 33-vje\u00e7are t\u00eb parlamentit pluralist.<\/p>\n<p>Nuk ka ndodhur kurr\u00eb sepse nuk mund t\u00eb ndodh\u00eb si rregull.<\/p>\n<p>10 seanca parlamentare ku vet\u00ebm n\u00eb nj\u00ebr\u00ebn opozita ka pasur mund\u00ebsi t\u00eb shprehet.<\/p>\n<p>Dhe, t\u00eb mos harrojm\u00eb, 10 seanca parlamentare t\u00eb paraprira nga qindra mbledhje komisionesh, n\u00eb t\u00eb cilat opozita ka marr\u00eb pjes\u00eb n\u00eb m\u00ebnyr\u00ebn m\u00eb serioze. N\u00eb t\u00eb cilat opozita \u00ebsht\u00eb p\u00ebrkushtuar me seriozitetin m\u00eb t\u00eb madhe p\u00ebr t\u00eb paraqitur objeksionet, sugjerimet, propozimet p\u00ebr t\u00eb mbrojtur interesat e qytetar\u00ebve.<\/p>\n<p>Pra, me gjith\u00eb k\u00ebt\u00eb pun\u00eb shum\u00eb serioze q\u00eb ju keni b\u00ebr\u00eb n\u00eb komisionet parlamentare- dhe m\u00eb serioze shum\u00eb se puna e t\u00eb tjer\u00ebve- por kur vjen puna pas komisioneve n\u00eb aul\u00ebn e parlamentit, Edi Rama urdh\u00ebron t\u00eb mbyll\u00eb mikrofonat p\u00ebr opozit\u00ebn.<\/p>\n<p>Me gjith\u00eb kontrollin e jasht\u00ebzakonsh\u00ebm q\u00eb ka n\u00eb media, kontrollon m\u00eb shum\u00eb, m\u00eb leht\u00eb lajmet q\u00eb dalin nga komisionet parlamentare, por rikthimi apo mbyllja i veprimtaris\u00eb n\u00eb komisione, nj\u00eb veprimtari shum\u00eb serioze e deputet\u00ebve t\u00eb opozit\u00ebs, has n\u00eb asgj\u00ebsimin e t\u00eb drejt\u00ebs s\u00eb tyre p\u00ebr t\u00eb debatuar p\u00ebr ligjet, p\u00ebr projektet, p\u00ebr vendimet q\u00eb jan\u00eb miratuar n\u00eb ato komisione. Q\u00eb jan\u00eb hedhur posht\u00eb n\u00eb ato komisione.<\/p>\n<p>Jan\u00eb b\u00ebr\u00eb 10 seanca n\u00eb t\u00eb cilat si kurr\u00eb ndonj\u00ebher\u00eb n\u00eb histori, ministrat nuk lejohet t\u00eb vijn\u00eb n\u00eb interpelanca.<\/p>\n<p>Jan\u00eb b\u00ebr\u00eb 10 seanca q\u00eb refuzohet \u00e7do mocion me debat. T\u00eb drejta t\u00eb sanksionuara n\u00eb Kushtetut\u00eb k\u00ebto p\u00ebr opozit\u00ebn.<\/p>\n<p>Jan\u00eb b\u00ebr\u00eb 10 seanca, refuzohen n\u00eb m\u00ebnyr\u00eb antikushtetuese t\u00eb gjitha k\u00ebrkesat e opozit\u00ebs p\u00ebr komisione hetimore parlamentare.<\/p>\n<p>Pra, opozita privohet jo vet\u00ebm nga e drejta, por nga detyra e saj themelore p\u00ebr t\u00eb kontrolluar ekzekutivin, p\u00ebr t\u00eb kontrolluar zbatimin e ligjit.<\/p>\n<p>Nuk mund ta kryej\u00eb k\u00ebt\u00eb.<\/p>\n<p>N\u00eb t\u00ebr\u00ebsi ministrat nuk refuzojn\u00eb vet\u00ebm interpelancat, por refuzojn\u00eb edhe paraqitjen para komisioneve.<\/p>\n<p>Dhe nxjerrin mbi parlamentin ata q\u00eb nuk mund t\u00eb jen\u00eb kurr\u00eb, z\u00ebvend\u00ebsministrat apo drejtor\u00ebt.<\/p>\n<p>N\u00eb parlament, deputet\u00ebve u mohohen t\u00eb drejtat m\u00eb themelore q\u00eb Kushtetuta dhe rregullorja e parlamentit u garanton atyre.<\/p>\n<p>Opozita trajtohet si nj\u00eb vasale e partis\u00eb-shtet me t\u00eb cil\u00ebn ajo mund t\u00eb b\u00ebj\u00eb \u00e7\u2019t\u00eb doj\u00eb\u201d, u shpreh Berisha.<\/p>\n<p>&nbsp;<\/p>\n","protected":false},"excerpt":{"rendered":"<p>Kryetari i PD, Sali Berisha n\u00eb fjal\u00ebn e tij n\u00eb nisje t\u00eb mbledhjes s\u00eb grupit parlamentar tha se, opozita n\u00eb parlament po privohet nga e drejta e saj kushtetuese p\u00ebr t\u00eb kontrolluar ekzekutivin dhe zbatimin e ligjit. \u201cMblidhemi sot n\u00eb k\u00ebt\u00eb mbledhje jasht\u00eb radhe apo t\u00eb jasht\u00ebzakonshme t\u00eb grupit parlamentar p\u00ebr shkak t\u00eb nj\u00eb situate &hellip;<\/p>\n","protected":false},"author":4,"featured_media":127956,"comment_status":"closed","ping_status":"closed","sticky":false,"template":"","format":"standard","meta":{"footnotes":""},"categories":[37],"tags":[],"class_list":["post-127955","post","type-post","status-publish","format-standard","has-post-thumbnail","","category-politike"],"_links":{"self":[{"href":"https:\/\/rdnews.al\/index.php\/wp-json\/wp\/v2\/posts\/127955","targetHints":{"allow":["GET"]}}],"collection":[{"href":"https:\/\/rdnews.al\/index.php\/wp-json\/wp\/v2\/posts"}],"about":[{"href":"https:\/\/rdnews.al\/index.php\/wp-json\/wp\/v2\/types\/post"}],"author":[{"embeddable":true,"href":"https:\/\/rdnews.al\/index.php\/wp-json\/wp\/v2\/users\/4"}],"replies":[{"embeddable":true,"href":"https:\/\/rdnews.al\/index.php\/wp-json\/wp\/v2\/comments?post=127955"}],"version-history":[{"count":1,"href":"https:\/\/rdnews.al\/index.php\/wp-json\/wp\/v2\/posts\/127955\/revisions"}],"predecessor-version":[{"id":127957,"href":"https:\/\/rdnews.al\/index.php\/wp-json\/wp\/v2\/posts\/127955\/revisions\/127957"}],"wp:featuredmedia":[{"embeddable":true,"href":"https:\/\/rdnews.al\/index.php\/wp-json\/wp\/v2\/media\/127956"}],"wp:attachment":[{"href":"https:\/\/rdnews.al\/index.php\/wp-json\/wp\/v2\/media?parent=127955"}],"wp:term":[{"taxonomy":"category","embeddable":true,"href":"https:\/\/rdnews.al\/index.php\/wp-json\/wp\/v2\/categories?post=127955"},{"taxonomy":"post_tag","embeddable":true,"href":"https:\/\/rdnews.al\/index.php\/wp-json\/wp\/v2\/tags?post=127955"}],"curies":[{"name":"wp","href":"https:\/\/api.w.org\/{rel}","templated":true}]}}