{"id":128263,"date":"2025-11-13T12:25:17","date_gmt":"2025-11-13T12:25:17","guid":{"rendered":"https:\/\/rdnews.al\/?p=128263"},"modified":"2025-11-13T12:25:36","modified_gmt":"2025-11-13T12:25:36","slug":"berisha-lubi-balluku-po-terrorizon-eksponentet-e-partise-se-krimit-me-dosjet-e-krijuara-nga-regjistrimet-e-paligjshme-te-oltion-bistrit","status":"publish","type":"post","link":"https:\/\/rdnews.al\/index.php\/2025\/11\/13\/berisha-lubi-balluku-po-terrorizon-eksponentet-e-partise-se-krimit-me-dosjet-e-krijuara-nga-regjistrimet-e-paligjshme-te-oltion-bistrit\/","title":{"rendered":"Lubi Balluku po terrorizon eksponent\u00ebt e partis\u00eb s\u00eb krimit me dosjet e krijuara nga regjistrimet e paligjshme t\u00eb Oltion Bistrit"},"content":{"rendered":"<p>Kryetari i PD, Sali Berisha tha se, Lubi Balluku po terrorizon eksponent\u00ebt e partis\u00eb s\u00eb krimit me dosjet e krijuara nga regjistrimet e paligjshme t\u00eb Oltion Bistrit.<\/p>\n<p>\u201cS\u00eb dyti, vazhdon terrori i pand\u00ebrprer\u00eb i Lubi Ballukut ndaj eksponent\u00ebve t\u00eb tjer\u00eb t\u00eb partis\u00eb s\u00eb krimit.<\/p>\n<p>E armatosur gjer n\u00eb dh\u00ebmb\u00eb me dosjet e krijuara nga regjistrimet e paligjshme, q\u00eb Oltion Bistri ka kryer me porosi t\u00eb asaj dhe Edi Ram\u00ebs, t\u00eb ambasadave, t\u00eb institucioneve, t\u00eb drejtuesve dhe ministrave t\u00eb qeveris\u00eb socialiste, Lubia tani iu ka imponuar atyre omert\u00ebn, kodin mafioz t\u00eb heshtjes.<\/p>\n<p>Ajo nuk i ka k\u00ebrc\u00ebnuar ata dhe nuk i k\u00ebrc\u00ebnon me plumbin pas veshit apo n\u00eb lule t\u00eb ballit, por me dosjen publike para t\u00eb gjith\u00eb shqiptar\u00ebve me t\u00eb cil\u00ebn ajo \u00ebsht\u00eb e aft\u00eb t\u00eb pres\u00eb \u00e7do karrier\u00eb t\u00eb tyre.<\/p>\n<p>Ndaj dhe ata, si\u00e7 e keni v\u00ebn\u00eb re ju, mbajn\u00eb nj\u00eb heshtje totale.<\/p>\n<p>Jan\u00eb pra k\u00ebto rrethana, t\u00eb cilat b\u00ebjn\u00eb q\u00eb Lubia jo t\u00eb mos mendoj\u00eb p\u00ebr dor\u00ebheqje, por t\u00eb k\u00ebrc\u00ebnoj\u00eb me nd\u00ebrprerje karriere secilin prej atyre q\u00eb do guxoj\u00eb t\u00eb punoj\u00eb kund\u00ebr saj, zotohet t\u2019iu rezervoj\u00eb fatin e Lali Vjedh\u00ebsit.<\/p>\n<p>Kjo \u00ebsht\u00eb gjendja sot n\u00eb partin\u00eb e krimit\u201d, tha Berisha.<\/p>\n","protected":false},"excerpt":{"rendered":"<p>Kryetari i PD, Sali Berisha tha se, Lubi Balluku po terrorizon eksponent\u00ebt e partis\u00eb s\u00eb krimit me dosjet e krijuara nga regjistrimet e paligjshme t\u00eb Oltion Bistrit. \u201cS\u00eb dyti, vazhdon terrori i pand\u00ebrprer\u00eb i Lubi Ballukut ndaj eksponent\u00ebve t\u00eb tjer\u00eb t\u00eb partis\u00eb s\u00eb krimit. E armatosur gjer n\u00eb dh\u00ebmb\u00eb me dosjet e krijuara nga regjistrimet &hellip;<\/p>\n","protected":false},"author":4,"featured_media":128264,"comment_status":"closed","ping_status":"closed","sticky":false,"template":"","format":"standard","meta":{"footnotes":""},"categories":[37],"tags":[],"class_list":["post-128263","post","type-post","status-publish","format-standard","has-post-thumbnail","","category-politike"],"_links":{"self":[{"href":"https:\/\/rdnews.al\/index.php\/wp-json\/wp\/v2\/posts\/128263","targetHints":{"allow":["GET"]}}],"collection":[{"href":"https:\/\/rdnews.al\/index.php\/wp-json\/wp\/v2\/posts"}],"about":[{"href":"https:\/\/rdnews.al\/index.php\/wp-json\/wp\/v2\/types\/post"}],"author":[{"embeddable":true,"href":"https:\/\/rdnews.al\/index.php\/wp-json\/wp\/v2\/users\/4"}],"replies":[{"embeddable":true,"href":"https:\/\/rdnews.al\/index.php\/wp-json\/wp\/v2\/comments?post=128263"}],"version-history":[{"count":2,"href":"https:\/\/rdnews.al\/index.php\/wp-json\/wp\/v2\/posts\/128263\/revisions"}],"predecessor-version":[{"id":128266,"href":"https:\/\/rdnews.al\/index.php\/wp-json\/wp\/v2\/posts\/128263\/revisions\/128266"}],"wp:featuredmedia":[{"embeddable":true,"href":"https:\/\/rdnews.al\/index.php\/wp-json\/wp\/v2\/media\/128264"}],"wp:attachment":[{"href":"https:\/\/rdnews.al\/index.php\/wp-json\/wp\/v2\/media?parent=128263"}],"wp:term":[{"taxonomy":"category","embeddable":true,"href":"https:\/\/rdnews.al\/index.php\/wp-json\/wp\/v2\/categories?post=128263"},{"taxonomy":"post_tag","embeddable":true,"href":"https:\/\/rdnews.al\/index.php\/wp-json\/wp\/v2\/tags?post=128263"}],"curies":[{"name":"wp","href":"https:\/\/api.w.org\/{rel}","templated":true}]}}