{"id":12831,"date":"2022-05-19T10:07:12","date_gmt":"2022-05-19T10:07:12","guid":{"rendered":"https:\/\/rdnews.al\/?p=12831"},"modified":"2022-05-19T10:07:12","modified_gmt":"2022-05-19T10:07:12","slug":"punonjesit-e-inceneratorit-5-muaj-pa-marre-rrogat-sollen-policine-per-te-mbyllur-greven","status":"publish","type":"post","link":"https:\/\/rdnews.al\/index.php\/2022\/05\/19\/punonjesit-e-inceneratorit-5-muaj-pa-marre-rrogat-sollen-policine-per-te-mbyllur-greven\/","title":{"rendered":"Punonj\u00ebsit e inceneratorit: 5 muaj pa marr\u00eb rrogat, soll\u00ebn Policin\u00eb p\u00ebr t\u00eb mbyllur grev\u00ebn"},"content":{"rendered":"<p>30 punonj\u00ebs t\u00eb inceneratorit t\u00eb Fierit jan\u00eb ngritur s\u00ebrish n\u00eb protest\u00eb k\u00ebt\u00eb t\u00eb enjte pasi prej muajit janar nuk kan\u00eb marr\u00eb pagat. Punonj\u00ebsit e inceneratorit kan\u00eb bllokuar hyrjen p\u00ebr t\u00eb mos lejuar mjetet t\u00eb depozitojn\u00eb mbetjet urbane, nd\u00ebrsa deklarojn\u00eb se nuk do t\u00eb ndalin protestat deri sa t\u00eb marrin 4 pagat e prapambetura.<\/p>\n<p>Punonj\u00ebsit akuzojn\u00eb administratorin e inceneratorit se po i mban peng me mashtrime, pasi disa her\u00eb u \u00ebsht\u00eb premtuar se do t\u00eb paguhen, por s\u00ebrish vazhdojn\u00eb pa marr\u00eb asnj\u00eb qindark\u00eb.<\/p>\n<p>Punonj\u00ebsit e inceneratorit t\u00eb Fierit kan\u00eb filluar protestat e tyre q\u00eb n\u00eb muajin prill duke bllokuar thuajse \u00e7do jav\u00eb hyrjen n\u00eb incenerator por pavar\u00ebsisht protestave deri m\u00eb tani nuk kan\u00eb gjetur zgjidhje. Nd\u00ebrkoh\u00eb bashkia e Fierit dhe bashkit\u00eb e tjera q\u00eb depozitojn\u00eb mbetjet n\u00eb k\u00ebt\u00eb landfill vazhdojn\u00eb pagesat me miliona lek\u00eb \u00e7do muaj.<\/p>\n<p>N\u00eb thelb t\u00eb t\u00eb gjitha deklarimeve nga pun\u00ebtor\u00ebt\u00a0\u00ebsht\u00eb fjala mashtrim. Rregullisht ata jan\u00eb mashtruar nga shefat e tyre, p\u00ebrfshir\u00eb k\u00ebtu edhe dit\u00ebn e par\u00eb t\u00eb grev\u00ebs, kur Policia u erdhi dhe i detyroi me forc\u00eb t\u00eb hapnin dyert e objektit p\u00ebr t\u00eb lejuar shkarkimin e makinave me mbeturina nga 4 bashki.<\/p>\n<p>Edhe shefat e Policis\u00eb iu than\u00eb se ata do t\u00eb paguheshin s\u00eb shpejti. Por tani situata \u00ebsht\u00eb r\u00ebnduar, sepse administratori i shtetit nuk iu hap m\u00eb as celularin. K\u00ebta pun\u00ebtor\u00eb jan\u00eb kryesisht banor\u00eb t\u00eb fshatrave t\u00eb zon\u00ebs me\u00a0gjendje\u00a0ekonomike t\u00eb dob\u00ebt.<\/p>\n<p>\u201cPo shkon muaji i pest\u00eb tani dhe akoma nuk jemi paguar, &#8211; tha njeri prej tyre. &#8211;\u00a0\u00a0Vijn\u00eb e na premtojm\u00eb do t\u2019ua japim k\u00ebt\u00eb jav\u00eb e k\u00ebt\u00eb jav\u00eb dhe asgj\u00eb nuk \u00ebsht\u00eb b\u00ebr\u00eb deri tani. Se \u00e7far\u00eb do t\u00eb b\u00ebhet nuk e dim\u00eb. T\u00eb pakt\u00ebn t\u00eb na thon\u00eb se jemi deri k\u00ebtu, nuk ka lek\u00eb dhe ikni e shikoni hallet tuaja. K\u00ebt\u00eb nuk e thon\u00eb, vet\u00ebm sa na mbajn\u00eb me premtime. \u00a0Para disa dit\u00ebsh, kur i bllokuam automjetet, na soll\u00ebn Policin\u00eb dhe ne i lejuam. Na premtuan se p\u00ebr 24 or\u00eb i keni lek\u00ebt. Prap\u00eb nuk e mbajt\u00ebn fjal\u00ebn. Kjo pun\u00eb\u2026nuk e dim\u00eb se \u00e7far\u00eb rruge do t\u00eb marr\u00eb\u201d.<\/p>\n<p>\u201cNe jemi pa buk\u00eb, &#8211; v\u00ebrejti nj\u00eb pun\u00ebtor tjet\u00ebr. &#8211; Pes\u00eb muaj k\u00ebtu pa u paguar dhe kemi familje. F\u00ebmij\u00eb, pleqt\u00eb i kam, un\u00eb pa pun\u00eb. Pes\u00eb muaj pa marr\u00eb asnj\u00eb lek. \u00c7far\u00eb do t\u00eb ham\u00eb?! Kur vjen Policia me forc\u00eb, \u00e7far\u00eb do t\u00eb b\u00ebjm\u00eb ne?! Kur thot\u00eb Policia brenda 24 or\u00ebve do t\u2019i merrni lek\u00ebt, \u00e7far\u00eb t\u00eb b\u00ebjm\u00eb ne?!\u201d<\/p>\n<p>\u201cI njejti shqet\u00ebsim q\u00eb tha shoku\u00a0\u00ebsht\u00eb edhe p\u00ebr mua, &#8211; shtoi i treti. &#8211;\u00a0\u00a0Kemi pes\u00eb muaj pa marr\u00eb kok\u00ebrr leku. Na premtohet k\u00ebt\u00eb t\u00eb premte, k\u00ebt\u00eb t\u00eb enjte, k\u00ebt\u00eb t\u00eb mart\u00eb\u2026Ultimatumi i fundit na \u00ebsht\u00eb dh\u00ebn\u00eb dje. Dje, nuk e hapte fare administratori telefonin. Kemi folur, kemi b\u00ebr\u00eb takim, na ka mashtruar. Se si do t\u00eb vej\u00eb halli yn\u00eb, nuk e di&#8230;\u201d e mbylli\u00a0ai me nj\u00eb ndjesi\u00a0lodhjeje dhe mosbesimi t\u00eb\u00a0madh.<\/p>\n","protected":false},"excerpt":{"rendered":"<p>30 punonj\u00ebs t\u00eb inceneratorit t\u00eb Fierit jan\u00eb ngritur s\u00ebrish n\u00eb protest\u00eb k\u00ebt\u00eb t\u00eb enjte pasi prej muajit janar nuk kan\u00eb marr\u00eb pagat. Punonj\u00ebsit e inceneratorit kan\u00eb bllokuar hyrjen p\u00ebr t\u00eb mos lejuar mjetet t\u00eb depozitojn\u00eb mbetjet urbane, nd\u00ebrsa deklarojn\u00eb se nuk do t\u00eb ndalin protestat deri sa t\u00eb marrin 4 pagat e prapambetura. Punonj\u00ebsit akuzojn\u00eb &hellip;<\/p>\n","protected":false},"author":4,"featured_media":12832,"comment_status":"open","ping_status":"open","sticky":false,"template":"","format":"standard","meta":{"footnotes":""},"categories":[40],"tags":[],"class_list":["post-12831","post","type-post","status-publish","format-standard","has-post-thumbnail","","category-aktualitet"],"_links":{"self":[{"href":"https:\/\/rdnews.al\/index.php\/wp-json\/wp\/v2\/posts\/12831","targetHints":{"allow":["GET"]}}],"collection":[{"href":"https:\/\/rdnews.al\/index.php\/wp-json\/wp\/v2\/posts"}],"about":[{"href":"https:\/\/rdnews.al\/index.php\/wp-json\/wp\/v2\/types\/post"}],"author":[{"embeddable":true,"href":"https:\/\/rdnews.al\/index.php\/wp-json\/wp\/v2\/users\/4"}],"replies":[{"embeddable":true,"href":"https:\/\/rdnews.al\/index.php\/wp-json\/wp\/v2\/comments?post=12831"}],"version-history":[{"count":0,"href":"https:\/\/rdnews.al\/index.php\/wp-json\/wp\/v2\/posts\/12831\/revisions"}],"wp:featuredmedia":[{"embeddable":true,"href":"https:\/\/rdnews.al\/index.php\/wp-json\/wp\/v2\/media\/12832"}],"wp:attachment":[{"href":"https:\/\/rdnews.al\/index.php\/wp-json\/wp\/v2\/media?parent=12831"}],"wp:term":[{"taxonomy":"category","embeddable":true,"href":"https:\/\/rdnews.al\/index.php\/wp-json\/wp\/v2\/categories?post=12831"},{"taxonomy":"post_tag","embeddable":true,"href":"https:\/\/rdnews.al\/index.php\/wp-json\/wp\/v2\/tags?post=12831"}],"curies":[{"name":"wp","href":"https:\/\/api.w.org\/{rel}","templated":true}]}}