{"id":128334,"date":"2025-11-14T09:19:02","date_gmt":"2025-11-14T09:19:02","guid":{"rendered":"https:\/\/rdnews.al\/?p=128334"},"modified":"2025-11-14T09:19:02","modified_gmt":"2025-11-14T09:19:02","slug":"mediat-italiane-zgjedhin-te-bojkotojne-samitin-e-romes","status":"publish","type":"post","link":"https:\/\/rdnews.al\/index.php\/2025\/11\/14\/mediat-italiane-zgjedhin-te-bojkotojne-samitin-e-romes\/","title":{"rendered":"Mediat italiane zgjedhin t\u00eb bojkotojn\u00eb samitin e Rom\u00ebs"},"content":{"rendered":"<p><strong>Nga\u00a0Alba KEPI<br \/>\n<em>Rom\u00eb<\/em><\/strong><\/p>\n<p>Samiti i Rom\u00ebs duhej t\u00eb ishte nj\u00eb ngjarje e madhe politike e mediatike, nj\u00eb moment p\u00ebr t\u00eb dh\u00ebn\u00eb qart\u00ebsi. Ishte p\u00ebrcjell\u00eb si nj\u00eb moment ku dy lider\u00eb do t\u00eb jepnin mesazhe t\u00eb forta, por ndodhi e kund\u00ebrta: mediat italiane zgjodh\u00ebn ta bojkotojn\u00eb samitin.<\/p>\n<p>Jo nj\u00eb bojkot i zhurmsh\u00ebm, por nj\u00eb bojkot edhe m\u00eb i r\u00ebnd\u00eb, ai i indiferenc\u00ebs. N\u00eb vend q\u00eb ta trajtonin si nj\u00eb ngjarje shtet\u00ebrore me pesh\u00eb, ata e reduktuan n\u00eb disa rreshta. N\u00eb vend t\u00eb analizave t\u00eb thella mbi marr\u00ebdh\u00ebniet dypal\u00ebshe, pat\u00ebm vet\u00ebm nj\u00eb fokus gati brutal: d\u00ebshtimi i paktit p\u00ebr migrant\u00ebt.<\/p>\n<p>Nd\u00ebrsa lider\u00ebt pozonin, mediat heshtnin. Nd\u00ebrsa protokolli p\u00ebrpiqej t\u00eb prodhonte solemnitet, gazetar\u00ebt nuk pranuan t\u00eb luanin rolin e korit t\u00eb duartrokitjeve. Ata zgjodh\u00ebn t\u00eb kalonin shpejt mbi ceremonin\u00eb dhe t\u2019i kthehen \u00e7\u00ebshtjes q\u00eb i intereson realisht publikut: p\u00ebrse nj\u00eb projekt i shpallur si historik nuk po funksionon?<\/p>\n<p>Ky bojkot ishte nj\u00eb sinjal i qart\u00eb: lidershipi nuk merr v\u00ebmendje vet\u00ebm me foto dhe deklarata. Mediat nuk mund t\u00eb maskojn\u00eb boshll\u00ebkun e rezultateve. Dhe mbi t\u00eb gjitha, ato nuk jan\u00eb m\u00eb t\u00eb gatshme t\u00eb konsumojn\u00eb shfaqje politike q\u00eb nuk mb\u00ebshteten nga realiteti.<\/p>\n<p>Samiti i Rom\u00ebs u shnd\u00ebrrua n\u00eb shembullin m\u00eb t\u00eb qart\u00eb se kur politika performon, por nuk prodhon, publiku dhe mediat nuk i blejn\u00eb m\u00eb pozat e nj\u00eb tapeti t\u00eb kuq. N\u00eb fund t\u00eb dit\u00ebs, nuk ka r\u00ebnd\u00ebsi sa bukur jan\u00eb vendosur karriget apo sa t\u00eb qeshur duken lider\u00ebt n\u00eb fotografi. Ka r\u00ebnd\u00ebsi vet\u00ebm nj\u00eb gj\u00eb: \u00e7far\u00eb funksionon dhe \u00e7far\u00eb jo.<\/p>\n<p>Dhe mediat italiane sapo dhan\u00eb gjykimin e tyre: pakti nuk funksionon, prandaj as samiti nuk meriton m\u00eb shum\u00eb se kaq.<\/p>\n<p>Nj\u00ebri prej kryeministrave e p\u00ebrdori takimin p\u00ebr t\u00eb akuzuar gjyq\u00ebsorin, burokracin\u00eb dhe gjith\u00e7ka tjet\u00ebr rreth vetes p\u00ebrve\u00e7 vetes. Tjetri k\u00ebrkoi t\u00eb ruante imazhin e partneritetit, nd\u00ebrkoh\u00eb q\u00eb e v\u00ebrteta \u00ebsht\u00eb se projekti i p\u00ebrbashk\u00ebt \u00ebsht\u00eb i ngecur dhe i mbuluar nga dyshime. T\u00eb dy u shfaq\u00ebn t\u00eb gatsh\u00ebm t\u00eb pozonin, por jo t\u00eb ballafaqoheshin me realitetin.<\/p>\n<p>Dhe k\u00ebtu hyn elementi m\u00eb i fort\u00eb dhe m\u00eb i hidhur: mediat italiane e bojkotuan k\u00ebt\u00eb shfaqje. Jo duke e injoruar plot\u00ebsisht, por duke e ulur n\u00eb minimum dhe duke mos e trajtuar si nj\u00eb ngjarje t\u00eb r\u00ebnd\u00ebsishme diplomatike. Aty ku lider\u00ebt k\u00ebrkuan v\u00ebmendje, mediat u kufizuan n\u00eb nj\u00eb k\u00ebnd t\u00eb ngusht\u00eb: d\u00ebshtimin e paktit p\u00ebr migrant\u00ebt.<\/p>\n<p>N\u00eb vend t\u2019i jepnin hap\u00ebsir\u00eb protokollit, ato e zhvesh\u00ebn ngjarjen deri n\u00eb kock\u00eb dhe nxor\u00ebn vet\u00ebm thelbin: nj\u00eb marr\u00ebveshje e shpallur si historike q\u00eb nuk po funksionon. Ata nuk ndoq\u00ebn loj\u00ebn e fotove t\u00eb bukura.<\/p>\n<p>E bojkotuan spektaklin dhe i rikthyen v\u00ebmendjen d\u00ebshtimit.<\/p>\n<p>Qe Samiti i d\u00ebshtimit!<\/p>\n","protected":false},"excerpt":{"rendered":"<p>Nga\u00a0Alba KEPI Rom\u00eb Samiti i Rom\u00ebs duhej t\u00eb ishte nj\u00eb ngjarje e madhe politike e mediatike, nj\u00eb moment p\u00ebr t\u00eb dh\u00ebn\u00eb qart\u00ebsi. Ishte p\u00ebrcjell\u00eb si nj\u00eb moment ku dy lider\u00eb do t\u00eb jepnin mesazhe t\u00eb forta, por ndodhi e kund\u00ebrta: mediat italiane zgjodh\u00ebn ta bojkotojn\u00eb samitin. Jo nj\u00eb bojkot i zhurmsh\u00ebm, por nj\u00eb bojkot edhe &hellip;<\/p>\n","protected":false},"author":4,"featured_media":15364,"comment_status":"closed","ping_status":"closed","sticky":false,"template":"","format":"standard","meta":{"footnotes":""},"categories":[44],"tags":[],"class_list":["post-128334","post","type-post","status-publish","format-standard","has-post-thumbnail","","category-editorial"],"_links":{"self":[{"href":"https:\/\/rdnews.al\/index.php\/wp-json\/wp\/v2\/posts\/128334","targetHints":{"allow":["GET"]}}],"collection":[{"href":"https:\/\/rdnews.al\/index.php\/wp-json\/wp\/v2\/posts"}],"about":[{"href":"https:\/\/rdnews.al\/index.php\/wp-json\/wp\/v2\/types\/post"}],"author":[{"embeddable":true,"href":"https:\/\/rdnews.al\/index.php\/wp-json\/wp\/v2\/users\/4"}],"replies":[{"embeddable":true,"href":"https:\/\/rdnews.al\/index.php\/wp-json\/wp\/v2\/comments?post=128334"}],"version-history":[{"count":1,"href":"https:\/\/rdnews.al\/index.php\/wp-json\/wp\/v2\/posts\/128334\/revisions"}],"predecessor-version":[{"id":128335,"href":"https:\/\/rdnews.al\/index.php\/wp-json\/wp\/v2\/posts\/128334\/revisions\/128335"}],"wp:featuredmedia":[{"embeddable":true,"href":"https:\/\/rdnews.al\/index.php\/wp-json\/wp\/v2\/media\/15364"}],"wp:attachment":[{"href":"https:\/\/rdnews.al\/index.php\/wp-json\/wp\/v2\/media?parent=128334"}],"wp:term":[{"taxonomy":"category","embeddable":true,"href":"https:\/\/rdnews.al\/index.php\/wp-json\/wp\/v2\/categories?post=128334"},{"taxonomy":"post_tag","embeddable":true,"href":"https:\/\/rdnews.al\/index.php\/wp-json\/wp\/v2\/tags?post=128334"}],"curies":[{"name":"wp","href":"https:\/\/api.w.org\/{rel}","templated":true}]}}