{"id":128445,"date":"2025-11-14T21:24:58","date_gmt":"2025-11-14T21:24:58","guid":{"rendered":"https:\/\/rdnews.al\/?p=128445"},"modified":"2025-11-14T21:24:58","modified_gmt":"2025-11-14T21:24:58","slug":"stalinistet-e-beogradit-kerkohet-mbyllja-e-radios-europa-e-lire","status":"publish","type":"post","link":"https:\/\/rdnews.al\/index.php\/2025\/11\/14\/stalinistet-e-beogradit-kerkohet-mbyllja-e-radios-europa-e-lire\/","title":{"rendered":"Stalinist\u00ebt e Beogradit\/ K\u00ebrkohet mbyllja e Radios Europa e Lir\u00eb"},"content":{"rendered":"<p><strong>&#8220;Danas&#8221;<\/strong><\/p>\n<p>Vet\u00ebm n\u00eb Serbi qeveria pro-evropiane vjell retorik\u00eb dhe sjellje anti-evropiane dhe anti-civilizuese. K\u00ebt\u00eb her\u00eb, Ministri i sapoem\u00ebruar i Informacionit Boris Bratina &#8220;reflektoi&#8221; n\u00eb m\u00ebnyr\u00ebn staliniste t\u00eb medias.<\/p>\n<p>Ai u tha televizioneve N1 dhe Nova se ato punojn\u00eb si &#8220;poste t\u00eb agjencive t\u00eb huaja&#8221; dhe se media e Radios Evropa e Lir\u00eb duhet t\u00eb hiqet, si dhe se po k\u00ebrkojn\u00eb ndryshime t\u00eb m\u00ebtejshme n\u00eb ligj sepse ato media nuk duhet t\u00eb ekzistojn\u00eb.<\/p>\n<p>Dhe nd\u00ebrsa Serbia po lufton p\u00ebr t\u00eb hyr\u00eb n\u00eb Bashkimin Evropian, ministrat e saj po luftojn\u00eb kund\u00ebr mediave q\u00eb kan\u00eb nj\u00eb q\u00ebndrim kritik ndaj asaj q\u00eb po b\u00ebn qeveria dhe po p\u00ebrpiqen t&#8217;i reduktojn\u00eb k\u00ebto media n\u00eb mas\u00ebn e tyre, dhe po mbajn\u00eb media propagandistike q\u00eb synojn\u00eb t\u00eb p\u00ebrhapin urrejtje ndaj kujtdo q\u00eb nuk mendon si regjimi.<\/p>\n<p>Prokuror\u00ebt vendase as nuk shohin fushata t\u00eb vazhdueshme mediatike n\u00eb televizionin komb\u00ebtar dhe n\u00eb tabloid\u00ebt, t\u00eb cilat jan\u00eb t\u00eb mbushura me akte kriminale dhe thirrje p\u00ebr lin\u00e7im, nj\u00ebra prej t\u00eb cilave vrau Oliver Ivanovi\u00e7in. Sigurisht, t\u00eb gjith\u00eb po presin zgjidhjen dhe do t\u00eb shfaqen p\u00ebr t\u00eb marr\u00eb kufom\u00ebn dhe do t\u00eb tmerrohen, por nuk do t\u00eb b\u00ebjn\u00eb asgj\u00eb p\u00ebr ta ndaluar.<\/p>\n<p>Kjo \u00ebsht\u00eb arsyeja pse \u00ebsht\u00eb e r\u00ebnd\u00ebsishme q\u00eb autoritetet t\u00eb kontrollojn\u00eb REM, sepse pastaj me pes\u00eb televizione me mbulim komb\u00ebtar, ata mund t\u00eb persekutojn\u00eb njer\u00ebz q\u00eb nuk jan\u00eb sipas d\u00ebshir\u00ebs s\u00eb tyre dhe t\u00eb p\u00ebrhapin urrejtje komb\u00ebtare, fetare dhe racore pa u nd\u00ebshkuar plot\u00ebsisht, pavar\u00ebsisht Kushtetut\u00ebs dhe ligjeve q\u00eb i ndalojn\u00eb t\u00eb gjitha k\u00ebto.<\/p>\n<p>\u00cbsht\u00eb gjithashtu shembulli m\u00eb i mir\u00eb i pohimit se Serbia \u00ebsht\u00eb b\u00ebr\u00eb nj\u00eb vend i munges\u00ebs s\u00eb ligjit, pra anarkis\u00eb s\u00eb plot\u00eb shtet\u00ebrore n\u00eb t\u00eb cil\u00ebn kemi ligje vet\u00ebm sepse i kan\u00eb vendet e tjera.<\/p>\n<p>Nuk mbajm\u00eb mend q\u00eb Ministria e Informacionit ta ket\u00eb d\u00ebnuar ndonj\u00ebher\u00eb persekutimin e gazetar\u00ebve, dhe sot pretendon t\u00eb jet\u00eb e paaft\u00eb ndaj t\u00eb gjitha sulmeve t\u00eb zyrtar\u00ebve shtet\u00ebror\u00eb ndaj medias dhe gazetar\u00ebve. Shum\u00eb thjesht, sepse i mb\u00ebshtet ata. Sigurisht, jo gazetar\u00ebt, por persekutimni dhe sulmet. Dhe e shohim k\u00ebt\u00eb sepse ata kan\u00eb nj\u00eb rol t\u00eb spikatur n\u00eb t\u00eb.<\/p>\n<p>Deklarata t\u00eb tilla nga zyrtar\u00eb shtet\u00ebror\u00eb, si ajo e Ministrit t\u00eb Informacionit, i cili donte t\u00eb ndalonte median, t\u00eb gjitha n\u00eb frym\u00ebn e t\u00eb ashtuquajtur\u00ebs &#8220;axhend\u00eb pro-evropiane t\u00eb Qeveris\u00eb s\u00eb Republik\u00ebs s\u00eb Serbis\u00eb&#8221;, vet\u00ebm sa ekspozuan fytyr\u00ebn e tyre t\u00eb v\u00ebrtet\u00eb, staliniste.<\/p>\n<p>Dhe kjo \u00ebsht\u00eb qart\u00ebsisht nj\u00eb tendenc\u00eb n\u00eb t\u00eb gjith\u00eb Evrop\u00ebn, rehabilitimi\/ringjallja e ideve q\u00eb p\u00ebrjetuan r\u00ebnien e tyre historike, fashizmi dhe stalinizmi. Vet\u00ebm se tani quhet autoritariz\u00ebm i shp\u00eblar\u00eb.<\/p>\n<p>Shkurt, nj\u00eb njeri abuzon me t\u00eb gjith\u00eb aparatin shtet\u00ebror dhe e komandon at\u00eb, nd\u00ebrsa t\u00eb tjer\u00ebt e admirojn\u00eb, b\u00ebrtasin dhe duartrokasin derisa u mpihen p\u00ebll\u00ebmb\u00ebt, dhe mediat q\u00eb ata kontrollojn\u00eb, q\u00eb jan\u00eb t\u00eb pes\u00eb televizionet me mbulim komb\u00ebtar, nuk b\u00ebjn\u00eb gj\u00eb tjet\u00ebr ve\u00e7se lavd\u00ebrojn\u00eb idhullin e tyre.<\/p>\n<p>Dhe jo vet\u00ebm kaq, ata nuk shohin asgj\u00eb tjet\u00ebr t\u00eb ndodh\u00eb n\u00eb Serbi. Dhe e gjith\u00eb kjo n\u00eb m\u00ebnyr\u00eb q\u00eb t\u00eb mos shihet se shteti i Serbis\u00eb \u00ebsht\u00eb grabitur ligj\u00ebrisht deri n\u00eb palc\u00eb p\u00ebrmes tender\u00ebve t\u00eb manipuluar duke abuzuar me institucionet shtet\u00ebrore, p\u00ebr t\u00eb cilat nuk i japin llogari askujt p\u00ebr shpenzimin e parave.<\/p>\n<p>Gjat\u00eb asaj kohe, policis\u00eb dhe prokurorive nuk u lejohet as t\u00eb shkruajn\u00eb, agjencit\u00eb p\u00ebr parandalimin e korrupsionit dhe organet e tjera t\u00eb pavarura kthejn\u00eb kok\u00ebn nga paligjshm\u00ebrit\u00eb q\u00eb grabisin shtetin \u00e7do dit\u00eb.<\/p>\n<p>Kjo \u00ebsht\u00eb arsyeja pse \u00ebsht\u00eb e nevojshme t\u00eb gjendet fajtori p\u00ebr p\u00ebrmbysjen e shtetit q\u00eb ata n\u00eb fakt e kan\u00eb p\u00ebrmbysur tashm\u00eb. Ajo q\u00eb nuk i shqet\u00ebson aspak \u00ebsht\u00eb se shumica e ministrave punojn\u00eb hapur dhe vullnetarisht p\u00ebr nj\u00eb vend tjet\u00ebr dhe interesa t\u00eb njer\u00ebzve t\u00eb tjer\u00eb, n\u00eb k\u00ebt\u00eb rast, rus\u00eb.<\/p>\n<p>E vetmja gj\u00eb p\u00ebr t\u00eb cil\u00ebn k\u00ebta njer\u00ebz nuk kan\u00eb asnj\u00eb pak\u00ebnaq\u00ebsi me Bashkimin Evropian jan\u00eb parat\u00eb q\u00eb u jep, pra eurot. Por me retorik\u00ebn staliniste, nuk ka gjasa q\u00eb Evropa t\u00eb jap\u00eb m\u00eb para p\u00ebr to.<strong>\u00a0<\/strong><\/p>\n","protected":false},"excerpt":{"rendered":"<p>&#8220;Danas&#8221; Vet\u00ebm n\u00eb Serbi qeveria pro-evropiane vjell retorik\u00eb dhe sjellje anti-evropiane dhe anti-civilizuese. K\u00ebt\u00eb her\u00eb, Ministri i sapoem\u00ebruar i Informacionit Boris Bratina &#8220;reflektoi&#8221; n\u00eb m\u00ebnyr\u00ebn staliniste t\u00eb medias. Ai u tha televizioneve N1 dhe Nova se ato punojn\u00eb si &#8220;poste t\u00eb agjencive t\u00eb huaja&#8221; dhe se media e Radios Evropa e Lir\u00eb duhet t\u00eb hiqet, &hellip;<\/p>\n","protected":false},"author":3,"featured_media":128446,"comment_status":"closed","ping_status":"closed","sticky":false,"template":"","format":"standard","meta":{"footnotes":""},"categories":[38],"tags":[],"class_list":["post-128445","post","type-post","status-publish","format-standard","has-post-thumbnail","","category-bota"],"_links":{"self":[{"href":"https:\/\/rdnews.al\/index.php\/wp-json\/wp\/v2\/posts\/128445","targetHints":{"allow":["GET"]}}],"collection":[{"href":"https:\/\/rdnews.al\/index.php\/wp-json\/wp\/v2\/posts"}],"about":[{"href":"https:\/\/rdnews.al\/index.php\/wp-json\/wp\/v2\/types\/post"}],"author":[{"embeddable":true,"href":"https:\/\/rdnews.al\/index.php\/wp-json\/wp\/v2\/users\/3"}],"replies":[{"embeddable":true,"href":"https:\/\/rdnews.al\/index.php\/wp-json\/wp\/v2\/comments?post=128445"}],"version-history":[{"count":1,"href":"https:\/\/rdnews.al\/index.php\/wp-json\/wp\/v2\/posts\/128445\/revisions"}],"predecessor-version":[{"id":128447,"href":"https:\/\/rdnews.al\/index.php\/wp-json\/wp\/v2\/posts\/128445\/revisions\/128447"}],"wp:featuredmedia":[{"embeddable":true,"href":"https:\/\/rdnews.al\/index.php\/wp-json\/wp\/v2\/media\/128446"}],"wp:attachment":[{"href":"https:\/\/rdnews.al\/index.php\/wp-json\/wp\/v2\/media?parent=128445"}],"wp:term":[{"taxonomy":"category","embeddable":true,"href":"https:\/\/rdnews.al\/index.php\/wp-json\/wp\/v2\/categories?post=128445"},{"taxonomy":"post_tag","embeddable":true,"href":"https:\/\/rdnews.al\/index.php\/wp-json\/wp\/v2\/tags?post=128445"}],"curies":[{"name":"wp","href":"https:\/\/api.w.org\/{rel}","templated":true}]}}