{"id":128570,"date":"2025-11-17T10:15:16","date_gmt":"2025-11-17T10:15:16","guid":{"rendered":"https:\/\/rdnews.al\/?p=128570"},"modified":"2025-11-17T10:15:16","modified_gmt":"2025-11-17T10:15:16","slug":"21-janari-berisha-kryeministria-nuk-ka-pasur-asnje-lloj-serveri-per-vezhgimin","status":"publish","type":"post","link":"https:\/\/rdnews.al\/index.php\/2025\/11\/17\/21-janari-berisha-kryeministria-nuk-ka-pasur-asnje-lloj-serveri-per-vezhgimin\/","title":{"rendered":"\u201c21 Janari\u201d\/ Berisha: Kryeministria nuk ka pasur asnj\u00eb lloj serveri p\u00ebr v\u00ebzhgimin!"},"content":{"rendered":"<p>Kryetari i PD, Sali Berisha deklaroi se nuk ka dijeni p\u00ebr ndonj\u00eb server t\u00eb Kryeministris\u00eb p\u00ebr v\u00ebzhgimin e ngjarjeve t\u00eb 21 janarit. Ai tha\u00a0se, n\u00ebse Garda ka pasur ndonj\u00eb server n\u00eb Kryeministri, kjo \u00ebsht\u00eb \u00e7\u00ebshtje e tyre, pasi ata kan\u00eb p\u00ebrgjegj\u00ebsi p\u00ebr sigurin\u00eb n\u00eb institucionet shtet\u00ebrore.<br \/>\nBerisha theksoi se, \u00e7\u00ebshtja e 21 janarit \u00ebsht\u00eb hetuar plot\u00ebsisht dhe jan\u00eb dh\u00ebn\u00eb d\u00ebnime p\u00ebrkat\u00ebse, duke n\u00ebnvizuar se nuk \u00ebsht\u00eb thirrur asnj\u00ebher\u00eb nga autoritetet p\u00ebr t\u00eb dh\u00ebn\u00eb d\u00ebshmi.<br \/>\n\u201cNuk kam asnj\u00eb dijeni p\u00ebr k\u00ebt\u00eb.<br \/>\nKryeministria nuk ka pasur asnj\u00eb lloj serveri p\u00ebr v\u00ebzhgimin.<br \/>\nN\u00eb qoft\u00eb se Garda ka pasur serverin aty, \u00ebsht\u00eb pun\u00eb tjet\u00ebr.<br \/>\nGarda n\u00eb kryeministri, n\u00eb presidenc\u00eb, n\u00eb ministrit\u00eb, kudo ka nj\u00eb zyr\u00eb t\u00eb veten sepse ata kan\u00eb p\u00ebrsip\u00ebr sigurin\u00eb.<br \/>\n\u00c7far\u00eb mbajn\u00eb aty, \u00ebsht\u00eb pun\u00eb e tyre.<br \/>\n\u00c7far\u00eb ka ndodhur \u00ebsht\u00eb hetuar.<br \/>\n\u00cbsht\u00eb nj\u00eb hetim i plot\u00eb, i b\u00ebr\u00eb p\u00ebr vite dhe ka d\u00ebnime p\u00ebrkat\u00ebse.<br \/>\nK\u00ebshtu q\u00eb un\u00eb nuk jam thirrur asnj\u00ebher\u00eb\u201d, tha Berisha.<\/p>\n","protected":false},"excerpt":{"rendered":"<p>Kryetari i PD, Sali Berisha deklaroi se nuk ka dijeni p\u00ebr ndonj\u00eb server t\u00eb Kryeministris\u00eb p\u00ebr v\u00ebzhgimin e ngjarjeve t\u00eb 21 janarit. Ai tha\u00a0se, n\u00ebse Garda ka pasur ndonj\u00eb server n\u00eb Kryeministri, kjo \u00ebsht\u00eb \u00e7\u00ebshtje e tyre, pasi ata kan\u00eb p\u00ebrgjegj\u00ebsi p\u00ebr sigurin\u00eb n\u00eb institucionet shtet\u00ebrore. Berisha theksoi se, \u00e7\u00ebshtja e 21 janarit \u00ebsht\u00eb hetuar &hellip;<\/p>\n","protected":false},"author":4,"featured_media":128554,"comment_status":"closed","ping_status":"closed","sticky":false,"template":"","format":"standard","meta":{"footnotes":""},"categories":[37],"tags":[],"class_list":["post-128570","post","type-post","status-publish","format-standard","has-post-thumbnail","","category-politike"],"_links":{"self":[{"href":"https:\/\/rdnews.al\/index.php\/wp-json\/wp\/v2\/posts\/128570","targetHints":{"allow":["GET"]}}],"collection":[{"href":"https:\/\/rdnews.al\/index.php\/wp-json\/wp\/v2\/posts"}],"about":[{"href":"https:\/\/rdnews.al\/index.php\/wp-json\/wp\/v2\/types\/post"}],"author":[{"embeddable":true,"href":"https:\/\/rdnews.al\/index.php\/wp-json\/wp\/v2\/users\/4"}],"replies":[{"embeddable":true,"href":"https:\/\/rdnews.al\/index.php\/wp-json\/wp\/v2\/comments?post=128570"}],"version-history":[{"count":1,"href":"https:\/\/rdnews.al\/index.php\/wp-json\/wp\/v2\/posts\/128570\/revisions"}],"predecessor-version":[{"id":128571,"href":"https:\/\/rdnews.al\/index.php\/wp-json\/wp\/v2\/posts\/128570\/revisions\/128571"}],"wp:featuredmedia":[{"embeddable":true,"href":"https:\/\/rdnews.al\/index.php\/wp-json\/wp\/v2\/media\/128554"}],"wp:attachment":[{"href":"https:\/\/rdnews.al\/index.php\/wp-json\/wp\/v2\/media?parent=128570"}],"wp:term":[{"taxonomy":"category","embeddable":true,"href":"https:\/\/rdnews.al\/index.php\/wp-json\/wp\/v2\/categories?post=128570"},{"taxonomy":"post_tag","embeddable":true,"href":"https:\/\/rdnews.al\/index.php\/wp-json\/wp\/v2\/tags?post=128570"}],"curies":[{"name":"wp","href":"https:\/\/api.w.org\/{rel}","templated":true}]}}