{"id":128572,"date":"2025-11-17T10:18:51","date_gmt":"2025-11-17T10:18:51","guid":{"rendered":"https:\/\/rdnews.al\/?p=128572"},"modified":"2025-11-17T10:18:51","modified_gmt":"2025-11-17T10:18:51","slug":"berisha-21-janarin-une-e-kam-quajtur-vrasje-shteterore-perpara-strasburgut","status":"publish","type":"post","link":"https:\/\/rdnews.al\/index.php\/2025\/11\/17\/berisha-21-janarin-une-e-kam-quajtur-vrasje-shteterore-perpara-strasburgut\/","title":{"rendered":"Berisha: \u201c21 Janarin\u201d un\u00eb e kam quajtur vrasje shtet\u00ebrore p\u00ebrpara Strasburgut!"},"content":{"rendered":"<p>Lideri i opozit\u00ebs, Sali Berisha deklaroi se \u00ebsht\u00eb i pari q\u00eb e ka cil\u00ebsuar ngjarjen e 21 janarit si \u201cvrasje shtet\u00ebrore\u201d, duke e b\u00ebr\u00eb k\u00ebt\u00eb edhe p\u00ebrpara gjykat\u00ebs s\u00eb Strasburgut.<br \/>\nBerisha shpjegoi se, kjo konkludim bazohet n\u00eb ekspertizat mjeko-ligjore, t\u00eb cilat treguan se plag\u00ebt nuk ishin shkaktuar nga af\u00ebr, dhe sipas tij, kjo d\u00ebshmon p\u00ebr p\u00ebrgjegj\u00ebsi t\u00eb strukturave shtet\u00ebrore n\u00eb ngjarje.<br \/>\n\u201cMeq\u00eb e ndjek k\u00ebt\u00eb pun\u00eb, a mos e ka konsideruar edhe Sali Berisha vrasje shtet\u00ebrore?<br \/>\nJo, jo, a mos e ka th\u00ebn\u00eb Sali Berisha i pari para Strasburgut k\u00ebt\u00eb?<br \/>\nP\u00ebr t\u00eb qen\u00eb konsekuente me veten t\u00ebnde, jam un\u00eb i pari q\u00eb e kam quajtur pasi nj\u00ebher\u00eb u tha se ishte nga af\u00ebr, u b\u00eb ekspertiza, u tha nuk jan\u00eb nga af\u00ebr, se kishte nj\u00eb ekspertiz\u00eb kirurg\u00ebsh dhe kirurgu e ka mbrojtur edhe dy vite m\u00eb par\u00eb at\u00eb ekspertiz\u00eb.<br \/>\nPor, ekspertiza tjet\u00ebr tregoi se nuk ishin plag\u00eb nga af\u00ebr dhe un\u00eb bazuar n\u00eb at\u00eb e kam quajtur vrasje shtet\u00ebrore\u201d, tha Berisha.<\/p>\n","protected":false},"excerpt":{"rendered":"<p>Lideri i opozit\u00ebs, Sali Berisha deklaroi se \u00ebsht\u00eb i pari q\u00eb e ka cil\u00ebsuar ngjarjen e 21 janarit si \u201cvrasje shtet\u00ebrore\u201d, duke e b\u00ebr\u00eb k\u00ebt\u00eb edhe p\u00ebrpara gjykat\u00ebs s\u00eb Strasburgut. Berisha shpjegoi se, kjo konkludim bazohet n\u00eb ekspertizat mjeko-ligjore, t\u00eb cilat treguan se plag\u00ebt nuk ishin shkaktuar nga af\u00ebr, dhe sipas tij, kjo d\u00ebshmon p\u00ebr &hellip;<\/p>\n","protected":false},"author":4,"featured_media":128566,"comment_status":"closed","ping_status":"closed","sticky":false,"template":"","format":"standard","meta":{"footnotes":""},"categories":[37],"tags":[],"class_list":["post-128572","post","type-post","status-publish","format-standard","has-post-thumbnail","","category-politike"],"_links":{"self":[{"href":"https:\/\/rdnews.al\/index.php\/wp-json\/wp\/v2\/posts\/128572","targetHints":{"allow":["GET"]}}],"collection":[{"href":"https:\/\/rdnews.al\/index.php\/wp-json\/wp\/v2\/posts"}],"about":[{"href":"https:\/\/rdnews.al\/index.php\/wp-json\/wp\/v2\/types\/post"}],"author":[{"embeddable":true,"href":"https:\/\/rdnews.al\/index.php\/wp-json\/wp\/v2\/users\/4"}],"replies":[{"embeddable":true,"href":"https:\/\/rdnews.al\/index.php\/wp-json\/wp\/v2\/comments?post=128572"}],"version-history":[{"count":1,"href":"https:\/\/rdnews.al\/index.php\/wp-json\/wp\/v2\/posts\/128572\/revisions"}],"predecessor-version":[{"id":128573,"href":"https:\/\/rdnews.al\/index.php\/wp-json\/wp\/v2\/posts\/128572\/revisions\/128573"}],"wp:featuredmedia":[{"embeddable":true,"href":"https:\/\/rdnews.al\/index.php\/wp-json\/wp\/v2\/media\/128566"}],"wp:attachment":[{"href":"https:\/\/rdnews.al\/index.php\/wp-json\/wp\/v2\/media?parent=128572"}],"wp:term":[{"taxonomy":"category","embeddable":true,"href":"https:\/\/rdnews.al\/index.php\/wp-json\/wp\/v2\/categories?post=128572"},{"taxonomy":"post_tag","embeddable":true,"href":"https:\/\/rdnews.al\/index.php\/wp-json\/wp\/v2\/tags?post=128572"}],"curies":[{"name":"wp","href":"https:\/\/api.w.org\/{rel}","templated":true}]}}