{"id":128638,"date":"2025-11-17T18:22:04","date_gmt":"2025-11-17T18:22:04","guid":{"rendered":"https:\/\/rdnews.al\/?p=128638"},"modified":"2025-11-17T18:22:04","modified_gmt":"2025-11-17T18:22:04","slug":"berisha-kjo-eshte-platforma-e-nje-bashkimi-me-te-madh-se-kurre-rreth-vlerave-te-shenjta","status":"publish","type":"post","link":"https:\/\/rdnews.al\/index.php\/2025\/11\/17\/berisha-kjo-eshte-platforma-e-nje-bashkimi-me-te-madh-se-kurre-rreth-vlerave-te-shenjta\/","title":{"rendered":"Berisha: Kjo \u00ebsht\u00eb platforma e nj\u00eb bashkimi m\u00eb t\u00eb madh se kurr\u00eb rreth vlerave t\u00eb shenjta!"},"content":{"rendered":"<p>Kryetari i PD, Sali Berisha, deklaroi para mij\u00ebra mb\u00ebshtet\u00ebsve se platforma parlamentaro-qytetare q\u00eb opozita ka nisur sot n\u00eb shesh, synon t\u00eb kthehet n\u00eb nj\u00eb l\u00ebvizje komb\u00ebtare p\u00ebr mbrojtjen e vot\u00ebs s\u00eb lir\u00eb dhe t\u00eb familjes shqiptare.<\/p>\n<p>Duke akuzuar mazhoranc\u00ebn se ka votuar \u2018ligjin Soros\u2019, t\u00eb cilin ai e cil\u00ebsoi si nj\u00eb k\u00ebrc\u00ebnim p\u00ebr vlerat tradicionale dhe institucionin e familjes, Berisha theksoi se kjo platform\u00eb nuk \u00ebsht\u00eb m\u00eb thjesht nj\u00eb instrument opozitar, por nj\u00eb thirrje p\u00ebr bashkim t\u00eb t\u00eb gjith\u00eb qytetar\u00ebve, demokrat\u00eb apo socialist\u00eb, rreth vlerave q\u00eb ai i cil\u00ebsoi t\u00eb shenjta.<\/p>\n<p><strong>Berisha: <\/strong>Edhe nj\u00ebher\u00eb, nderimin m\u00eb t\u00eb madh p\u00ebr ju, burra dhe gra q\u00eb keni 4 vite t\u00eb angazhuar n\u00eb \u00e7do betej\u00eb, t\u00eb angazhuar n\u00eb beteja nd\u00ebr m\u00eb t\u00eb v\u00ebshtirat, por q\u00eb i fituat, triumfuat mbi \u00e7do t\u00eb keqe, mbi \u00e7do forc\u00eb, mbi \u00e7do armik t\u00eb pluralizmit politik n\u00eb Shqip\u00ebri dhe q\u00ebndroni sot si d\u00ebshmitar\u00eb, si misionar\u00eb t\u00eb vendosur p\u00ebr t\u00eb rikthyer n\u00eb Shqip\u00ebri vot\u00ebn e lir\u00eb.<\/p>\n<p>Vlerat, familjen.<\/p>\n<p>Mos harroni se parlamenti votoi me shpejt\u00ebsi t\u00eb rrufeshme narkoparlamenti, ligjin Xhorxh Soros, ligjin e shkat\u00ebrrimit t\u00eb familjes.<\/p>\n<p>Ligjin, me t\u00eb cilin ekstremist\u00eb t\u00eb majt\u00eb n\u00eb SHBA, n\u00ebn ndikimin direkt t\u00eb Xhorxh Sorosit, nd\u00ebrmor\u00ebn fushat\u00ebn m\u00eb t\u00eb paimagjinueshme t\u00eb ndryshimit t\u00eb gjinis\u00eb.<\/p>\n<p>Ligjin, me t\u00eb cilin u vendos censura m\u00eb e rrept\u00eb.<\/p>\n<p>Ligjin, me t\u00eb cilin presidentin Donald Trump, formuluan ndaj tij 35 akuza, e gjobit\u00ebn qindra e qindra milion\u00eb euro.<\/p>\n<p>At\u00eb ligj votoi parlamenti.<\/p>\n<p>At\u00eb ligj, shqiptar\u00ebt nuk do ta pranojn\u00eb kurr\u00eb.<\/p>\n<p>Sepse ai ligj \u00ebsht\u00eb shp\u00ebrb\u00ebrja e familjes.<\/p>\n<p>Po u shp\u00ebrb\u00eb familja, Shqip\u00ebria shp\u00ebrb\u00ebhet, kombi shp\u00ebrb\u00ebhet, zhduket, si\u00e7 jan\u00eb zhdukur kombet n\u00eb histori.<\/p>\n<p>Ndaj dhe ne sot k\u00ebtu jemi t\u00eb betuar se at\u00eb ligj nuk do e pranojm\u00eb kurr\u00eb.<\/p>\n<p>Se familja shqiptare do mbetet institucioni m\u00eb i shenjt\u00eb i \u00e7do shqiptari.<\/p>\n<p>Familja shqiptare do mbetet institucioni m\u00eb i shenjt\u00eb i kombit shqiptar dhe Shqip\u00ebris\u00eb.<\/p>\n<p>Kjo familje, k\u00ebt\u00eb komb e ka sjell\u00eb gjer dit\u00ebn e sotme nga lasht\u00ebsia.<\/p>\n<p>Kjo familje, k\u00ebt\u00eb familje, Edi Rama dhe Lubia k\u00ebrkojn\u00eb ta shkat\u00ebrrojn\u00eb.<\/p>\n<p>Kjo familje do mbrohet me \u00e7do \u00e7mim. Do mbrohet me \u00e7do \u00e7mim. Do mbrohet me \u00e7do \u00e7mim.<\/p>\n<p>T\u00eb gjith\u00eb ju dhe ata t\u00eb cil\u00ebt nuk jan\u00eb sot me ne p\u00ebr nj\u00eb arsye apo nj\u00eb tjet\u00ebr sepse nuk kan\u00eb pasur mund\u00ebsi t\u00eb vijn\u00eb, e keni p\u00ebr detyr\u00eb t\u00eb ulemi me \u00e7do shqiptar.<\/p>\n<p>T\u00eb ulemi sepse platforma parlamentaro-qytetare \u00ebsht\u00eb platform\u00eb e qytetar\u00ebve shqiptar\u00eb, demokrat\u00eb, pa parti, por edhe e socialist\u00ebve q\u00eb e duan familjen, q\u00eb e duan Shqip\u00ebrin\u00eb, q\u00eb e duan vendin.<\/p>\n<p>Kjo platform\u00eb \u00ebsht\u00eb platforma e nj\u00eb bashkimi m\u00eb t\u00eb madh se kurr\u00eb t\u00eb shqiptar\u00ebve rreth vlerave m\u00eb t\u00eb shenjta t\u00eb tyre, rreth vot\u00ebs s\u00eb lir\u00eb, rreth familjes.<\/p>\n<p>Ndaj dhe nga kjo platform\u00eb, q\u00eb do vazhdoj\u00eb gjersa Rama dhe Belinda t\u00eb shporren nga ai vend, do t\u00eb shnd\u00ebrrohet n\u00eb uraganin e fuqish\u00ebm, n\u00eb uraganin e shpres\u00ebs, n\u00eb uraganin e besimit, n\u00eb uraganin e fitores.<\/p>\n<p>Rrofshi ju.<\/p>\n<p>Rroft\u00eb opozita.<\/p>\n<p>Rroft\u00eb Shqip\u00ebria!<\/p>\n","protected":false},"excerpt":{"rendered":"<p>Kryetari i PD, Sali Berisha, deklaroi para mij\u00ebra mb\u00ebshtet\u00ebsve se platforma parlamentaro-qytetare q\u00eb opozita ka nisur sot n\u00eb shesh, synon t\u00eb kthehet n\u00eb nj\u00eb l\u00ebvizje komb\u00ebtare p\u00ebr mbrojtjen e vot\u00ebs s\u00eb lir\u00eb dhe t\u00eb familjes shqiptare. Duke akuzuar mazhoranc\u00ebn se ka votuar \u2018ligjin Soros\u2019, t\u00eb cilin ai e cil\u00ebsoi si nj\u00eb k\u00ebrc\u00ebnim p\u00ebr vlerat tradicionale &hellip;<\/p>\n","protected":false},"author":4,"featured_media":128639,"comment_status":"closed","ping_status":"closed","sticky":false,"template":"","format":"standard","meta":{"footnotes":""},"categories":[37],"tags":[],"class_list":["post-128638","post","type-post","status-publish","format-standard","has-post-thumbnail","","category-politike"],"_links":{"self":[{"href":"https:\/\/rdnews.al\/index.php\/wp-json\/wp\/v2\/posts\/128638","targetHints":{"allow":["GET"]}}],"collection":[{"href":"https:\/\/rdnews.al\/index.php\/wp-json\/wp\/v2\/posts"}],"about":[{"href":"https:\/\/rdnews.al\/index.php\/wp-json\/wp\/v2\/types\/post"}],"author":[{"embeddable":true,"href":"https:\/\/rdnews.al\/index.php\/wp-json\/wp\/v2\/users\/4"}],"replies":[{"embeddable":true,"href":"https:\/\/rdnews.al\/index.php\/wp-json\/wp\/v2\/comments?post=128638"}],"version-history":[{"count":1,"href":"https:\/\/rdnews.al\/index.php\/wp-json\/wp\/v2\/posts\/128638\/revisions"}],"predecessor-version":[{"id":128640,"href":"https:\/\/rdnews.al\/index.php\/wp-json\/wp\/v2\/posts\/128638\/revisions\/128640"}],"wp:featuredmedia":[{"embeddable":true,"href":"https:\/\/rdnews.al\/index.php\/wp-json\/wp\/v2\/media\/128639"}],"wp:attachment":[{"href":"https:\/\/rdnews.al\/index.php\/wp-json\/wp\/v2\/media?parent=128638"}],"wp:term":[{"taxonomy":"category","embeddable":true,"href":"https:\/\/rdnews.al\/index.php\/wp-json\/wp\/v2\/categories?post=128638"},{"taxonomy":"post_tag","embeddable":true,"href":"https:\/\/rdnews.al\/index.php\/wp-json\/wp\/v2\/tags?post=128638"}],"curies":[{"name":"wp","href":"https:\/\/api.w.org\/{rel}","templated":true}]}}