{"id":128641,"date":"2025-11-17T18:27:02","date_gmt":"2025-11-17T18:27:02","guid":{"rendered":"https:\/\/rdnews.al\/?p=128641"},"modified":"2025-11-17T18:27:02","modified_gmt":"2025-11-17T18:27:02","slug":"kellici-aksioni-jone-mbaron-kur-te-dergojme-ballukun-dhe-ramen-tek-erion-veliaj","status":"publish","type":"post","link":"https:\/\/rdnews.al\/index.php\/2025\/11\/17\/kellici-aksioni-jone-mbaron-kur-te-dergojme-ballukun-dhe-ramen-tek-erion-veliaj\/","title":{"rendered":"K\u00eblli\u00e7i: Aksioni jon\u00eb mbaron kur t\u00eb d\u00ebrgojm\u00eb Ballukun dhe Ram\u00ebn tek Erion Veliaj"},"content":{"rendered":"<p>Deputeti Belind K\u00eblli\u00e7i tha para protestuesve se, ky aksion politik do t\u00eb \u00e7oj\u00eb n\u00eb p\u00ebrgjegj\u00ebsi ligjore kryeministrin Edi Rama dhe ministra t\u00eb kabinetit t\u00eb tij, duke parashikuar nj\u00eb fat t\u00eb ngjash\u00ebm me at\u00eb t\u00eb kryebashkiakut t\u00eb Tiran\u00ebs, Erion Veliaj.<\/p>\n<p>K\u00eblli\u00e7i paralajm\u00ebroi se ajo q\u00eb ai e quajti \u201cmedia e regjimit\u201d do t\u00eb tentoj\u00eb t\u00eb helmoj\u00eb opinionin publik mbi organizimin dhe mesazhet e protest\u00ebs. Megjithat\u00eb, ai shprehu bindjen se kjo nism\u00eb do t&#8217;ia dal\u00eb, duke sjell\u00eb n\u00eb v\u00ebmendje dy raste t\u00eb m\u00ebparshme.<\/p>\n<p><strong>Belind K\u00eblli\u00e7i:<\/strong>\u00a0T\u00eb nderuar qytetar\u00eb, mir\u00ebmbr\u00ebma! T\u00eb rinj, t\u00eb reja, qytetar\u00eb, demokrat\u00eb, q\u00ebndrestar\u00eb q\u00eb keni ardhur sot n\u00eb k\u00ebt\u00eb foltore t\u00eb par\u00eb parlamentaro-qytetare, e cila p\u00ebr nj\u00eb minut\u00eb do t\u00eb duhet t\u00eb marr\u00eb nj\u00eb shpjegim p\u00ebr t\u00eb gjith\u00eb ata q\u00eb na ndjekin, q\u00eb jan\u00eb k\u00ebtu, por ata q\u00eb sonte n\u00eb mbr\u00ebmje, duke filluar nga or\u00ebt e vona t\u00eb nat\u00ebs, do t\u00eb helmohen n\u00eb m\u00ebnyr\u00eb permanente nga mediat e regjimit p\u00ebr organizimin, p\u00ebr pjes\u00ebmarrjen, p\u00ebr njer\u00ebzit, p\u00ebr mesazhet e shum\u00eb e shum\u00eb \u00e7\u00ebshtje t\u00eb tjera.<\/p>\n<p>Arsyeja pse kjo foltore do t&#8217;ia dal\u00eb \u00ebsht\u00eb se kemi dy precedent\u00eb. Mos harroni, foltoren e par\u00eb n\u00eb shtator t\u00eb vitit 2021, kur Shqip\u00ebria k\u00ebrc\u00ebnohej t\u00eb lihej pa opozit\u00eb. Ishte nj\u00eb foltore e par\u00eb e drejtuar nga doktor Berisha q\u00eb riktheu shpres\u00ebn n\u00eb Partin\u00eb Demokratike dhe ia doli t\u00eb shp\u00ebtoj\u00eb opozit\u00ebn vet\u00ebm brenda tre muajsh. Ishte nj\u00eb foltore q\u00eb nisi me 1\/100 e njer\u00ebzve q\u00eb jan\u00eb sot prezent k\u00ebtu dhe p\u00ebrfundoi n\u00eb Kuvendin Komb\u00ebtar t\u00eb rithemelimit t\u00eb Partis\u00eb Demokratike n\u00eb stadiumin komb\u00ebtar Air Albania, t\u00eb mbushur si kurr\u00eb m\u00eb par\u00eb.<\/p>\n<p>Dhe ia doli t&#8217;i rikthej\u00eb shpres\u00ebn qytetar\u00ebve dhe t\u00eb mbaj\u00eb n\u00eb k\u00ebmb\u00eb Partin\u00eb Demokratike. Ka nj\u00eb precedent t\u00eb dyt\u00eb, t\u00eb dashur miq. N\u00eb 14 maj t\u00eb vitit 2023, u organizuan zgjedhjet m\u00eb t\u00eb pabarabarta q\u00eb jan\u00eb mbajtur ndonj\u00ebher\u00eb n\u00eb Shqip\u00ebri, ku kandidat\u00ebt e Partis\u00eb Demokratike garuan pa fonde, pa mb\u00ebshtetje, pa komisioner\u00eb, pa gjysm\u00ebn e num\u00ebruesve, pa minutazh mediatik, pa emrin e kryetarit t\u00eb tyre n\u00eb flet\u00ebn e votimit, dhe mor\u00ebn 500.000 vota. Dhe pak muaj m\u00eb pas nisi seria e denoncimeve t\u00eb asaj q\u00eb ishte kthyer Bashkia e Tiran\u00ebs t\u00eb 5D-s\u00eb.<\/p>\n<p>I nis\u00ebn protestat para Bashkis\u00eb Tiran\u00eb n\u00eb prill t\u00eb vitit 2024. P\u00ebr 44 jav\u00eb, n\u00eb shi, n\u00eb diell, m\u00eb pak se 1\/10 e atyre q\u00eb jemi sonte k\u00ebtu, kemi protestuar, jemi anatemuar, jemi p\u00ebrbaltur, jemi goditur, na kan\u00eb quajtur t\u00eb shitur, nuk kan\u00eb l\u00ebn\u00eb gj\u00eb pa shpikur dhe jan\u00eb t\u00eb nj\u00ebjtat media q\u00eb sulmuan PD-n\u00eb dhe her\u00ebn e par\u00eb n\u00eb 2021-shin, e sulmuan prap\u00eb n\u00eb 2023-shin dhe protesta jon\u00eb ia doli q\u00eb p\u00ebr 11 muaj Erjon Veliajn, kreun e 5D-s\u00eb dhe pronarin faktik t\u00eb inceneratorit t\u00eb Tiran\u00ebs, ta p\u00ebrcillte n\u00eb burgun e Durr\u00ebsit. Ndaj kujdo q\u00eb ka sot nj\u00eb pik\u00ebpyetje, kujdo q\u00eb mendon se kjo foltore nuk do t&#8217;ia arrij\u00eb q\u00ebllimit, i b\u00ebj me dije se p\u00ebrfundimi i k\u00ebtij aksioni politik do t\u00eb jet\u00eb po nj\u00eblloj. Belinda Balluku dhe Edi Rama do t\u00eb shkojn\u00eb te miku i tyre Erjon Veliaj. Sepse ne k\u00ebt\u00eb protest\u00eb nuk do ta ndalim, sepse n\u00eb k\u00ebt\u00eb foltore do t\u00eb dalin t\u00eb gjitha ato t\u00eb v\u00ebrteta t\u00eb cilat n\u00eb dy muaj me radh\u00eb n\u00eb parlament na jan\u00eb mohuar.<\/p>\n","protected":false},"excerpt":{"rendered":"<p>Deputeti Belind K\u00eblli\u00e7i tha para protestuesve se, ky aksion politik do t\u00eb \u00e7oj\u00eb n\u00eb p\u00ebrgjegj\u00ebsi ligjore kryeministrin Edi Rama dhe ministra t\u00eb kabinetit t\u00eb tij, duke parashikuar nj\u00eb fat t\u00eb ngjash\u00ebm me at\u00eb t\u00eb kryebashkiakut t\u00eb Tiran\u00ebs, Erion Veliaj. K\u00eblli\u00e7i paralajm\u00ebroi se ajo q\u00eb ai e quajti \u201cmedia e regjimit\u201d do t\u00eb tentoj\u00eb t\u00eb helmoj\u00eb &hellip;<\/p>\n","protected":false},"author":4,"featured_media":128642,"comment_status":"closed","ping_status":"closed","sticky":false,"template":"","format":"standard","meta":{"footnotes":""},"categories":[37],"tags":[],"class_list":["post-128641","post","type-post","status-publish","format-standard","has-post-thumbnail","","category-politike"],"_links":{"self":[{"href":"https:\/\/rdnews.al\/index.php\/wp-json\/wp\/v2\/posts\/128641","targetHints":{"allow":["GET"]}}],"collection":[{"href":"https:\/\/rdnews.al\/index.php\/wp-json\/wp\/v2\/posts"}],"about":[{"href":"https:\/\/rdnews.al\/index.php\/wp-json\/wp\/v2\/types\/post"}],"author":[{"embeddable":true,"href":"https:\/\/rdnews.al\/index.php\/wp-json\/wp\/v2\/users\/4"}],"replies":[{"embeddable":true,"href":"https:\/\/rdnews.al\/index.php\/wp-json\/wp\/v2\/comments?post=128641"}],"version-history":[{"count":1,"href":"https:\/\/rdnews.al\/index.php\/wp-json\/wp\/v2\/posts\/128641\/revisions"}],"predecessor-version":[{"id":128643,"href":"https:\/\/rdnews.al\/index.php\/wp-json\/wp\/v2\/posts\/128641\/revisions\/128643"}],"wp:featuredmedia":[{"embeddable":true,"href":"https:\/\/rdnews.al\/index.php\/wp-json\/wp\/v2\/media\/128642"}],"wp:attachment":[{"href":"https:\/\/rdnews.al\/index.php\/wp-json\/wp\/v2\/media?parent=128641"}],"wp:term":[{"taxonomy":"category","embeddable":true,"href":"https:\/\/rdnews.al\/index.php\/wp-json\/wp\/v2\/categories?post=128641"},{"taxonomy":"post_tag","embeddable":true,"href":"https:\/\/rdnews.al\/index.php\/wp-json\/wp\/v2\/tags?post=128641"}],"curies":[{"name":"wp","href":"https:\/\/api.w.org\/{rel}","templated":true}]}}