{"id":128644,"date":"2025-11-17T18:30:55","date_gmt":"2025-11-17T18:30:55","guid":{"rendered":"https:\/\/rdnews.al\/?p=128644"},"modified":"2025-11-17T18:30:55","modified_gmt":"2025-11-17T18:30:55","slug":"hoti-te-rinjte-po-ikin-te-moshuarit-po-harrohen-pensionet-dhe-pagat-nuk-rriten","status":"publish","type":"post","link":"https:\/\/rdnews.al\/index.php\/2025\/11\/17\/hoti-te-rinjte-po-ikin-te-moshuarit-po-harrohen-pensionet-dhe-pagat-nuk-rriten\/","title":{"rendered":"Hoti: T\u00eb rinjt\u00eb po ikin, t\u00eb moshuarit po harrohen! Pensionet dhe pagat nuk rriten!"},"content":{"rendered":"<p>Gjat\u00eb protest\u00ebs s\u00eb opozit\u00ebs, deputetja Elda Hoti kritikoi qeverin\u00eb p\u00ebr varf\u00ebrimin e qytetar\u00ebve, shp\u00ebrfilljen e minator\u00ebve t\u00eb Spa\u00e7it dhe mosrealizimin e rritjes s\u00eb pensioneve dhe pagave.<\/p>\n<p>Ajo akuzoi mazhoranc\u00ebn se refuzoi t\u00eb diskutoj\u00eb n\u00eb Kuvend vendosjen e minimumit jetik prej 200 eurosh dhe denoncoi abuzime financiare n\u00eb projekte publike, duke p\u00ebrmendur tender\u00eb dhe shuma t\u00eb m\u00ebdha t\u00eb humbura nga qytetar\u00ebt. Hoti theksoi se realiteti i shqiptar\u00ebve \u00ebsht\u00eb i v\u00ebshtir\u00eb, nd\u00ebrsa propaganda e qeveris\u00eb e paraqet t\u00eb kund\u00ebrt\u00ebn.<\/p>\n<p><strong>Elda Hoti: <\/strong>T\u00eb dashur qytetar\u00eb, dua ta nis k\u00ebt\u00eb fjal\u00eb me nj\u00eb falenderim t\u00eb sinqert\u00eb p\u00ebr secilin prej jush q\u00eb jeni sot k\u00ebtu. P\u00ebr secilin demokrat q\u00eb ka q\u00ebndruar dhe vazhdon t\u00eb q\u00ebndroj\u00eb n\u00eb k\u00ebto vitet e v\u00ebshtira n\u00eb opozit\u00eb. P\u00ebr secilin qytetar q\u00eb nuk heshti, edhe kur pushteti p\u00ebrdori \u00e7do mjet p\u00ebr t&#8217;jua mbyllur goj\u00ebn. Ju nuk u n\u00ebnshtruat, ju nuk u larguat, ju nuk hesht\u00ebt dhe kjo, zonja e zot\u00ebrinj, \u00ebsht\u00eb forca e v\u00ebrtet\u00eb e demokrat\u00ebve, q\u00ebndresa.<\/p>\n<p>Por le t\u00eb jemi t\u00eb sinqert\u00eb. Shpesh fjal\u00ebt tona n\u00eb k\u00ebt\u00eb podium duken si retorik\u00eb politike, si fjal\u00eb q\u00eb vijn\u00eb e ikin, por jeta e shqiptar\u00ebve nuk \u00ebsht\u00eb retorik\u00eb, ajo \u00ebsht\u00eb realitet. P\u00ebrditshm\u00ebria \u00ebsht\u00eb e ashp\u00ebr, varf\u00ebria \u00ebsht\u00eb rritur dhe shpresa \u00ebsht\u00eb e lodhur. Qytetar\u00ebt tan\u00eb po shtyhen \u00e7do dit\u00eb e m\u00eb shum\u00eb drejt varf\u00ebris\u00eb.<\/p>\n<p>Hap\u00ebsirat e liris\u00eb po ngushtohen. T\u00eb rinjt\u00eb po ikin, t\u00eb moshuarit po harrohen, n\u00ebnat po sakrifikojn\u00eb. Familjet mezi po mbijetojn\u00eb dhe pik\u00ebrisht k\u00ebtu, zonja dhe zot\u00ebrinj, na dalin p\u00ebrpara shembulli i gjall\u00eb i k\u00ebsaj padrejt\u00ebsie. Minator\u00ebt e minier\u00ebs s\u00eb Spa\u00e7it n\u00eb Mirdit\u00eb. K\u00ebta burra t\u00eb ndersh\u00ebm e fisnik\u00eb q\u00eb protestojn\u00eb p\u00ebr dinjitetin t\u00eb mohuar, jan\u00eb simbol i sakrific\u00ebs shqiptare.<\/p>\n<p>Ata nuk k\u00ebrkojn\u00eb l\u00ebmosh\u00eb, por ata k\u00ebrkojn\u00eb drejt\u00ebsi. Dhe kur nj\u00eb shtet i kthen shpin\u00ebn atyre q\u00eb kan\u00eb sakrifikuar \u00e7do dit\u00eb n\u00eb thell\u00ebsin\u00eb e tok\u00ebs, atyre q\u00eb e kan\u00eb mbajtur mbi supe pasurit\u00eb e k\u00ebtij vendi, at\u00ebher\u00eb ky nuk \u00ebsht\u00eb m\u00eb shteti i qytetar\u00ebve, por shteti i pushtetar\u00ebve. Z\u00ebri i Spa\u00e7it sot \u00ebsht\u00eb z\u00ebri i \u00e7do shqiptari q\u00eb k\u00ebrkon respekt dhe trajtim t\u00eb barabart\u00eb.<\/p>\n<p>Un\u00eb nuk jam ekonomiste n\u00eb profesion, por kjo nuk m\u00eb pengon t\u00eb kuptoj se \u00e7far\u00eb do t\u00eb thot\u00eb propaganda dhe \u00e7far\u00eb do t\u00eb thot\u00eb realiteti. Sepse shqiptari zgjohet \u00e7do dit\u00eb me realitetin q\u00eb propaganda mundohet ta fsheh\u00eb. Secili prej jush sot k\u00ebtu, por dhe \u00e7do qytetar, \u00ebsht\u00eb njohur dit\u00ebt e fundit me retorik\u00ebn e mazhoranc\u00ebs p\u00ebr buxhetin. Buxheti m\u00eb i madh n\u00eb histori, suksesi i reformave dhe ku di un\u00eb \u00e7far\u00eb tjet\u00ebr. Por askush nuk mund t\u00eb thot\u00eb se \u00e7far\u00eb p\u00ebrfitojn\u00eb qytetar\u00ebt.<\/p>\n<p>A ka rritje pagash? Jo, nuk ka. A ka rritje pensionesh? Po, ka, por me shifra tall\u00ebse dhe fyes\u00eb. A e dini ju sa i rritet pensioni nj\u00eb pensionisti n\u00eb fshat? Vet\u00ebm 200 lek\u00eb t\u00eb vjetra n\u00eb dit\u00eb. Dhe kjo \u00ebsht\u00eb m\u00eb shum\u00eb se fyes\u00eb, kjo \u00ebsht\u00eb posht\u00ebrim. Sot n\u00eb kuvend do t\u00eb diskutohej propozimi i Partis\u00eb Demokratike p\u00ebr vendosjen e minimumit jetik dhe mazhoranca jo vet\u00ebm nuk e pranoi, por refuzoi t\u00eb debatoj\u00eb mbi t\u00eb.<\/p>\n<p>Ne kemi propozuar minimumin jetik 200 euro n\u00eb muaj, posht\u00eb t\u00eb cilit askush nuk mundet dhe nuk duhet t\u00eb jetoj\u00eb. Por mazhoranca thot\u00eb se ka n\u00eb buxhetin e vet 1.8 miliard\u00eb euro p\u00ebr familjet n\u00eb nevoj\u00eb dhe kjo shif\u00ebr p\u00ebrkthehet vet\u00ebm 36.000 lek\u00eb t\u00eb vjetra n\u00eb muaj. Pra, ne themi minimalisht 200 euro n\u00eb muaj, mazhoranca thot\u00eb 36.000 lek\u00eb t\u00eb vjetra n\u00eb muaj.<\/p>\n<p>Ja ku \u00ebsht\u00eb dallimi. Ja ku ndahet e drejta nga e padrejta. Ja ku ndahet qeverisja p\u00ebr njer\u00ebzit nga qeverisja p\u00ebr xhepat e pushtetar\u00ebve dhe kjo \u00ebsht\u00eb pasqyra, ky \u00ebsht\u00eb realiteti se \u00e7far\u00eb p\u00ebrfaq\u00ebson Partia Demokratike dhe \u00e7far\u00eb p\u00ebrfaq\u00ebson Partia Socialiste. N\u00eb shifra \u00ebsht\u00eb buxheti m\u00eb i madh, por ato shifra nuk vijn\u00eb tek ju, shkojn\u00eb tek xhepat e pushtetar\u00ebve. 50 milion\u00eb euro vodhi Belinda Balluku vet\u00ebm me nj\u00eb firm\u00eb n\u00eb tunelin e Llogaras\u00eb.<\/p>\n<p>80 milion\u00eb euro me dy tecet lundruese. 180 milion\u00eb euro me tendrin e shitblerjes s\u00eb energjis\u00eb. Po k\u00ebto nuk jan\u00eb thjesht shifra. K\u00ebto jan\u00eb dit\u00eb, jet\u00eb t\u00eb marra qytetar\u00ebve. K\u00ebto jan\u00eb e ardhmja e vjedhur e f\u00ebmij\u00ebve tan\u00eb, k\u00ebto jan\u00eb mund\u00ebsit\u00eb e shkat\u00ebrruara.<\/p>\n","protected":false},"excerpt":{"rendered":"<p>Gjat\u00eb protest\u00ebs s\u00eb opozit\u00ebs, deputetja Elda Hoti kritikoi qeverin\u00eb p\u00ebr varf\u00ebrimin e qytetar\u00ebve, shp\u00ebrfilljen e minator\u00ebve t\u00eb Spa\u00e7it dhe mosrealizimin e rritjes s\u00eb pensioneve dhe pagave. Ajo akuzoi mazhoranc\u00ebn se refuzoi t\u00eb diskutoj\u00eb n\u00eb Kuvend vendosjen e minimumit jetik prej 200 eurosh dhe denoncoi abuzime financiare n\u00eb projekte publike, duke p\u00ebrmendur tender\u00eb dhe shuma t\u00eb &hellip;<\/p>\n","protected":false},"author":4,"featured_media":128645,"comment_status":"closed","ping_status":"closed","sticky":false,"template":"","format":"standard","meta":{"footnotes":""},"categories":[37],"tags":[],"class_list":["post-128644","post","type-post","status-publish","format-standard","has-post-thumbnail","","category-politike"],"_links":{"self":[{"href":"https:\/\/rdnews.al\/index.php\/wp-json\/wp\/v2\/posts\/128644","targetHints":{"allow":["GET"]}}],"collection":[{"href":"https:\/\/rdnews.al\/index.php\/wp-json\/wp\/v2\/posts"}],"about":[{"href":"https:\/\/rdnews.al\/index.php\/wp-json\/wp\/v2\/types\/post"}],"author":[{"embeddable":true,"href":"https:\/\/rdnews.al\/index.php\/wp-json\/wp\/v2\/users\/4"}],"replies":[{"embeddable":true,"href":"https:\/\/rdnews.al\/index.php\/wp-json\/wp\/v2\/comments?post=128644"}],"version-history":[{"count":1,"href":"https:\/\/rdnews.al\/index.php\/wp-json\/wp\/v2\/posts\/128644\/revisions"}],"predecessor-version":[{"id":128646,"href":"https:\/\/rdnews.al\/index.php\/wp-json\/wp\/v2\/posts\/128644\/revisions\/128646"}],"wp:featuredmedia":[{"embeddable":true,"href":"https:\/\/rdnews.al\/index.php\/wp-json\/wp\/v2\/media\/128645"}],"wp:attachment":[{"href":"https:\/\/rdnews.al\/index.php\/wp-json\/wp\/v2\/media?parent=128644"}],"wp:term":[{"taxonomy":"category","embeddable":true,"href":"https:\/\/rdnews.al\/index.php\/wp-json\/wp\/v2\/categories?post=128644"},{"taxonomy":"post_tag","embeddable":true,"href":"https:\/\/rdnews.al\/index.php\/wp-json\/wp\/v2\/tags?post=128644"}],"curies":[{"name":"wp","href":"https:\/\/api.w.org\/{rel}","templated":true}]}}