{"id":128736,"date":"2025-11-18T13:55:54","date_gmt":"2025-11-18T13:55:54","guid":{"rendered":"https:\/\/rdnews.al\/?p=128736"},"modified":"2025-11-18T13:58:44","modified_gmt":"2025-11-18T13:58:44","slug":"po-perballej-me-thatesiren-me-te-madhe-ne-histori-mbjellja-e-reve-ne-iran-shkakton-permbytje","status":"publish","type":"post","link":"https:\/\/rdnews.al\/index.php\/2025\/11\/18\/po-perballej-me-thatesiren-me-te-madhe-ne-histori-mbjellja-e-reve-ne-iran-shkakton-permbytje\/","title":{"rendered":"Po p\u00ebrballej me that\u00ebsir\u00ebn m\u00eb t\u00eb madhe n\u00eb histori\/ Mbjellja e reve n\u00eb Iran shkakton p\u00ebrmbytje"},"content":{"rendered":"<p>Autoritetet iraniane nis\u00ebn k\u00ebt\u00eb fundjav\u00eb operacione t\u00eb mbjelljes s\u00eb reve p\u00ebr t\u00eb shkaktuar reshje, nd\u00ebrsa Irani po p\u00ebrballet me that\u00ebsir\u00ebn m\u00eb t\u00eb r\u00ebnd\u00eb n\u00eb dekada, raportuan mediat shtet\u00ebrore.<\/p>\n<p>\u201cSot u krye nj\u00eb fluturim mbjelljeje reve n\u00eb pellgun e Liqenit Urmia p\u00ebr her\u00eb t\u00eb par\u00eb k\u00ebt\u00eb vit hidrologjik\u201d, q\u00eb nis n\u00eb shtator, theksoi agjencia IRNA von\u00eb t\u00eb shtun\u00ebn.<\/p>\n<p>Liqeni, m\u00eb i madhi i Iranit n\u00eb veriper\u00ebndim t\u00eb vendit, \u00ebsht\u00eb tkurrur ndjesh\u00ebm p\u00ebr shkak t\u00eb munges\u00ebs s\u00eb shiut.<\/p>\n<p>Sipas IRNA-s, planifikohen operacione t\u00eb m\u00ebtejshme n\u00eb provincat Azerbajxhan Lindor dhe Per\u00ebndimor.<\/p>\n<p>Vitit e kaluar, Teherani njoftoi se kishte zhvilluar teknologjin\u00eb e vet p\u00ebr mbjelljen e reve me avion\u00eb. Kryesisht e that\u00eb, vendi vuan prej vitesh nga that\u00ebsira dhe val\u00eb t\u00eb nxehti, q\u00eb pritet t\u00eb p\u00ebrkeq\u00ebsohen me ndryshimet klimatike.<\/p>\n<p>Irani po p\u00ebrjeton \u201cvjesht\u00ebn m\u00eb t\u00eb that\u00eb n\u00eb 50 vjet\u201d, raportoi IRNA. Sipas sh\u00ebrbimit meteorologjik komb\u00ebtar, reshjet k\u00ebt\u00eb vit jan\u00eb 89% n\u00ebn mesataren afatgjat\u00eb.<\/p>\n<p>Megjithat\u00eb, t\u00eb shtun\u00ebn IRNA raportoi shi n\u00eb zona per\u00ebndimore dhe veriper\u00ebndimore t\u00eb vendit.<\/p>\n<p>Mediat lokale transmetuan video me reshje t\u00eb forta n\u00eb Ahvaz dhe Shushtar (jugper\u00ebndim), si dhe n\u00eb Salmas, Urmia (veriper\u00ebndim) dhe Abdanan (per\u00ebndim).<\/p>\n<p>N\u00eb disa zona, shiu i rr\u00ebmbyesh\u00ebm shkaktoi p\u00ebrmbytje. Mediat shtet\u00ebrore treguan gjithashtu imazhe t\u00eb bor\u00ebs s\u00eb par\u00eb n\u00eb malet Alborz dhe n\u00eb qendr\u00ebn e skive Tochal, n\u00eb veri t\u00eb kryeqytetit.<\/p>\n<p>Vendi po p\u00ebrballet me kriz\u00eb t\u00eb r\u00ebnd\u00eb uji dhe n\u00eb Teheran niveli i ul\u00ebt i reshjeve \u00ebsht\u00eb pothuajse i paprecedent\u00eb n\u00eb nj\u00eb shekull\u00bb, kishte th\u00ebn\u00eb nj\u00eb zyrtar lokal n\u00eb tetor.<\/p>\n<p>Nga 31 provincat iraniane, 15 nuk pat\u00ebn asnj\u00eb pik\u00eb shi k\u00ebt\u00eb vjesht\u00eb, raportojn\u00eb mediat iraniane.<\/p>\n<p>Nivelet e ujit n\u00eb rezervuar\u00ebt q\u00eb furnizojn\u00eb shum\u00eb provinca kan\u00eb r\u00ebn\u00eb n\u00eb minimumin historik. M\u00eb her\u00ebt k\u00ebt\u00eb muaj, presidenti i Iranit paralajm\u00ebroi se Teherani mund t\u00eb evakuohet p\u00ebr shkak t\u00eb munges\u00ebs s\u00eb ujit n\u00ebse nuk bie shi deri n\u00eb fund t\u00eb vitit.<\/p>\n<p>Masoud Pezeshkian nuk sqaroi se si do t\u00eb zhvillohej nj\u00eb operacion i till\u00eb. Qeveria m\u00eb von\u00eb sqaroi se q\u00ebllimi ishte informimi i publikut p\u00ebr seriozitetin e situat\u00ebs, jo shpallja e nj\u00eb plani konkret.<\/p>\n<p>Vende t\u00eb tjera n\u00eb rajon, ve\u00e7an\u00ebrisht Emiratet e Bashkuara Arabe, p\u00ebrdorin gjithashtu mbjelljen e reve p\u00ebr t\u00eb nxitur reshjet.<\/p>\n<p>&nbsp;<\/p>\n","protected":false},"excerpt":{"rendered":"<p>Autoritetet iraniane nis\u00ebn k\u00ebt\u00eb fundjav\u00eb operacione t\u00eb mbjelljes s\u00eb reve p\u00ebr t\u00eb shkaktuar reshje, nd\u00ebrsa Irani po p\u00ebrballet me that\u00ebsir\u00ebn m\u00eb t\u00eb r\u00ebnd\u00eb n\u00eb dekada, raportuan mediat shtet\u00ebrore. \u201cSot u krye nj\u00eb fluturim mbjelljeje reve n\u00eb pellgun e Liqenit Urmia p\u00ebr her\u00eb t\u00eb par\u00eb k\u00ebt\u00eb vit hidrologjik\u201d, q\u00eb nis n\u00eb shtator, theksoi agjencia IRNA von\u00eb &hellip;<\/p>\n","protected":false},"author":3,"featured_media":128740,"comment_status":"closed","ping_status":"closed","sticky":false,"template":"","format":"standard","meta":{"footnotes":""},"categories":[38],"tags":[],"class_list":["post-128736","post","type-post","status-publish","format-standard","has-post-thumbnail","","category-bota"],"_links":{"self":[{"href":"https:\/\/rdnews.al\/index.php\/wp-json\/wp\/v2\/posts\/128736","targetHints":{"allow":["GET"]}}],"collection":[{"href":"https:\/\/rdnews.al\/index.php\/wp-json\/wp\/v2\/posts"}],"about":[{"href":"https:\/\/rdnews.al\/index.php\/wp-json\/wp\/v2\/types\/post"}],"author":[{"embeddable":true,"href":"https:\/\/rdnews.al\/index.php\/wp-json\/wp\/v2\/users\/3"}],"replies":[{"embeddable":true,"href":"https:\/\/rdnews.al\/index.php\/wp-json\/wp\/v2\/comments?post=128736"}],"version-history":[{"count":1,"href":"https:\/\/rdnews.al\/index.php\/wp-json\/wp\/v2\/posts\/128736\/revisions"}],"predecessor-version":[{"id":128738,"href":"https:\/\/rdnews.al\/index.php\/wp-json\/wp\/v2\/posts\/128736\/revisions\/128738"}],"wp:featuredmedia":[{"embeddable":true,"href":"https:\/\/rdnews.al\/index.php\/wp-json\/wp\/v2\/media\/128740"}],"wp:attachment":[{"href":"https:\/\/rdnews.al\/index.php\/wp-json\/wp\/v2\/media?parent=128736"}],"wp:term":[{"taxonomy":"category","embeddable":true,"href":"https:\/\/rdnews.al\/index.php\/wp-json\/wp\/v2\/categories?post=128736"},{"taxonomy":"post_tag","embeddable":true,"href":"https:\/\/rdnews.al\/index.php\/wp-json\/wp\/v2\/tags?post=128736"}],"curies":[{"name":"wp","href":"https:\/\/api.w.org\/{rel}","templated":true}]}}