{"id":128751,"date":"2025-11-18T20:29:18","date_gmt":"2025-11-18T20:29:18","guid":{"rendered":"https:\/\/rdnews.al\/?p=128751"},"modified":"2025-11-18T20:29:47","modified_gmt":"2025-11-18T20:29:47","slug":"permbytjet-ne-kurbin-deputetet-e-pd-prane-banoreve-qytetaret-jane-braktisur-duhet-nderhyrje-urgjente","status":"publish","type":"post","link":"https:\/\/rdnews.al\/index.php\/2025\/11\/18\/permbytjet-ne-kurbin-deputetet-e-pd-prane-banoreve-qytetaret-jane-braktisur-duhet-nderhyrje-urgjente\/","title":{"rendered":"P\u00ebrmbytjet n\u00eb Kurbin, deputet\u00ebt e PD pran\u00eb banor\u00ebve: Qytetar\u00ebt jan\u00eb braktisur, duhet nd\u00ebrhyrje urgjente!"},"content":{"rendered":"<p class=\"TableParagraph\"><span style=\"font-size: 13.0pt; font-family: 'Helvetica',sans-serif;\">Deputet\u00ebt e PD, Gjin Gjoni dhe Kastriot Piroli pan\u00eb nga af\u00ebr situat\u00ebn e krijuar nga moti i keq n\u00eb Kurbin. Gjat\u00eb takimeve me banor\u00ebt, deputet\u00ebt konstatuan munges\u00eb t\u00eb plot\u00eb v\u00ebmendjeje nga autoritetet vendore dhe ato qendrore.<\/span><\/p>\n<p class=\"TableParagraph\" style=\"box-sizing: border-box; list-style-position: outside;\"><span style=\"font-size: 13.0pt; font-family: 'Helvetica',sans-serif; color: black;\">Sipas deputet\u00ebve, problematikat e p\u00ebrs\u00ebritura nd\u00ebr vite nuk jan\u00eb adresuar me nd\u00ebrhyrjet e nevojshme parandaluese, duke b\u00ebr\u00eb q\u00eb d\u00ebmet t\u00eb jen\u00eb edhe m\u00eb t\u00eb m\u00ebdha.<\/span><\/p>\n<p class=\"TableParagraph\"><span style=\"font-size: 13.0pt; font-family: 'Helvetica',sans-serif; color: black;\"><span style=\"box-sizing: border-box; list-style-position: outside;\">Nj\u00eb tjet\u00ebr \u00e7\u00ebshtje shqet\u00ebsuese e evidentuar gjat\u00eb inspektimit ishte fakti se ende ka familje t\u00eb mbetura t\u00eb pastreha q\u00eb prej t\u00ebrmetit t\u00eb vitit 2019.<\/span><\/span><\/p>\n<p class=\"TableParagraph\" style=\"box-sizing: border-box; list-style-position: outside;\"><span style=\"font-size: 13.0pt; font-family: 'Helvetica',sans-serif; color: black;\">Deputet\u00ebt u shpreh\u00ebn se shum\u00eb prej tyre vijojn\u00eb t\u00eb jetojn\u00eb n\u00eb kushte t\u00eb r\u00ebnda, n\u00eb banesa t\u00eb rr\u00ebnuara, ku \u00e7do reshje paraqet rrezik t\u00eb p\u00ebrditsh\u00ebm.<\/span><\/p>\n<p class=\"TableParagraph\" style=\"box-sizing: border-box; list-style-position: outside;\"><span style=\"font-size: 13.0pt; font-family: 'Helvetica',sans-serif; color: black;\">Deputeti Gjin Gjoni kritikoi propozimin p\u00ebr uljen e buxhetit t\u00eb bujq\u00ebsis\u00eb nga 5% n\u00eb 2.5%, duke e cil\u00ebsuar t\u00eb papranuesh\u00ebm p\u00ebr nj\u00eb sektor ky\u00e7 q\u00eb siguron jetes\u00ebn e mij\u00ebra familjeve n\u00eb zonat rurale.<\/span><\/p>\n<p class=\"TableParagraph\" style=\"box-sizing: border-box; list-style-position: outside;\"><span style=\"font-size: 13.0pt; font-family: 'Helvetica',sans-serif; color: black;\">Deputet\u00ebt i b\u00ebn\u00eb thirrje pushtetit vendor dhe atij qendror t\u00eb nd\u00ebrhyjn\u00eb me urgjenc\u00eb p\u00ebr t\u2019u ardhur n\u00eb ndihm\u00eb qytetar\u00ebve t\u00eb prekur nga p\u00ebrmbytjet.<\/span><\/p>\n","protected":false},"excerpt":{"rendered":"<p>Deputet\u00ebt e PD, Gjin Gjoni dhe Kastriot Piroli pan\u00eb nga af\u00ebr situat\u00ebn e krijuar nga moti i keq n\u00eb Kurbin. Gjat\u00eb takimeve me banor\u00ebt, deputet\u00ebt konstatuan munges\u00eb t\u00eb plot\u00eb v\u00ebmendjeje nga autoritetet vendore dhe ato qendrore. Sipas deputet\u00ebve, problematikat e p\u00ebrs\u00ebritura nd\u00ebr vite nuk jan\u00eb adresuar me nd\u00ebrhyrjet e nevojshme parandaluese, duke b\u00ebr\u00eb q\u00eb d\u00ebmet &hellip;<\/p>\n","protected":false},"author":4,"featured_media":29389,"comment_status":"closed","ping_status":"closed","sticky":false,"template":"","format":"standard","meta":{"footnotes":""},"categories":[37],"tags":[],"class_list":["post-128751","post","type-post","status-publish","format-standard","has-post-thumbnail","","category-politike"],"_links":{"self":[{"href":"https:\/\/rdnews.al\/index.php\/wp-json\/wp\/v2\/posts\/128751","targetHints":{"allow":["GET"]}}],"collection":[{"href":"https:\/\/rdnews.al\/index.php\/wp-json\/wp\/v2\/posts"}],"about":[{"href":"https:\/\/rdnews.al\/index.php\/wp-json\/wp\/v2\/types\/post"}],"author":[{"embeddable":true,"href":"https:\/\/rdnews.al\/index.php\/wp-json\/wp\/v2\/users\/4"}],"replies":[{"embeddable":true,"href":"https:\/\/rdnews.al\/index.php\/wp-json\/wp\/v2\/comments?post=128751"}],"version-history":[{"count":1,"href":"https:\/\/rdnews.al\/index.php\/wp-json\/wp\/v2\/posts\/128751\/revisions"}],"predecessor-version":[{"id":128752,"href":"https:\/\/rdnews.al\/index.php\/wp-json\/wp\/v2\/posts\/128751\/revisions\/128752"}],"wp:featuredmedia":[{"embeddable":true,"href":"https:\/\/rdnews.al\/index.php\/wp-json\/wp\/v2\/media\/29389"}],"wp:attachment":[{"href":"https:\/\/rdnews.al\/index.php\/wp-json\/wp\/v2\/media?parent=128751"}],"wp:term":[{"taxonomy":"category","embeddable":true,"href":"https:\/\/rdnews.al\/index.php\/wp-json\/wp\/v2\/categories?post=128751"},{"taxonomy":"post_tag","embeddable":true,"href":"https:\/\/rdnews.al\/index.php\/wp-json\/wp\/v2\/tags?post=128751"}],"curies":[{"name":"wp","href":"https:\/\/api.w.org\/{rel}","templated":true}]}}