{"id":128915,"date":"2025-11-20T10:43:48","date_gmt":"2025-11-20T10:43:48","guid":{"rendered":"https:\/\/rdnews.al\/?p=128915"},"modified":"2025-11-20T11:29:29","modified_gmt":"2025-11-20T11:29:29","slug":"gjykata-e-posacme-pezullon-nga-detyra-ballukun-e-ndalon-te-dale-jashte-vendit","status":"publish","type":"post","link":"https:\/\/rdnews.al\/index.php\/2025\/11\/20\/gjykata-e-posacme-pezullon-nga-detyra-ballukun-e-ndalon-te-dale-jashte-vendit\/","title":{"rendered":"Pezullohet nga detyra Balluku, Gjykata e ndalon t\u00eb dal\u00eb jasht\u00eb vendit!"},"content":{"rendered":"<p>Z\u00ebvend\u00ebskryeministrja Belinda Balluku nj\u00ebher\u00ebsh, ministrja e Infrastruktur\u00ebs dhe Energjetik\u00ebs \u00ebsht\u00eb pezulluar nga detyra me vendim t\u00eb Gjykat\u00ebs s\u00eb Posa\u00e7me Anti-Korrupsion si dhe i \u00ebsht\u00eb ndaluar dalja jasht\u00eb vendit.<\/p>\n<p>Vendimi \u00ebsht\u00eb marr\u00eb sot nga, gjyqtari Erion \u00c7ela, i k\u00ebrkuar nga prokurori Dritan Pren\u00e7i.<\/p>\n<p>Belinda Balluku, \u00ebsht\u00eb marr\u00eb zyrtarisht e pandehur p\u00ebr shkelje t\u00eb barazis\u00eb n\u00eb tendera publike, m\u00eb dat\u00eb 24 tetor 2025.<\/p>\n<p><strong>Si nisi hetimi?<\/strong><\/p>\n<p>N\u00eb gusht t\u00eb vitit 2024, Gazmend Bardhi, n\u00eb cil\u00ebsin\u00eb e p\u00ebrfaq\u00ebsuesit t\u00eb Partis\u00eb Demokratike, depozitoi nj\u00eb kall\u00ebzim penal kund\u00ebr Belinda Ballukut p\u00ebr procedurat e nd\u00ebrtimit t\u00eb Tunelit t\u00eb Llogaras\u00eb.<\/p>\n<p>N\u00eb janar t\u00eb k\u00ebtij viti, ish-zv.kryeministri Arben Ahmetaj, l\u00ebshoi gjithashtu nj\u00eb seri akuzash p\u00ebr p\u00ebrfshirjen e Belinda Ballukut n\u00eb \u201cafer\u00ebn e tunelit t\u00eb Llogaras\u00eb\u201d.<\/p>\n<p>\u201c<em>P\u00ebr projektin e tunelit. Kam qen\u00eb prezent. Jan\u00eb prezantuar n\u00eb nj\u00eb ambient privat dy kompani, q\u00eb un\u00eb s\u2019kisha dijeni se nuk ishte n\u00eb ministrin\u00eb time t\u00eb linj\u00ebs, prezent n\u00eb Turqi. Isha un\u00eb, kreu i organizat\u00ebs (Rama), pla\u00e7kit\u00ebsja (Balluku), edhe sy-zgrudulluari. Pla\u00e7kit\u00ebsja dhe kreu ishin prezent. Ishin dy kompani, dhe kreu sugjeroi q\u00eb k\u00ebta t\u00eb b\u00ebnin nj\u00eb kombinim. Faktin e dinin q\u00eb \u00ebsht\u00eb rr\u00ebzuar kompania Gjoka n\u00eb tender me 140 milion\u00eb, \u00ebsht\u00eb marr\u00eb me 190 milion\u00eb, me nj\u00eb t\u00eb g\u00eblltitur t\u00eb lapsit fap-fap nga kreu i organizat\u00ebs si\u00e7 e ka zakon, jan\u00eb g\u00eblltitur nga pla\u00e7kit\u00ebsja 50-milion\u00eb dollar. Inceneratori i Fierit, plus ai i Elbasanit, 50-54 milion\u00eb euro jan\u00eb<\/em>\u201d, tha Ahmetaj, n\u00eb nj\u00eb intervist\u00eb p\u00ebr \u201c\u00c7im Peka Live\u201d.<\/p>\n<p><strong>Afera e Tunelit t\u00eb Llogaras\u00eb<\/strong><\/p>\n<p>N\u00eb Dhjetor 2020, Ministria e Infrastruktur\u00ebs, e drejtuar nga Belinda Balluku, shpalli tenderin p\u00ebr nd\u00ebrtimin e Tunelit t\u00eb Llogaras\u00eb, me fond limit 130 milion\u00eb euro.<\/p>\n<p>Tenderi u rihap s\u00ebrish n\u00eb qershor 2021, por tashm\u00eb fondi ishte rritur ndjesh\u00ebm, duke arritur n\u00eb 180 milion\u00eb euro. Procedura u fitua nga bashkimi i operator\u00ebve ekonomik\u00eb (BOE) \u201cIntekar Yapi Turizm Elektrik dhe \u201cAsl Insaat Taahhut\u201d.<\/p>\n<p><strong>Balluku u vonua rrug\u00ebs p\u00ebr n\u00eb SPAK<\/strong><\/p>\n<p>Belinda Balluku duhej t\u00eb paraqitej para prokurorit t\u00eb posa\u00e7\u00ebm t\u00eb h\u00ebn\u00ebn e jav\u00ebs kur nisi hetimi. Por, ajo k\u00ebrkoi shtyrje t\u00eb paraqitjes, me argumentin se n\u00eb dit\u00ebn dhe or\u00ebn e caktuar nga Prokuroria, do t\u00eb gjendej jasht\u00eb Shqip\u00ebris\u00eb, n\u00eb nj\u00eb takim t\u00eb planifikuar.<\/p>\n<p>Lajmi q\u00eb Balluku ishte ftuar t\u00eb paraqitej n\u00eb SPAK, e shoq\u00ebruar me avokat, u p\u00ebrhap gjer\u00ebsisht n\u00eb media Balluku u mundua ta sfumonte k\u00ebt\u00eb zhvillim, duke u shfaqur n\u00eb nj\u00eb video nga nj\u00eb udh\u00ebtim me tren n\u00eb Zvic\u00ebr, ku njoftoi publikun se po shkonte n\u00eb Bern\u00eb p\u00ebr t\u00eb finalizuar nj\u00eb projekt bashk\u00ebpunimi p\u00ebr nd\u00ebrtimin e linj\u00ebs hekurudhore q\u00eb lidh Shqip\u00ebrin\u00eb me vendin helvetik.<\/p>\n<p>Projekti i saj u prit me skepticiz\u00ebm dhe ironi, si nj\u00eb ide futuristike dhe e parealizueshme, n\u00eb kushtet kur Shqip\u00ebria nuk ka linj\u00eb funksionale hekurudhore brenda vendit.<\/p>\n<p>Takimi i Zvicr\u00ebs nuk ishte i mjaftuesh\u00ebm p\u00ebr t\u00eb shmangur Ballukun nga vizita n\u00eb SPAK. Ajo u kthye p\u00ebr pak or\u00eb n\u00eb Shqip\u00ebri dhe, t\u00eb h\u00ebn\u00ebn q\u00eb duhej t\u00eb shkonte n\u00eb Prokurori, udh\u00ebtoi drejt Bullgaris\u00eb.<\/p>\n<p>Gjat\u00eb jav\u00ebs, Balluku u angazhua me prezantimin e drejtorit t\u00eb ri t\u00eb Portit t\u00eb Durr\u00ebsit, Liburn Aliu dhe Drejtorin e Transportit Rrugor, Kreshnik Hajdaraj.<\/p>\n<p>Por, gjith\u00ebsesi, Balluku u detyrua t\u00eb paraqitej n\u00eb SPAK, pasi n\u00eb t\u00eb kund\u00ebrt do t\u00eb detyrohej q\u00eb t\u00eb shkonte para prokuror\u00ebve e detyruar me forc\u00eb.<\/p>\n<p>Njoftimi i SPAK<\/p>\n<p><em>Prokuroria e Posa\u00e7me kund\u00ebr Korrupsionit dhe Krimit t\u00eb Organizuar po heton n\u00eb kuad\u00ebr t\u00eb procedimit penal nr.136 t\u00eb vitit 2025 (bashkuar me procedimet penale nr.167 dhe 181 t\u00eb vitit 2024), p\u00ebr vepr\u00ebn penale, \u201cShkelje e barazis\u00eb s\u00eb pjes\u00ebmarr\u00ebsve n\u00eb tendera apo ankande publike\u201d, parashikuar nga neni 258 i Kodit Penal.<\/em><\/p>\n<p><em>N\u00eb kuad\u00ebr t\u00eb hetimit t\u00eb k\u00ebtij procedimi penal, sot, m\u00eb 31.10.2025 i \u00ebsht\u00eb njoftuar akuza t\u00eb pandehur\u00ebs Belinda Balluku, me funksionin e lart\u00eb shtet\u00ebror, Minist\u00ebr i Ministris\u00eb s\u00eb Infrastruktur\u00ebs dhe Energjis\u00eb, akuzuar p\u00ebr kryerjen e vepr\u00ebs penale, \u201cShkelje e barazis\u00eb s\u00eb pjes\u00ebmarr\u00ebsve n\u00eb tendera apo ankande publike\u201d, n\u00eb bashk\u00ebpunim, parashikuar nga nenet, 258\/2 dhe 25 i Kodit Penal.<\/em><\/p>\n<p><em>Deri n\u00eb k\u00ebt\u00eb faz\u00eb t\u00eb hetimeve paraprake, faktet penale, objekt akuze n\u00eb ngarkim t\u00eb t\u00eb pandehur\u00ebs Belinda Balluku, kan\u00eb t\u00eb b\u00ebjn\u00eb me veprimet e saj, n\u00eb cil\u00ebsin\u00eb e Ministrit t\u00eb Ministris\u00eb s\u00eb Infrastruktur\u00ebs dhe Energjis\u00eb, p\u00ebr nj\u00ebr\u00ebn nga procedurat e prokurimit, objekt i k\u00ebtij hetimi, \u201cNd\u00ebrtimi i tunelit t\u00eb Llogaras\u00eb\u201d, n\u00eb seksionin rrugor Orikum-Himar\u00eb, pjes\u00eb e autostrad\u00ebs SH8 (Vlor\u00eb-Sarand\u00eb), zhvilluar n\u00eb dat\u00ebn 11.12.2020 dhe pas anulimit t\u00eb saj, procedura \u00ebsht\u00eb rihapur n\u00eb dat\u00ebn 22.6.2021, me fond limit, 18 967 810 952.08 (tet\u00ebmb\u00ebdhjet\u00eb miliard\u00eb e n\u00ebnt\u00ebqind e gjasht\u00ebdhjet\u00eb e shtat\u00eb milion\u00eb e tet\u00ebqind e dhjet\u00eb mij\u00eb e n\u00ebnt\u00ebqind e pes\u00ebdhjet\u00eb e dy (pik\u00eb) zero tet\u00eb) lek\u00eb pa TVSH.<\/em><\/p>\n<p><em>M\u00eb 21.10.2025, Prokuroria e Posa\u00e7me, si organ procedues ka njoftuar t\u00eb pandehur\u00ebn p\u00ebrmes shkres\u00ebs me num\u00ebr protokolli 37398. E pandehura, pasi mori dijeni, ka njoftuar m\u00eb 23.10.2025, organin procedues se nuk mund t\u00eb paraqitej n\u00eb dat\u00ebn dhe or\u00ebn e caktuar. Me an\u00eb t\u00eb nj\u00eb shkrese tjet\u00ebr, me num\u00ebr protokolli 37881, dat\u00eb 24.10.2025, Prokuroria e Posa\u00e7me k\u00ebrkoi paraqitjen e saj m\u00eb 31 tetor, n\u00eb or\u00ebn 15:00.<\/em><\/p>\n","protected":false},"excerpt":{"rendered":"<p>Z\u00ebvend\u00ebskryeministrja Belinda Balluku nj\u00ebher\u00ebsh, ministrja e Infrastruktur\u00ebs dhe Energjetik\u00ebs \u00ebsht\u00eb pezulluar nga detyra me vendim t\u00eb Gjykat\u00ebs s\u00eb Posa\u00e7me Anti-Korrupsion si dhe i \u00ebsht\u00eb ndaluar dalja jasht\u00eb vendit. Vendimi \u00ebsht\u00eb marr\u00eb sot nga, gjyqtari Erion \u00c7ela, i k\u00ebrkuar nga prokurori Dritan Pren\u00e7i. Belinda Balluku, \u00ebsht\u00eb marr\u00eb zyrtarisht e pandehur p\u00ebr shkelje t\u00eb barazis\u00eb n\u00eb tendera &hellip;<\/p>\n","protected":false},"author":4,"featured_media":127161,"comment_status":"closed","ping_status":"closed","sticky":false,"template":"","format":"standard","meta":{"footnotes":""},"categories":[37],"tags":[],"class_list":["post-128915","post","type-post","status-publish","format-standard","has-post-thumbnail","","category-politike"],"_links":{"self":[{"href":"https:\/\/rdnews.al\/index.php\/wp-json\/wp\/v2\/posts\/128915","targetHints":{"allow":["GET"]}}],"collection":[{"href":"https:\/\/rdnews.al\/index.php\/wp-json\/wp\/v2\/posts"}],"about":[{"href":"https:\/\/rdnews.al\/index.php\/wp-json\/wp\/v2\/types\/post"}],"author":[{"embeddable":true,"href":"https:\/\/rdnews.al\/index.php\/wp-json\/wp\/v2\/users\/4"}],"replies":[{"embeddable":true,"href":"https:\/\/rdnews.al\/index.php\/wp-json\/wp\/v2\/comments?post=128915"}],"version-history":[{"count":2,"href":"https:\/\/rdnews.al\/index.php\/wp-json\/wp\/v2\/posts\/128915\/revisions"}],"predecessor-version":[{"id":128933,"href":"https:\/\/rdnews.al\/index.php\/wp-json\/wp\/v2\/posts\/128915\/revisions\/128933"}],"wp:featuredmedia":[{"embeddable":true,"href":"https:\/\/rdnews.al\/index.php\/wp-json\/wp\/v2\/media\/127161"}],"wp:attachment":[{"href":"https:\/\/rdnews.al\/index.php\/wp-json\/wp\/v2\/media?parent=128915"}],"wp:term":[{"taxonomy":"category","embeddable":true,"href":"https:\/\/rdnews.al\/index.php\/wp-json\/wp\/v2\/categories?post=128915"},{"taxonomy":"post_tag","embeddable":true,"href":"https:\/\/rdnews.al\/index.php\/wp-json\/wp\/v2\/tags?post=128915"}],"curies":[{"name":"wp","href":"https:\/\/api.w.org\/{rel}","templated":true}]}}