{"id":129003,"date":"2025-11-20T19:08:45","date_gmt":"2025-11-20T19:08:45","guid":{"rendered":"https:\/\/rdnews.al\/?p=129003"},"modified":"2025-11-20T19:08:45","modified_gmt":"2025-11-20T19:08:45","slug":"rama-largohet-nga-kryeministria-pas-8-oresh-takim-me-ballukun","status":"publish","type":"post","link":"https:\/\/rdnews.al\/index.php\/2025\/11\/20\/rama-largohet-nga-kryeministria-pas-8-oresh-takim-me-ballukun\/","title":{"rendered":"Rama largohet nga Kryeministria pas 8 or\u00ebsh takim me Ballukun"},"content":{"rendered":"<p>Pas rreth 8 or\u00ebsh takim me Belinda Ballukun, Edi Rama ka l\u00ebn\u00eb ambientet e kryeministris\u00eb.<\/p>\n<p>Takimi nisi rreth or\u00ebs 12:15, pas vendimit t\u00eb GJKKO-s e cila pezulloi nga detyra Ballukun pas akuzave p\u00ebr korrupsion ndaj saj, p\u00ebr tenderin e tunelit t\u00eb Llogaras\u00eb dhe tenderin e Unaz\u00ebs s\u00eb Jashtme t\u00eb Tiran\u00ebs.<\/p>\n<p>Nuk dihet n\u00ebse Rama ka shkarkuar Ballukun, apo n\u00ebse kjo e fundit ka dh\u00ebn\u00eb dor\u00ebheqjen p\u00ebr postet n\u00eb qeveri.<\/p>\n<p>Nd\u00ebrkoh\u00eb sipas burimeve, makina e zv.kryeministres Belinda Ballukut ndodhet ende pran\u00eb ambienteve t\u00eb kryeministris\u00eb.<\/p>\n<p>Belinda Balluku, \u00ebsht\u00eb marr\u00eb zyrtarisht e pandehur, n\u00eb 31 tetor 2025 dhe akuzohet nga Prokuroria e Posa\u00e7me p\u00ebr \u201c<em>shkeljen e barazis\u00eb n\u00eb tendera e ankande publik\u00eb<\/em>\u201d e kryer n\u00eb bashk\u00ebpunim, n\u00eb procedur\u00ebn p\u00ebr nd\u00ebrtimin e Tunelit t\u00eb Llogaras\u00eb, me fond limit 180 milion\u00eb euro.<\/p>\n<p>Nd\u00ebrsa sot SPAK ka ngritur edhe nj\u00eb akuz\u00eb t\u00eb re mbi Ballukun p\u00ebr abuzim me tendera p\u00ebr lotin\u00a04 t\u00eb Unaz\u00ebs s\u00eb Madhe.<\/p>\n","protected":false},"excerpt":{"rendered":"<p>Pas rreth 8 or\u00ebsh takim me Belinda Ballukun, Edi Rama ka l\u00ebn\u00eb ambientet e kryeministris\u00eb. Takimi nisi rreth or\u00ebs 12:15, pas vendimit t\u00eb GJKKO-s e cila pezulloi nga detyra Ballukun pas akuzave p\u00ebr korrupsion ndaj saj, p\u00ebr tenderin e tunelit t\u00eb Llogaras\u00eb dhe tenderin e Unaz\u00ebs s\u00eb Jashtme t\u00eb Tiran\u00ebs. Nuk dihet n\u00ebse Rama ka &hellip;<\/p>\n","protected":false},"author":4,"featured_media":129004,"comment_status":"closed","ping_status":"closed","sticky":false,"template":"","format":"standard","meta":{"footnotes":""},"categories":[37],"tags":[],"class_list":["post-129003","post","type-post","status-publish","format-standard","has-post-thumbnail","","category-politike"],"_links":{"self":[{"href":"https:\/\/rdnews.al\/index.php\/wp-json\/wp\/v2\/posts\/129003","targetHints":{"allow":["GET"]}}],"collection":[{"href":"https:\/\/rdnews.al\/index.php\/wp-json\/wp\/v2\/posts"}],"about":[{"href":"https:\/\/rdnews.al\/index.php\/wp-json\/wp\/v2\/types\/post"}],"author":[{"embeddable":true,"href":"https:\/\/rdnews.al\/index.php\/wp-json\/wp\/v2\/users\/4"}],"replies":[{"embeddable":true,"href":"https:\/\/rdnews.al\/index.php\/wp-json\/wp\/v2\/comments?post=129003"}],"version-history":[{"count":1,"href":"https:\/\/rdnews.al\/index.php\/wp-json\/wp\/v2\/posts\/129003\/revisions"}],"predecessor-version":[{"id":129005,"href":"https:\/\/rdnews.al\/index.php\/wp-json\/wp\/v2\/posts\/129003\/revisions\/129005"}],"wp:featuredmedia":[{"embeddable":true,"href":"https:\/\/rdnews.al\/index.php\/wp-json\/wp\/v2\/media\/129004"}],"wp:attachment":[{"href":"https:\/\/rdnews.al\/index.php\/wp-json\/wp\/v2\/media?parent=129003"}],"wp:term":[{"taxonomy":"category","embeddable":true,"href":"https:\/\/rdnews.al\/index.php\/wp-json\/wp\/v2\/categories?post=129003"},{"taxonomy":"post_tag","embeddable":true,"href":"https:\/\/rdnews.al\/index.php\/wp-json\/wp\/v2\/tags?post=129003"}],"curies":[{"name":"wp","href":"https:\/\/api.w.org\/{rel}","templated":true}]}}