{"id":129006,"date":"2025-11-20T19:23:06","date_gmt":"2025-11-20T19:23:06","guid":{"rendered":"https:\/\/rdnews.al\/?p=129006"},"modified":"2025-11-20T19:23:06","modified_gmt":"2025-11-20T19:23:06","slug":"fundi-i-nje-qeverie","status":"publish","type":"post","link":"https:\/\/rdnews.al\/index.php\/2025\/11\/20\/fundi-i-nje-qeverie\/","title":{"rendered":"FUNDI i nj\u00eb qeverie!"},"content":{"rendered":"<p><strong>Nga Belind KELLI\u00c7I<\/strong><\/p>\n<p>Skandali Balluku-Rama \u00ebsht\u00eb larg s\u00eb q\u00ebni nj\u00eb incident i izoluar apo afera korruptive e rradh\u00ebs.<\/p>\n<p>Faktet e zbardhura, p\u00ebrgjimet, \u201cinteresat gjeopolitike\u201d dhe gjith\u00eb skema, tregojn\u00eb p\u00ebr nj\u00eb vullnet t\u00eb qart\u00eb korruptiv q\u00eb shkon n\u00eb maj\u00ebn e qeveris\u00eb, drejt e tek Palloshi i Gjat\u00eb alias Edi Rama!<\/p>\n<p>Nuk ka m\u00eb asnj\u00eb justifikim moral, politik, logjik apo edhe ligjor q\u00eb Edi Rama t\u00eb vijoj\u00eb t\u00eb mbetet Kryeminist\u00ebr i Shqip\u00ebris\u00eb.<\/p>\n<p>Shkarkimi me gjykat\u00eb dhe shantazhet mafioze \u201cpo rash\u00eb un\u00eb do t\u00eb t\u00eb marr me vete\u201d nuk jan\u00eb zgjidhje p\u00ebr situat\u00ebn e r\u00ebnd\u00eb ku kjo klik\u00eb e ka futur vendin.<\/p>\n<p>\u00c7do politikan i zgjedhur me vot\u00eb, \u00e7do veprimtar politik apo edhe votues i thjesht\u00eb ka detyr\u00ebn t\u00eb reagoj\u00eb ndaj p\u00ebrgjegj\u00ebsis\u00eb s\u00eb drejtp\u00ebrdrejt\u00eb kryeministrore n\u00eb k\u00ebt\u00eb afer\u00eb kriminale.<\/p>\n<p>Nuk ka m\u00eb asnj\u00eb arsye q\u00eb kjo band\u00eb t\u00eb vazhdoj\u00eb t\u00eb pretendoj\u00eb legjitimitet p\u00ebr t\u00eb zaptuar zyrat e shtetit.<\/p>\n<p>Ky \u00ebsht\u00eb fundi moral dhe historik i nj\u00eb qeverie t\u00eb korruptuar n\u00eb \u00e7do qeliz\u00eb.<\/p>\n<p>Ringritja institucionale dhe normalizimi politik i Shqip\u00ebris\u00eb duhet t\u00eb kaloj\u00eb patjet\u00ebr nga dor\u00ebheqja e menj\u00ebhershme e Edi Ram\u00ebs.<\/p>\n<p>\u00c7do dit\u00eb q\u00eb kalon \u00ebsht\u00eb shum\u00eb von\u00eb!<\/p>\n","protected":false},"excerpt":{"rendered":"<p>Nga Belind KELLI\u00c7I Skandali Balluku-Rama \u00ebsht\u00eb larg s\u00eb q\u00ebni nj\u00eb incident i izoluar apo afera korruptive e rradh\u00ebs. Faktet e zbardhura, p\u00ebrgjimet, \u201cinteresat gjeopolitike\u201d dhe gjith\u00eb skema, tregojn\u00eb p\u00ebr nj\u00eb vullnet t\u00eb qart\u00eb korruptiv q\u00eb shkon n\u00eb maj\u00ebn e qeveris\u00eb, drejt e tek Palloshi i Gjat\u00eb alias Edi Rama! Nuk ka m\u00eb asnj\u00eb justifikim moral, &hellip;<\/p>\n","protected":false},"author":4,"featured_media":118436,"comment_status":"closed","ping_status":"closed","sticky":false,"template":"","format":"standard","meta":{"footnotes":""},"categories":[44],"tags":[],"class_list":["post-129006","post","type-post","status-publish","format-standard","has-post-thumbnail","","category-editorial"],"_links":{"self":[{"href":"https:\/\/rdnews.al\/index.php\/wp-json\/wp\/v2\/posts\/129006","targetHints":{"allow":["GET"]}}],"collection":[{"href":"https:\/\/rdnews.al\/index.php\/wp-json\/wp\/v2\/posts"}],"about":[{"href":"https:\/\/rdnews.al\/index.php\/wp-json\/wp\/v2\/types\/post"}],"author":[{"embeddable":true,"href":"https:\/\/rdnews.al\/index.php\/wp-json\/wp\/v2\/users\/4"}],"replies":[{"embeddable":true,"href":"https:\/\/rdnews.al\/index.php\/wp-json\/wp\/v2\/comments?post=129006"}],"version-history":[{"count":1,"href":"https:\/\/rdnews.al\/index.php\/wp-json\/wp\/v2\/posts\/129006\/revisions"}],"predecessor-version":[{"id":129007,"href":"https:\/\/rdnews.al\/index.php\/wp-json\/wp\/v2\/posts\/129006\/revisions\/129007"}],"wp:featuredmedia":[{"embeddable":true,"href":"https:\/\/rdnews.al\/index.php\/wp-json\/wp\/v2\/media\/118436"}],"wp:attachment":[{"href":"https:\/\/rdnews.al\/index.php\/wp-json\/wp\/v2\/media?parent=129006"}],"wp:term":[{"taxonomy":"category","embeddable":true,"href":"https:\/\/rdnews.al\/index.php\/wp-json\/wp\/v2\/categories?post=129006"},{"taxonomy":"post_tag","embeddable":true,"href":"https:\/\/rdnews.al\/index.php\/wp-json\/wp\/v2\/tags?post=129006"}],"curies":[{"name":"wp","href":"https:\/\/api.w.org\/{rel}","templated":true}]}}