{"id":129031,"date":"2025-11-21T09:33:49","date_gmt":"2025-11-21T09:33:49","guid":{"rendered":"https:\/\/rdnews.al\/?p=129031"},"modified":"2025-11-21T09:33:53","modified_gmt":"2025-11-21T09:33:53","slug":"gazetarja-e-pyet-a-do-e-zbatoni-vendimin-e-gjykates-per-ballukun-rama-acarohet-ik-tani-se","status":"publish","type":"post","link":"https:\/\/rdnews.al\/index.php\/2025\/11\/21\/gazetarja-e-pyet-a-do-e-zbatoni-vendimin-e-gjykates-per-ballukun-rama-acarohet-ik-tani-se\/","title":{"rendered":"Gazetarja e pyet, a do e zbatoni vendimin e Gjykat\u00ebs p\u00ebr Ballukun, Rama acarohet: Ik tani se&#8230;"},"content":{"rendered":"<p>Kryeministri Edi Rama ka qepur goj\u00ebn para gazetar\u00ebve p\u00ebr vendimin e GJKKO p\u00ebr pezullimin nga detyra t\u00eb z\u00ebvend\u00ebskryeministres Belinda Balluku.<\/p>\n<p>Edhe pse gjat\u00eb dit\u00ebs s\u00eb djeshme u mundua q\u00eb t\u00eb sfumonte akuzat e r\u00ebnda dhe t\u00eb m\u00ebrkur\u00ebn e nxori n\u00eb kuvend Ballukun q\u00eb t\u00eb recitonte e te thoshte q\u00eb un\u00eb e dua drejt\u00ebsin\u00eb, ai akoma nuk ka dh\u00ebn\u00eb asnj\u00eb deklarat\u00eb p\u00ebr zhvillimin me t\u00eb cilin nuk \u00ebsht\u00eb p\u00ebrballur ndonj\u00ebher\u00eb ndonj\u00eb qeveri shqiptare q\u00eb zevend\u00ebs kryeministri t\u00eb q\u00ebndroj\u00eb n\u00eb detyr\u00eb edhe pas akuzave shum\u00eb t\u00eb r\u00ebnda p\u00ebr vjedhjen e parave publike nga SPKA dhe t\u00eb miratuar nga GJKKO.<\/p>\n<p>A do e zbatoni vendimin e GJKKO p\u00ebr Belinda Ballukun apo do sfidoni drejt\u00ebsin\u00eb? Kjo ka qen\u00eb pyetja e gazetares s\u00eb Syri tv Ambrozia Meta, por Rama \u00ebsht\u00eb munduar q\u00eb ti b\u00ebj\u00eb bisht duke theksuar se jemi k\u00ebtu p\u00ebr t\u00eb pritur mysafir\u00ebt.<\/p>\n<p>Pra ka qepur goj\u00ebn p\u00ebr Ballukun, duke th\u00ebn\u00eb se do kemi nj\u00eb konferenc\u00eb shtypi&#8230;<\/p>\n<p>Ai po zhvillon takim me Marta Kos, komisionere e zgjerimit dhe me drejtues nga rajoni i Ballkanit.<\/p>\n","protected":false},"excerpt":{"rendered":"<p>Kryeministri Edi Rama ka qepur goj\u00ebn para gazetar\u00ebve p\u00ebr vendimin e GJKKO p\u00ebr pezullimin nga detyra t\u00eb z\u00ebvend\u00ebskryeministres Belinda Balluku. Edhe pse gjat\u00eb dit\u00ebs s\u00eb djeshme u mundua q\u00eb t\u00eb sfumonte akuzat e r\u00ebnda dhe t\u00eb m\u00ebrkur\u00ebn e nxori n\u00eb kuvend Ballukun q\u00eb t\u00eb recitonte e te thoshte q\u00eb un\u00eb e dua drejt\u00ebsin\u00eb, ai akoma &hellip;<\/p>\n","protected":false},"author":4,"featured_media":129032,"comment_status":"closed","ping_status":"closed","sticky":false,"template":"","format":"standard","meta":{"footnotes":""},"categories":[37],"tags":[],"class_list":["post-129031","post","type-post","status-publish","format-standard","has-post-thumbnail","","category-politike"],"_links":{"self":[{"href":"https:\/\/rdnews.al\/index.php\/wp-json\/wp\/v2\/posts\/129031","targetHints":{"allow":["GET"]}}],"collection":[{"href":"https:\/\/rdnews.al\/index.php\/wp-json\/wp\/v2\/posts"}],"about":[{"href":"https:\/\/rdnews.al\/index.php\/wp-json\/wp\/v2\/types\/post"}],"author":[{"embeddable":true,"href":"https:\/\/rdnews.al\/index.php\/wp-json\/wp\/v2\/users\/4"}],"replies":[{"embeddable":true,"href":"https:\/\/rdnews.al\/index.php\/wp-json\/wp\/v2\/comments?post=129031"}],"version-history":[{"count":1,"href":"https:\/\/rdnews.al\/index.php\/wp-json\/wp\/v2\/posts\/129031\/revisions"}],"predecessor-version":[{"id":129033,"href":"https:\/\/rdnews.al\/index.php\/wp-json\/wp\/v2\/posts\/129031\/revisions\/129033"}],"wp:featuredmedia":[{"embeddable":true,"href":"https:\/\/rdnews.al\/index.php\/wp-json\/wp\/v2\/media\/129032"}],"wp:attachment":[{"href":"https:\/\/rdnews.al\/index.php\/wp-json\/wp\/v2\/media?parent=129031"}],"wp:term":[{"taxonomy":"category","embeddable":true,"href":"https:\/\/rdnews.al\/index.php\/wp-json\/wp\/v2\/categories?post=129031"},{"taxonomy":"post_tag","embeddable":true,"href":"https:\/\/rdnews.al\/index.php\/wp-json\/wp\/v2\/tags?post=129031"}],"curies":[{"name":"wp","href":"https:\/\/api.w.org\/{rel}","templated":true}]}}