{"id":129037,"date":"2025-11-21T09:42:32","date_gmt":"2025-11-21T09:42:32","guid":{"rendered":"https:\/\/rdnews.al\/?p=129037"},"modified":"2025-11-21T09:42:32","modified_gmt":"2025-11-21T09:42:32","slug":"jo-vetem-tuneli-hetimet-per-ballukun-po-shkojne-me-tej-nga-aeroporti-i-vlores-te-pastrimi-i-parave","status":"publish","type":"post","link":"https:\/\/rdnews.al\/index.php\/2025\/11\/21\/jo-vetem-tuneli-hetimet-per-ballukun-po-shkojne-me-tej-nga-aeroporti-i-vlores-te-pastrimi-i-parave\/","title":{"rendered":"Jo vet\u00ebm Tuneli\/ Hetimet p\u00ebr Ballukun po shkojn\u00eb m\u00eb tej: Nga aeroporti i Vlor\u00ebs te pastrimi i parave!"},"content":{"rendered":"<p>Gazetarja Anila Hoxha ka komentuar masat e marra nj\u00eb dit\u00eb m\u00eb par\u00eb ndaj zv\/kryeministres Belinda Balluku: pezullimin nga detyra dhe bllokimin e pasaport\u00ebs.<\/p>\n<p>Sipas gazetares, kur Balluku po mbante fjal\u00ebn n\u00eb kuvend n\u00eb seanc\u00ebn e 19 n\u00ebntorit, SPAK e kishte dh\u00ebn\u00eb verdiktin dhe se masat ndaj saj u aprovuan q\u00eb prej dit\u00ebs s\u00eb djeshme.<\/p>\n<p>Gazetarja tha se SPAK po heton p\u00ebrtej dy tenderave p\u00ebr t\u00eb cil\u00ebt akuzohet Balluku. Ajo tha se po kryhen hetime edhe p\u00ebr aeroportin e Vlor\u00ebs dhe disa transaksione, nd\u00ebrsa shtoi se hetimet po drejtohen edhe drejt dyshimeve p\u00ebr nj\u00eb skem\u00eb t\u00eb pastrimit t\u00eb parave.<\/p>\n<p>\u201cKur fliste n\u00eb parlament, SPAK e kishte dh\u00ebn\u00eb verdikitn e tij. Masat u aprovuan pasditen e djeshme. Jan\u00eb masa t\u00eb b\u00ebra publike prej or\u00ebsh. P\u00ebr zonj\u00ebn Balluku jan\u00eb dy masa q\u00eb e pezullojn\u00eb nga t\u00eb dyja detyrat. Masa e dyt\u00eb \u00ebsht\u00eb mas\u00eb q\u00eb e ndalon t\u00eb largohen nga vendi.<\/p>\n<p>Gjat\u00eb k\u00ebsaj vjeshte, veprimet ishin t\u00eb kuptueshme p\u00ebr ata q\u00eb ishin n\u00eb hetim dhe drejt t\u00eb cil\u00ebve SPAK po shkonte. Jan\u00eb nj\u00eb s\u00ebr\u00eb proces-verbalesh. Historia nis me dy kall\u00ebzime t\u00eb politik\u00ebs q\u00eb q\u00ebndrojne prej muajsh me veprime paraprake.<\/p>\n<p>T\u00eb dh\u00ebnat u gjeneruan nga telefoni i Berberi, q\u00eb flasin p\u00ebr t\u00eb gjith\u00eb procedur\u00ebn. Kushdo n\u00eb ministri, kur e kupton q\u00eb vijn\u00eb shkresa apo kontrolle t\u00eb behta, i ka indiciet q\u00eb di\u00e7ka po ndodh.\u00a0 K\u00ebto shkresa i kan\u00eb shkuar gjat\u00eb muajve t\u00eb fundit dhe kan\u00eb kulmuar m\u00eb 31 tetor ku iu komunikua akuza, ku iu vendos\u00ebn n\u00eb dispozicion aktet. Qartazi, kuptohet q\u00eb SPAK \u00ebsht\u00eb duke kryer edhe veprime t\u00eb tjera. Edhe p\u00ebr aeroportin e Vlor\u00ebs dhe disa transaksione. Nga m\u00ebnyra si po i p\u00ebrkon shkresat, m\u00eb duket sikur po shkon drejt hedhjes s\u00eb dyshimeve p\u00ebr nj\u00eb skem\u00eb t\u00eb pastrimit t\u00eb parave\u201d,-\u00a0tha Hoxha n\u00eb Top Story.<\/p>\n","protected":false},"excerpt":{"rendered":"<p>Gazetarja Anila Hoxha ka komentuar masat e marra nj\u00eb dit\u00eb m\u00eb par\u00eb ndaj zv\/kryeministres Belinda Balluku: pezullimin nga detyra dhe bllokimin e pasaport\u00ebs. Sipas gazetares, kur Balluku po mbante fjal\u00ebn n\u00eb kuvend n\u00eb seanc\u00ebn e 19 n\u00ebntorit, SPAK e kishte dh\u00ebn\u00eb verdiktin dhe se masat ndaj saj u aprovuan q\u00eb prej dit\u00ebs s\u00eb djeshme. Gazetarja &hellip;<\/p>\n","protected":false},"author":4,"featured_media":128965,"comment_status":"closed","ping_status":"closed","sticky":false,"template":"","format":"standard","meta":{"footnotes":""},"categories":[37],"tags":[],"class_list":["post-129037","post","type-post","status-publish","format-standard","has-post-thumbnail","","category-politike"],"_links":{"self":[{"href":"https:\/\/rdnews.al\/index.php\/wp-json\/wp\/v2\/posts\/129037","targetHints":{"allow":["GET"]}}],"collection":[{"href":"https:\/\/rdnews.al\/index.php\/wp-json\/wp\/v2\/posts"}],"about":[{"href":"https:\/\/rdnews.al\/index.php\/wp-json\/wp\/v2\/types\/post"}],"author":[{"embeddable":true,"href":"https:\/\/rdnews.al\/index.php\/wp-json\/wp\/v2\/users\/4"}],"replies":[{"embeddable":true,"href":"https:\/\/rdnews.al\/index.php\/wp-json\/wp\/v2\/comments?post=129037"}],"version-history":[{"count":1,"href":"https:\/\/rdnews.al\/index.php\/wp-json\/wp\/v2\/posts\/129037\/revisions"}],"predecessor-version":[{"id":129038,"href":"https:\/\/rdnews.al\/index.php\/wp-json\/wp\/v2\/posts\/129037\/revisions\/129038"}],"wp:featuredmedia":[{"embeddable":true,"href":"https:\/\/rdnews.al\/index.php\/wp-json\/wp\/v2\/media\/128965"}],"wp:attachment":[{"href":"https:\/\/rdnews.al\/index.php\/wp-json\/wp\/v2\/media?parent=129037"}],"wp:term":[{"taxonomy":"category","embeddable":true,"href":"https:\/\/rdnews.al\/index.php\/wp-json\/wp\/v2\/categories?post=129037"},{"taxonomy":"post_tag","embeddable":true,"href":"https:\/\/rdnews.al\/index.php\/wp-json\/wp\/v2\/tags?post=129037"}],"curies":[{"name":"wp","href":"https:\/\/api.w.org\/{rel}","templated":true}]}}