{"id":129099,"date":"2025-11-21T13:51:02","date_gmt":"2025-11-21T13:51:02","guid":{"rendered":"https:\/\/rdnews.al\/?p=129099"},"modified":"2025-11-21T13:55:21","modified_gmt":"2025-11-21T13:55:21","slug":"bardhi-i-pergjigjet-kosit-te-be-zedhenese-e-nje-qeverie-te-korruptuar-te-lidhur-me-kartelet","status":"publish","type":"post","link":"https:\/\/rdnews.al\/index.php\/2025\/11\/21\/bardhi-i-pergjigjet-kosit-te-be-zedhenese-e-nje-qeverie-te-korruptuar-te-lidhur-me-kartelet\/","title":{"rendered":"Bardhi i p\u00ebrgjigjet Kosit t\u00eb BE\/ &#8220;Z\u00ebdh\u00ebn\u00ebse e nj\u00eb qeverie t\u00eb korruptuar t\u00eb lidhur me kartelet&#8221;"},"content":{"rendered":"<p>N\u00ebnkryetari i PD, Bardhi i \u00ebsht\u00eb p\u00ebrgjigjur deklaratave t\u00eb sotme t\u00eb Komisioneres s\u00eb BE, Kos n\u00eb lidhje me mbrojtjen q\u00eb i b\u00ebri Ballukut si dhe deklarat\u00ebs se zgjedhjet e 11 majit ishin t\u00eb lira dhe t\u00eb ndershme. Bardhi deklaroi se Kos u b\u00eb z\u00ebdh\u00ebn\u00ebse e nj\u00eb qeverie t\u00eb korruptuar dhe t\u00eb lidhur me kartelet e drog\u00ebs. \u201cJan\u00eb deklarata, t\u00eb cilat nuk ka guxuar ti b\u00ebj\u00eb as vet\u00eb Rama\u201d, tha Bardhi.<\/p>\n<p>Kreu i grupit parlamentar i PD-s\u00eb, Gazment Bardhi n\u00eb nj\u00eb dalje p\u00ebr mediat reagoi pas deklaratave t\u00eb kryeministrit Edi Rama.<\/p>\n<p>Bardhi, n\u00eb em\u00ebr t\u00eb PD-s\u00eb tha se Rama shantazhohet nga Balluku p\u00ebr aferat q\u00eb ata kan\u00eb b\u00ebr\u00eb bashk\u00eb, nd\u00ebrsa shtoi se kjo \u00ebsht\u00eb arsyeja q\u00eb ai nuk e shkarkon at\u00eb. Ai tha se afera me tunelin e Llogaras\u00eb \u00ebsht\u00eb vet\u00ebm maja e ajsbergut.<\/p>\n<p>\u201cE sfidoj komisonerem e zgjerimit dhe \u00e7do zyrtar t\u00eb BE, q\u00eb t\u00eb gjej\u00eb nj\u00eb kryeminist\u00ebr, q\u00eb para se t\u00eb zbardhet gara rretj 200 mln, shkon kryeministri dhe zv.kryeministri, p\u00ebr t\u00eb takuar kompanin\u00eb dhe m\u00eb pas hapin gar\u00ebn dhe ia japin kompanis\u00eb s\u00eb paracaktuar, n\u00ebse komisionerja Kos gjen nj\u00eb rast t\u00eb till\u00eb, e pranojm\u00eb. Por dua t\u00eb siguroj shqiptar\u00ebt se Europa s\u2019ka raste t\u00eb tilla. \u00c7do shqiptar pret nga komisionerja, q\u00eb n\u00eb deklaratat e saj t\u00eb flas\u00eb p\u00ebr standardet europiane dhe jo t\u00eb mbuloj\u00eb korrupsionin e Edi Ram\u00ebs. Dua t\u00eb jem drejtp\u00ebrdrejt\u00eb dhe p\u00ebr faktin e reagimit p\u00ebr raportin e OSBE-s\u00eb. K\u00ebt\u00eb se tha as Edi Rama. Me k\u00ebt\u00eb deklarat\u00eb do t\u00eb turp\u00ebrohej dhe vet\u00eb Edi Rama. Komisionerja e zgjerimit ka detyrimin q\u00eb t\u00eb jet\u00eb e drejtp\u00ebrdrejt\u00eb me shqiptar\u00ebt. Komisioner\u00ebt e OSBE se than\u00eb n\u00eb asnj\u00eb fjal\u00eb dhe asnj\u00eb g\u00ebrm\u00eb at\u00eb pohim.\u201d, tha ai<\/p>\n","protected":false},"excerpt":{"rendered":"<p>N\u00ebnkryetari i PD, Bardhi i \u00ebsht\u00eb p\u00ebrgjigjur deklaratave t\u00eb sotme t\u00eb Komisioneres s\u00eb BE, Kos n\u00eb lidhje me mbrojtjen q\u00eb i b\u00ebri Ballukut si dhe deklarat\u00ebs se zgjedhjet e 11 majit ishin t\u00eb lira dhe t\u00eb ndershme. Bardhi deklaroi se Kos u b\u00eb z\u00ebdh\u00ebn\u00ebse e nj\u00eb qeverie t\u00eb korruptuar dhe t\u00eb lidhur me kartelet e &hellip;<\/p>\n","protected":false},"author":3,"featured_media":129100,"comment_status":"closed","ping_status":"closed","sticky":false,"template":"","format":"standard","meta":{"footnotes":""},"categories":[37],"tags":[],"class_list":["post-129099","post","type-post","status-publish","format-standard","has-post-thumbnail","","category-politike"],"_links":{"self":[{"href":"https:\/\/rdnews.al\/index.php\/wp-json\/wp\/v2\/posts\/129099","targetHints":{"allow":["GET"]}}],"collection":[{"href":"https:\/\/rdnews.al\/index.php\/wp-json\/wp\/v2\/posts"}],"about":[{"href":"https:\/\/rdnews.al\/index.php\/wp-json\/wp\/v2\/types\/post"}],"author":[{"embeddable":true,"href":"https:\/\/rdnews.al\/index.php\/wp-json\/wp\/v2\/users\/3"}],"replies":[{"embeddable":true,"href":"https:\/\/rdnews.al\/index.php\/wp-json\/wp\/v2\/comments?post=129099"}],"version-history":[{"count":3,"href":"https:\/\/rdnews.al\/index.php\/wp-json\/wp\/v2\/posts\/129099\/revisions"}],"predecessor-version":[{"id":129103,"href":"https:\/\/rdnews.al\/index.php\/wp-json\/wp\/v2\/posts\/129099\/revisions\/129103"}],"wp:featuredmedia":[{"embeddable":true,"href":"https:\/\/rdnews.al\/index.php\/wp-json\/wp\/v2\/media\/129100"}],"wp:attachment":[{"href":"https:\/\/rdnews.al\/index.php\/wp-json\/wp\/v2\/media?parent=129099"}],"wp:term":[{"taxonomy":"category","embeddable":true,"href":"https:\/\/rdnews.al\/index.php\/wp-json\/wp\/v2\/categories?post=129099"},{"taxonomy":"post_tag","embeddable":true,"href":"https:\/\/rdnews.al\/index.php\/wp-json\/wp\/v2\/tags?post=129099"}],"curies":[{"name":"wp","href":"https:\/\/api.w.org\/{rel}","templated":true}]}}