{"id":129104,"date":"2025-11-21T14:11:55","date_gmt":"2025-11-21T14:11:55","guid":{"rendered":"https:\/\/rdnews.al\/?p=129104"},"modified":"2025-11-21T14:11:55","modified_gmt":"2025-11-21T14:11:55","slug":"ah-moj-shqipni-e-mjera-shqipni-ne-dite-te-zeza-ngele-ti","status":"publish","type":"post","link":"https:\/\/rdnews.al\/index.php\/2025\/11\/21\/ah-moj-shqipni-e-mjera-shqipni-ne-dite-te-zeza-ngele-ti\/","title":{"rendered":"\u201cAh moj Shqipni e mjera Shqipni\u2026 n\u00eb dit\u00eb t\u00eb zeza ngele ti\u201d"},"content":{"rendered":"<p><strong>Neada STANA<\/strong><\/p>\n<p>Shpesh e pyes veten: Ku po shkojm\u00eb si Shtet?<\/p>\n<p>Si ka mund\u00ebsi q\u00eb pas 45 vitesh err\u00ebsir\u00eb komuniste, ende nuk dim\u00eb t\u00eb njohim dhe t\u00eb mbrojm\u00eb lirin\u00eb dhe demokracin\u00eb? Na p\u00eblqen t\u00eb mendojm\u00eb se jemi t\u00eb lir\u00eb, por vazhdojm\u00eb t\u00eb lejojm\u00eb t\u00eb nj\u00ebjt\u00ebn mend\u00ebsi t\u00eb na komandoj\u00eb, q\u00eb na m\u00ebson t\u00eb mos pyesim, t\u00eb mos kritikojm\u00eb, t\u00eb mos mendojm\u00eb. Por paskemi m\u00ebsuar t\u00eb justifikojm\u00eb autokracin\u00eb me veglat e demokracis\u00eb, por jo ta dallojm\u00eb t\u00eb bardh\u00ebn nga e zeza.<\/p>\n<p>N\u00eb vitin 2025, Shqip\u00ebria ka p\u00ebrball\u00eb nj\u00eb qeveri q\u00eb sillet si autoritare, por fshihet pas formave demokratike p\u00ebr t\u00eb ruajtur pushtetin. Ah moj Shqipni e mjera Shqipni \u2026 Sot t\u00eb \u201cpremtojn\u00eb nj\u00eb Diell\u00eb\u201d p\u00ebr t\u00eb luftuar korrupsionin, nd\u00ebrsa t\u00eb shitet ideja se korrupsioni zgjidhet me qarqe elektronike, por korrupsioni nuk vjen nga makinat, vjen nga njer\u00ebzit, dhe vet\u00ebm njeriu mund ta luftoj\u00eb.<\/p>\n<p>Media nd\u00ebrkomb\u00ebtare prej vitesh nuk ka heshtur:<\/p>\n<ul>\n<li>Der Spiegel (Gjermani) shkruan p\u00ebr \u201ckorrupsion n\u00eb t\u00eb gjitha sektor\u00ebt dhe n\u00eb t\u00eb gjitha nivelet e qeverisjes\u201d, duke e cil\u00ebsuar Shqip\u00ebrin\u00eb t\u00eb kapur nga korrupsioni sistemik.<a href=\"#_ftn1\" name=\"_ftnref1\">[1]<\/a><\/li>\n<li>RSF (Reporters Sans Fronti\u00e8res, France) thekson se \u201cliria e medias n\u00eb Shqip\u00ebri \u00ebsht\u00eb viktim\u00eb e munges\u00ebs s\u00eb pluralizmit dhe transparenc\u00ebs\u201d, duke konstatuar kapjen politike t\u00eb shumic\u00ebs s\u00eb mediave.<a href=\"#_ftn2\" name=\"_ftnref2\">[2]<\/a><\/li>\n<li>Le Monde n\u00eb artikullin (France) thote: \u201cEdi Rama, le premier ministre albanais\u2026\u201d shprehet se kryeministri p\u00ebrdor manovra mediatike p\u00ebr t\u00eb zhvendosur v\u00ebmendjen nga reputacioni mafioz i vendit\u201d, duke n\u00ebnkuptuar lidhje me struktura kriminale.<a href=\"#_ftn3\" name=\"_ftnref3\">[3]<\/a><\/li>\n<li>OCCRP, me bashk\u00ebpunime italiane, ka zbuluar tentativat e \u2018Ndranghet\u00ebs p\u00ebr t\u00eb pastruar para n\u00eb Shqip\u00ebri, duke p\u00ebrmendur p\u00ebrfshirje t\u00eb zyrtar\u00ebve t\u00eb lart\u00eb pran\u00eb Ram\u00ebs. Sipas tyre, opozita flet p\u00ebr \u201ckorrupsion masiv n\u00eb nivelet m\u00eb t\u00eb larta t\u00eb pushtetit t\u00eb Edi Ram\u00ebs.\u201d<a href=\"#_ftn4\" name=\"_ftnref4\">[4]<\/a><\/li>\n<\/ul>\n<p>Politikisht, kjo qeveri ka krijuar nj\u00eb cik\u00ebl t\u00eb rreziksh\u00ebm ku p\u00ebrdor institucionet demokratike p\u00ebr t\u00eb mbajtur pushtetin, nd\u00ebrkoh\u00eb q\u00eb dob\u00ebson sistematikisht kontrollin dhe balancat. Administrata \u00ebsht\u00eb e bler\u00eb dhe e p\u00ebrdorur p\u00ebr interesat e pakic\u00ebs, nd\u00ebrsa qytetar\u00ebt jan\u00eb t\u00eb paralizuar nga frika e humbjes s\u00eb vendit t\u00eb pun\u00ebs apo t\u00eb represioneve t\u00eb mundshme. Ky model krijon jo vet\u00ebm korrupsion, por edhe nj\u00eb klim\u00eb ku inercia dhe paaft\u00ebsia shtet\u00ebrore sh\u00ebrbejn\u00eb si mekanizma mbajtjeje pushteti.<\/p>\n<p>Ah moj Shqipni\u2026 q\u00eb demokracin\u00eb e ke marr\u00eb si t\u00eb mir\u00ebqen\u00eb ti. Edhe at\u00ebher\u00eb, n\u00ebn komuniz\u00ebm, lider\u00ebt nuk kontestoheshin, \u00e7do z\u00eb i ndrysh\u00ebm konsiderohej i rreziksh\u00ebm, ky lloj mentaliti e ka form\u00ebsuar m\u00ebnyr\u00ebn si shohim pushtetin edhe sot. Mediave tona shpesh nuk u besohen m\u00eb, nd\u00ebrsa mediat nd\u00ebrkomb\u00ebtare, q\u00eb dikur i shihnim si referenc\u00eb, duket se nuk arrijn\u00eb t\u00eb na zgjojn\u00eb nga kjo apati. Kaq shum\u00eb na ka verbuar rutina, frika dhe var\u00ebsia edhe nuk di ta them nga \u201cfrika apo nga dashuria\u201d?!<\/p>\n<p>Kjo \u00ebsht\u00eb nj\u00eb qeveri q\u00eb e quan veten me \u201cbilanc t\u00eb shk\u00eblqyer\u201d, nd\u00ebrsa realiteti \u00ebsht\u00eb ky:<\/p>\n<p>Nga shum\u00eb ministra q\u00eb ka pasur Rama q\u00eb prej 2013-s, rreth 30% jan\u00eb investiguar apo kan\u00eb pasur procese te hapura me drejt\u00ebsin\u00eb. Skandalet vazhdojn\u00eb, hetimet vazhdojn\u00eb, turpi vazhdon\u2026 Por ajo q\u00eb m\u00eb habit \u00ebsht\u00eb se si, pavar\u00ebsisht gjith\u00e7kaje, kjo qeveri socialist\u00eb e korruptuar deri n\u00eb palc\u00eb, me nj\u00eb administrat\u00eb t\u00eb kapur, me punonj\u00ebs t\u00eb trembur dhe t\u00eb shantazhuar, vazhdon t\u00eb mbahet n\u00eb k\u00ebmb\u00eb. Nd\u00ebrkoh\u00eb, vendin ton\u00eb e l\u00eb mjerim, n\u00eb shpopullim, n\u00eb krim, n\u00eb varf\u00ebri morale e institucionale.<\/p>\n<p>Na flasin p\u00ebr Europ\u00eb dhe integrim, por nuk flasin asnj\u00ebher\u00eb p\u00ebr boshatisjen e Shqip\u00ebris\u00eb. P\u00ebr korrupsionin q\u00eb po ha \u00e7do institucion. P\u00ebr krimin q\u00eb po b\u00ebhet normalitet. Dhe ne vazhdojm\u00eb t\u00eb rrim\u00eb n\u00eb nj\u00eb gjum\u00eb letargjik, shum\u00eb t\u00eb rreziksh\u00ebm.<\/p>\n<p>Analitikisht, kjo situat\u00eb tregon disa probleme themelore:<\/p>\n<ul>\n<li>Institucione t\u00eb dob\u00ebta.<\/li>\n<li>Korrupsion sistematik.<\/li>\n<li>Shpopullimi dhe frika sociale.<\/li>\n<li>Rr\u00ebnimi i meritokracis\u00eb dhe profesionalizmit.<\/li>\n<li>Kriz\u00eb e thell\u00eb e Balanc\u00ebs s\u00eb Pushteteve.<\/li>\n<li>Erozioni i demokracis\u00eb funksionale.<\/li>\n<\/ul>\n<p>A moj Shqipni e mjera Shqipni\u2026<\/p>\n<p>N\u00ebse e duam k\u00ebt\u00eb vend, duhet t\u00eb zgjohemi. Jo p\u00ebr nj\u00eb parti, por p\u00ebr at\u00eb q\u00eb e quajm\u00eb sht\u00ebpi. A do e lini dik\u00eb t\u00eb vij\u00eb n\u00eb sht\u00ebpin\u00eb tuaj, t\u2019ju p\u00ebrzej\u00eb dhe t\u2019ju vjedh\u00eb, nd\u00ebrsa ju t\u2019i hapni der\u00ebn p\u00ebrs\u00ebri? A do e lini dik\u00eb t\u2019ju prish\u00eb themelet e sht\u00ebpis\u00eb, t\u00eb familjes, t\u00eb t\u00eb ardhmes? Jo. At\u00ebher\u00eb mos e lini as Shqip\u00ebrin\u00eb n\u00eb k\u00ebt\u00eb pik\u00eb t\u00eb mjer\u00eb.<\/p>\n<p>Ah moj Shqipni e mjera Shqipni\u2026 s\u2019ka faj Partia Demokratike p\u00ebr k\u00ebto fatkeq\u00ebsi q\u00eb po kalon ti. Shqip\u00ebria ka nevoj\u00eb p\u00ebr qytetar\u00eb t\u00eb nd\u00ebrgjegjsh\u00ebm, t\u00eb angazhuar dhe t\u00eb bashkuar, Ky vend \u00ebsht\u00eb sht\u00ebpia jon\u00eb. \u00a0Le ti japim ngjyrat q\u00eb meriton: ngjyrat e demokracis\u00eb, liris\u00eb, dinjitetit, dhe atdhedashuris\u00eb.<\/p>\n<p><a href=\"#_ftnref1\" name=\"_ftn1\">[1]<\/a> <a href=\"https:\/\/www.lemonde.fr\/international\/article\/2024\/12\/24\/edi-rama-le-premier-ministre-albanais-qui-multiplie-les-coups-mediatiques-pour-accelerer-l-adhesion-de-son-pays-a-l-ue_6465242_3210.html?utm\" target=\"_blank\" rel=\"noopener\">https:\/\/\u00eb\u00eb\u00eb.lemonde.fr\/international\/article\/2024\/12\/24\/edi-rama-le-premier-ministre-albanais-qui-multiplie-les-coups-mediatiques-pour-accelerer-l-adhesion-de-son-pays-a-l-ue_6465242_3210.html?utm<\/a><\/p>\n<p><a href=\"#_ftnref2\" name=\"_ftn2\">[2]<\/a> <a href=\"https:\/\/rsf.org\/fr\/albanie-la-libert%C3%A9-de-la-presse-victime-du-manque-de-pluralisme-et-de-transparence-dans-la?utm\u00ec\" target=\"_blank\" rel=\"noopener\">https:\/\/rsf.org\/fr\/albanie-la-libert%C3%A9-de-la-presse-victime-du-manque-de-pluralisme-et-de-transparence-dans-la?utm<\/a><\/p>\n<p><a href=\"#_ftnref3\" name=\"_ftn3\">[3]<\/a> <a href=\"https:\/\/www.lemonde.fr\/international\/article\/2024\/12\/24\/edi-rama-le-premier-ministre-albanais-qui-multiplie-les-coups-mediatiques-pour-accelerer-l-adhesion-de-son-pays-a-l-ue_6465242_3210.html?utm_source=chatgpt.com\" target=\"_blank\" rel=\"noopener\">https:\/\/\u00eb\u00eb\u00eb.lemonde.fr\/international\/article\/2024\/12\/24\/edi-rama-le-premier-ministre-albanais-qui-multiplie-les-coups-mediatiques-pour-accelerer-l-adhesion-de-son-pays-a-l-ue_6465242_3210.html?utm<\/a><\/p>\n<p><a href=\"#_ftnref4\" name=\"_ftn4\">[4]<\/a> <a href=\"https:\/\/www.occrp.org\/en\/news\/albanian-pm-ndrangheta-tried-to-launder-money-in-albania-but-failed?utm\" target=\"_blank\" rel=\"noopener\">https:\/\/\u00eb\u00eb\u00eb.occrp.org\/en\/ne\u00ebs\/albanian-pm-ndrangheta-tried-to-launder-money-in-albania-but-failed?utm<\/a><\/p>\n","protected":false},"excerpt":{"rendered":"<p>Neada STANA Shpesh e pyes veten: Ku po shkojm\u00eb si Shtet? Si ka mund\u00ebsi q\u00eb pas 45 vitesh err\u00ebsir\u00eb komuniste, ende nuk dim\u00eb t\u00eb njohim dhe t\u00eb mbrojm\u00eb lirin\u00eb dhe demokracin\u00eb? Na p\u00eblqen t\u00eb mendojm\u00eb se jemi t\u00eb lir\u00eb, por vazhdojm\u00eb t\u00eb lejojm\u00eb t\u00eb nj\u00ebjt\u00ebn mend\u00ebsi t\u00eb na komandoj\u00eb, q\u00eb na m\u00ebson t\u00eb mos pyesim, &hellip;<\/p>\n","protected":false},"author":4,"featured_media":129105,"comment_status":"closed","ping_status":"closed","sticky":false,"template":"","format":"standard","meta":{"footnotes":""},"categories":[44],"tags":[],"class_list":["post-129104","post","type-post","status-publish","format-standard","has-post-thumbnail","","category-editorial"],"_links":{"self":[{"href":"https:\/\/rdnews.al\/index.php\/wp-json\/wp\/v2\/posts\/129104","targetHints":{"allow":["GET"]}}],"collection":[{"href":"https:\/\/rdnews.al\/index.php\/wp-json\/wp\/v2\/posts"}],"about":[{"href":"https:\/\/rdnews.al\/index.php\/wp-json\/wp\/v2\/types\/post"}],"author":[{"embeddable":true,"href":"https:\/\/rdnews.al\/index.php\/wp-json\/wp\/v2\/users\/4"}],"replies":[{"embeddable":true,"href":"https:\/\/rdnews.al\/index.php\/wp-json\/wp\/v2\/comments?post=129104"}],"version-history":[{"count":1,"href":"https:\/\/rdnews.al\/index.php\/wp-json\/wp\/v2\/posts\/129104\/revisions"}],"predecessor-version":[{"id":129106,"href":"https:\/\/rdnews.al\/index.php\/wp-json\/wp\/v2\/posts\/129104\/revisions\/129106"}],"wp:featuredmedia":[{"embeddable":true,"href":"https:\/\/rdnews.al\/index.php\/wp-json\/wp\/v2\/media\/129105"}],"wp:attachment":[{"href":"https:\/\/rdnews.al\/index.php\/wp-json\/wp\/v2\/media?parent=129104"}],"wp:term":[{"taxonomy":"category","embeddable":true,"href":"https:\/\/rdnews.al\/index.php\/wp-json\/wp\/v2\/categories?post=129104"},{"taxonomy":"post_tag","embeddable":true,"href":"https:\/\/rdnews.al\/index.php\/wp-json\/wp\/v2\/tags?post=129104"}],"curies":[{"name":"wp","href":"https:\/\/api.w.org\/{rel}","templated":true}]}}