{"id":129107,"date":"2025-11-21T14:40:47","date_gmt":"2025-11-21T14:40:47","guid":{"rendered":"https:\/\/rdnews.al\/?p=129107"},"modified":"2025-11-21T14:40:47","modified_gmt":"2025-11-21T14:40:47","slug":"berisha-nga-brazili-do-ti-tregoj-botes-katastrofen-qe-po-ndodh-ne-shqiperi-nen-regjimin-e-edi-rames","status":"publish","type":"post","link":"https:\/\/rdnews.al\/index.php\/2025\/11\/21\/berisha-nga-brazili-do-ti-tregoj-botes-katastrofen-qe-po-ndodh-ne-shqiperi-nen-regjimin-e-edi-rames\/","title":{"rendered":"Berisha nga Brazili: Do t\u2019i tregoj bot\u00ebs katastrof\u00ebn q\u00eb po ndodh n\u00eb Shqip\u00ebri n\u00ebn regjimin e Edi Ram\u00ebs"},"content":{"rendered":"<div class=\"elementor elementor-731 elementor-location-single post-24133 post type-post status-publish format-standard has-post-thumbnail hentry category-njoftime\" data-elementor-type=\"single-post\" data-elementor-id=\"731\" data-elementor-post-type=\"elementor_library\">\n<section class=\"elementor-section elementor-top-section elementor-element elementor-element-ad189c2 elementor-section-boxed elementor-section-height-default elementor-section-height-default\" data-id=\"ad189c2\" data-element_type=\"section\">\n<div class=\"elementor-container elementor-column-gap-default\">\n<div class=\"elementor-column elementor-col-50 elementor-top-column elementor-element elementor-element-3486475\" data-id=\"3486475\" data-element_type=\"column\">\n<div class=\"elementor-widget-wrap elementor-element-populated\">\n<div class=\"elementor-element elementor-element-e6afd38 elementor-widget elementor-widget-theme-post-content\" data-id=\"e6afd38\" data-element_type=\"widget\" data-widget_type=\"theme-post-content.default\">\n<div class=\"elementor-widget-container\">\n<p><em>Kryetari i Partis\u00eb Demokratike, Prof. Dr. Sali Berisha, nga San Paolo i Brazilit, njoftoi pjes\u00ebmarrjen e tij s\u00eb bashku me deputet\u00ebt Albana Vokshi dhe Belind K\u00eblli\u00e7i n\u00eb Asamblen\u00eb e P\u00ebrgjithshme t\u00eb CDI-s\u00eb, e cila po zhvillon punimet gjat\u00eb k\u00ebtyre dy dit\u00ebve. Berisha tha se gjat\u00eb konferenc\u00ebs do t\u00eb paraqes\u00eb para p\u00ebrfaq\u00ebsuesve t\u00eb partive kryesore nd\u00ebrkomb\u00ebtare situat\u00ebn q\u00eb ai e p\u00ebrshkruan si dramatike n\u00eb Shqip\u00ebri, duke p\u00ebrmendur \u00e7\u00ebshtjet e drog\u00ebs, korrupsionit dhe r\u00ebnies s\u00eb shtetit ligjor.<br \/>\n<\/em><\/p>\n<p><em>Lideri opozitar, Sali Berisha rikujtoi se CDI ka qen\u00eb organizata e par\u00eb nd\u00ebrkomb\u00ebtare nd\u00ebrpartiake q\u00eb miratoi nj\u00eb rezolut\u00eb ku denonconte, sipas tij, gjendjen n\u00eb Shqip\u00ebri. Berisha theksoi se n\u00eb takimet dypal\u00ebshe dhe fjalimet q\u00eb do t\u00eb mbaj\u00eb, do t\u00eb synoj\u00eb t\u00eb rris\u00eb sensibilizimin e komunitetit nd\u00ebrkomb\u00ebtar lidhur me zhvillimet negative n\u00eb vend.<\/em><\/p>\n<p><strong>Videomesazhi i plot\u00eb i kryetarit t\u00eb PD, Sali Berisha<\/strong><\/p>\n<p>Nj\u00eb p\u00ebrsh\u00ebndetje t\u00eb p\u00ebrzem\u00ebrt nga San Paolo, Brazil, ku s\u00eb bashku me Albana Vokshin dhe Belind K\u00eblli\u00e7in po marrim pjes\u00eb n\u00eb konferenc\u00ebn e Asambles\u00eb s\u00eb P\u00ebrgjithshme t\u00eb CDI, e cila zhvillohet zhvillon punimet gjat\u00eb k\u00ebtyre 2 dit\u00ebve.<\/p>\n<p>N\u00eb k\u00ebt\u00eb konferenc\u00eb, sigurisht, duhet t\u00eb paraqesim gjendjen dramatike n\u00eb Shqip\u00ebri dhe dua t\u00eb theksoj se CDI ka merit\u00ebn e madhe, \u00ebsht\u00eb organizata e par\u00eb nd\u00ebrkomb\u00ebtare nd\u00ebrpartiake q\u00eb miratoi rezolut\u00ebn n\u00eb t\u00eb cil\u00ebn denoncoi bot\u00ebrisht narkoshtetin shqiptar dhe Ramaduron si nj\u00eb si nj\u00eb narkodiktator.<\/p>\n<p>N\u00eb k\u00ebt\u00eb kuad\u00ebr, natyrisht, temat e diskutimeve t\u00eb mia me drejtues t\u00eb forcave poitike kryesore n\u00eb bot\u00eb dhe fjal\u00ebs sime q\u00eb do t\u00eb mbaj n\u00eb seancat e ndryshme t\u00eb punimeve, nuk mund t\u00eb jet\u00eb gj\u00eb m\u00eb shum\u00eb se sa zhvillimet dramatike n\u00eb Shqip\u00ebri droga, korrupsion dhe r\u00ebnia e shtetit ligjor n\u00eb nj\u00eb vend, si dhe p\u00ebrpjekjet p\u00ebr nj\u00eb sensibilizim edhe m\u00eb t\u00eb madh t\u00eb komunitetit nd\u00ebrkomb\u00ebtar mbi zhvillimet e r\u00ebnda n\u00eb Shqip\u00ebri.<\/p>\n<figure class=\"wp-block-video\"><video src=\"https:\/\/pd.al\/wp-content\/uploads\/2025\/11\/WhatsApp-Video-2025-11-21-at-15.09.20.mp4\" controls=\"controls\" width=\"300\" height=\"150\" data-mce-fragment=\"1\"><\/video><\/figure>\n<\/div>\n<\/div>\n<\/div>\n<\/div>\n<div class=\"elementor-column elementor-col-50 elementor-top-column elementor-element elementor-element-bdba7b0\" data-id=\"bdba7b0\" data-element_type=\"column\">\n<div class=\"elementor-widget-wrap elementor-element-populated\">\n<div class=\"elementor-element elementor-element-fc63f39 elementor-widget elementor-widget-template\" data-id=\"fc63f39\" data-element_type=\"widget\" data-widget_type=\"template.default\">\n<div class=\"elementor-widget-container\">\n<div class=\"elementor-template\">\n<div class=\"elementor elementor-1824 elementor-location-single\" data-elementor-type=\"section\" data-elementor-id=\"1824\" data-elementor-post-type=\"elementor_library\">\n<section class=\"elementor-section elementor-top-section elementor-element elementor-element-079f463 elementor-section-boxed elementor-section-height-default elementor-section-height-default\" data-id=\"079f463\" data-element_type=\"section\">\n<div class=\"elementor-container elementor-column-gap-default\">\n<div class=\"elementor-column elementor-col-100 elementor-top-column elementor-element elementor-element-31ea933\" data-id=\"31ea933\" data-element_type=\"column\">\n<div class=\"elementor-widget-wrap elementor-element-populated\">\n<div class=\"elementor-element elementor-element-86f06b2 elementor-search-form--skin-classic elementor-search-form--button-type-icon elementor-search-form--icon-search elementor-widget elementor-widget-search-form\" data-id=\"86f06b2\" data-element_type=\"widget\" data-settings=\"{&quot;skin&quot;:&quot;classic&quot;}\" data-widget_type=\"search-form.default\">\n<div class=\"elementor-widget-container\"><\/div>\n<\/div>\n<div class=\"elementor-element elementor-element-3962b22 elementor-widget elementor-widget-heading\" data-id=\"3962b22\" data-element_type=\"widget\" data-widget_type=\"heading.default\">\n<div class=\"elementor-widget-container\">\n<h5 class=\"elementor-heading-title elementor-size-default\"><\/h5>\n<\/div>\n<\/div>\n<\/div>\n<\/div>\n<\/div>\n<\/section>\n<\/div>\n<\/div>\n<\/div>\n<\/div>\n<\/div>\n<\/div>\n<\/div>\n<\/section>\n<\/div>\n","protected":false},"excerpt":{"rendered":"<p>Kryetari i Partis\u00eb Demokratike, Prof. Dr. Sali Berisha, nga San Paolo i Brazilit, njoftoi pjes\u00ebmarrjen e tij s\u00eb bashku me deputet\u00ebt Albana Vokshi dhe Belind K\u00eblli\u00e7i n\u00eb Asamblen\u00eb e P\u00ebrgjithshme t\u00eb CDI-s\u00eb, e cila po zhvillon punimet gjat\u00eb k\u00ebtyre dy dit\u00ebve. Berisha tha se gjat\u00eb konferenc\u00ebs do t\u00eb paraqes\u00eb para p\u00ebrfaq\u00ebsuesve t\u00eb partive kryesore nd\u00ebrkomb\u00ebtare &hellip;<\/p>\n","protected":false},"author":4,"featured_media":129108,"comment_status":"closed","ping_status":"closed","sticky":false,"template":"","format":"standard","meta":{"footnotes":""},"categories":[37],"tags":[],"class_list":["post-129107","post","type-post","status-publish","format-standard","has-post-thumbnail","","category-politike"],"_links":{"self":[{"href":"https:\/\/rdnews.al\/index.php\/wp-json\/wp\/v2\/posts\/129107","targetHints":{"allow":["GET"]}}],"collection":[{"href":"https:\/\/rdnews.al\/index.php\/wp-json\/wp\/v2\/posts"}],"about":[{"href":"https:\/\/rdnews.al\/index.php\/wp-json\/wp\/v2\/types\/post"}],"author":[{"embeddable":true,"href":"https:\/\/rdnews.al\/index.php\/wp-json\/wp\/v2\/users\/4"}],"replies":[{"embeddable":true,"href":"https:\/\/rdnews.al\/index.php\/wp-json\/wp\/v2\/comments?post=129107"}],"version-history":[{"count":1,"href":"https:\/\/rdnews.al\/index.php\/wp-json\/wp\/v2\/posts\/129107\/revisions"}],"predecessor-version":[{"id":129109,"href":"https:\/\/rdnews.al\/index.php\/wp-json\/wp\/v2\/posts\/129107\/revisions\/129109"}],"wp:featuredmedia":[{"embeddable":true,"href":"https:\/\/rdnews.al\/index.php\/wp-json\/wp\/v2\/media\/129108"}],"wp:attachment":[{"href":"https:\/\/rdnews.al\/index.php\/wp-json\/wp\/v2\/media?parent=129107"}],"wp:term":[{"taxonomy":"category","embeddable":true,"href":"https:\/\/rdnews.al\/index.php\/wp-json\/wp\/v2\/categories?post=129107"},{"taxonomy":"post_tag","embeddable":true,"href":"https:\/\/rdnews.al\/index.php\/wp-json\/wp\/v2\/tags?post=129107"}],"curies":[{"name":"wp","href":"https:\/\/api.w.org\/{rel}","templated":true}]}}