{"id":129198,"date":"2025-11-22T18:05:01","date_gmt":"2025-11-22T18:05:01","guid":{"rendered":"https:\/\/rdnews.al\/?p=129198"},"modified":"2025-11-22T18:05:01","modified_gmt":"2025-11-22T18:05:01","slug":"tabaku-doreheqjen-duhet-ta-jape-edhe-rama-balluku-nuk-ka-vepruar-e-vetme","status":"publish","type":"post","link":"https:\/\/rdnews.al\/index.php\/2025\/11\/22\/tabaku-doreheqjen-duhet-ta-jape-edhe-rama-balluku-nuk-ka-vepruar-e-vetme\/","title":{"rendered":"Tabaku: Dor\u00ebheqjen duhet ta jap\u00eb edhe Rama, Balluku nuk ka vepruar e vetme!"},"content":{"rendered":"<p>Deputetja e PD, Jorida Tabaku deklaron se, Belinda Balluku duhet t\u00eb jap\u00eb dor\u00ebheqjen. Ajo tha se dor\u00ebheqjen duhet ta jap\u00eb edhe kryeministri Rama, pasi sipas saj Balluku nuk ka vepruar e vetme.<\/p>\n<p>Tabaku tha se nuk e sheh \u00e7\u00ebshtjen Balluku si p\u00ebrgjegj\u00ebsi te disa punonj\u00ebs q\u00eb ndajn\u00eb tenderat. Ajo shton se n\u00eb k\u00ebt\u00eb rast p\u00ebrgjegj\u00ebsia \u00ebsht\u00eb politike, morale, \u00ebsht\u00eb e qeveris\u00eb, por \u00ebsht\u00eb edhe ligjore.<\/p>\n<p>\u201cUn\u00eb mendoj se n\u00eb planin personal \u00ebsht\u00eb n\u00eb momentin m\u00eb t\u00eb v\u00ebshtir\u00eb. N\u00eb profilin si politikan duhet t\u00eb kishte vendosur nj\u00eb standard si dor\u00ebheqja q\u00eb n\u00eb k\u00ebt\u00eb qeveri nuk ekziston, e nj\u00eb zvkryeministre q\u00eb i hap rrug\u00eb drejt\u00ebsis\u00eb, t\u00eb vendoste standardin e transparenc\u00ebs. Ndodhemi n\u00eb nj\u00eb moment q\u00eb sinjali q\u00eb duhet t\u00eb jepet \u00ebsht\u00eb q\u00eb duhet t\u00eb kemi frik\u00eb nga ligji, por ato q\u00eb lexova nga dosja, duket se nuk ka patur fare frik\u00eb nga ligji.<\/p>\n<p>Balluku menaxhonte gjysm\u00ebn e buxhetit t\u00eb shtetit, kontrata qindra milion\u00ebshe, t\u00eb cilat i kemi denoncuar dhe jemi sulmuar n\u00eb Kuvend, pse i denoncojm\u00eb. Morali politik do ta k\u00ebrkonte q\u00eb t\u00eb jepte dor\u00ebheqjen, n\u00eb t\u00eb kund\u00ebrt ajo erdhi dhe sulmoi opozit\u00ebn.<\/p>\n<p>Kjo p\u00ebr mua \u00ebsht\u00eb e pakonceptueshme. Nj\u00eb gj\u00eb q\u00eb q\u00eb kam m\u00ebsuar k\u00ebt\u00eb vit \u00ebsht\u00eb kompromisi i fjal\u00ebs dhe un\u00eb nuk b\u00ebj kompromis me fjal\u00ebn. Kam b\u00ebr\u00eb reagimet e mia, kam k\u00ebrkuar dor\u00ebheqjen, Balluku ka qen\u00eb te komisioni hetimor p\u00ebr incenerator\u00ebt\u2026 Fundin e k\u00ebsaj historie e shoh me dor\u00ebheqjen e zotit Rama, sikurse me incenerator\u00ebt. P\u00ebrgjegj\u00ebsia \u00ebsht\u00eb politike, morale, e qeveris\u00eb por dhe ligjore\u201c, tha Tabaku n\u00eb News24.<\/p>\n","protected":false},"excerpt":{"rendered":"<p>Deputetja e PD, Jorida Tabaku deklaron se, Belinda Balluku duhet t\u00eb jap\u00eb dor\u00ebheqjen. Ajo tha se dor\u00ebheqjen duhet ta jap\u00eb edhe kryeministri Rama, pasi sipas saj Balluku nuk ka vepruar e vetme. Tabaku tha se nuk e sheh \u00e7\u00ebshtjen Balluku si p\u00ebrgjegj\u00ebsi te disa punonj\u00ebs q\u00eb ndajn\u00eb tenderat. Ajo shton se n\u00eb k\u00ebt\u00eb rast p\u00ebrgjegj\u00ebsia &hellip;<\/p>\n","protected":false},"author":4,"featured_media":127946,"comment_status":"closed","ping_status":"closed","sticky":false,"template":"","format":"standard","meta":{"footnotes":""},"categories":[37],"tags":[],"class_list":["post-129198","post","type-post","status-publish","format-standard","has-post-thumbnail","","category-politike"],"_links":{"self":[{"href":"https:\/\/rdnews.al\/index.php\/wp-json\/wp\/v2\/posts\/129198","targetHints":{"allow":["GET"]}}],"collection":[{"href":"https:\/\/rdnews.al\/index.php\/wp-json\/wp\/v2\/posts"}],"about":[{"href":"https:\/\/rdnews.al\/index.php\/wp-json\/wp\/v2\/types\/post"}],"author":[{"embeddable":true,"href":"https:\/\/rdnews.al\/index.php\/wp-json\/wp\/v2\/users\/4"}],"replies":[{"embeddable":true,"href":"https:\/\/rdnews.al\/index.php\/wp-json\/wp\/v2\/comments?post=129198"}],"version-history":[{"count":1,"href":"https:\/\/rdnews.al\/index.php\/wp-json\/wp\/v2\/posts\/129198\/revisions"}],"predecessor-version":[{"id":129199,"href":"https:\/\/rdnews.al\/index.php\/wp-json\/wp\/v2\/posts\/129198\/revisions\/129199"}],"wp:featuredmedia":[{"embeddable":true,"href":"https:\/\/rdnews.al\/index.php\/wp-json\/wp\/v2\/media\/127946"}],"wp:attachment":[{"href":"https:\/\/rdnews.al\/index.php\/wp-json\/wp\/v2\/media?parent=129198"}],"wp:term":[{"taxonomy":"category","embeddable":true,"href":"https:\/\/rdnews.al\/index.php\/wp-json\/wp\/v2\/categories?post=129198"},{"taxonomy":"post_tag","embeddable":true,"href":"https:\/\/rdnews.al\/index.php\/wp-json\/wp\/v2\/tags?post=129198"}],"curies":[{"name":"wp","href":"https:\/\/api.w.org\/{rel}","templated":true}]}}