{"id":129200,"date":"2025-11-22T19:36:56","date_gmt":"2025-11-22T19:36:56","guid":{"rendered":"https:\/\/rdnews.al\/?p=129200"},"modified":"2025-11-22T19:36:56","modified_gmt":"2025-11-22T19:36:56","slug":"ramen-nuk-e-ndihmojne-dot-as-te-gjithe-librat-e-robert-h-xhekson","status":"publish","type":"post","link":"https:\/\/rdnews.al\/index.php\/2025\/11\/22\/ramen-nuk-e-ndihmojne-dot-as-te-gjithe-librat-e-robert-h-xhekson\/","title":{"rendered":"Ram\u00ebn nuk e ndihmojn\u00eb dot as t\u00eb gjith\u00eb librat e Robert H. Xhekson!"},"content":{"rendered":"<p><strong>Nga Petrit VASILI<\/strong><\/p>\n<p>Rama, n\u00eb nj\u00eb kuturisje t\u00eb d\u00ebshp\u00ebruar, n\u00eb kontekst t\u00eb rr\u00ebnimit t\u00eb \u00e7do morali dhe dhunimit t\u00eb \u00e7do ligji, q\u00ebmton fraza dhe zbuloi nj\u00eb t\u00eb juristit amerikan Robert H. Xhekson.<\/p>\n<p>Rama, p\u00ebr vete dhe p\u00ebr q\u00ebllimet e tij, nuk zbaton as vendimet e Gjykat\u00ebs Kushtetuese.<\/p>\n<p>Rama Kushtetut\u00ebn e ndryshoi p\u00ebr 5 minuta me \u2018k\u00ebrp\u00ebratat\u2019, sepse as e di se nga bie shteti i s\u00eb drejt\u00ebs.<\/p>\n<p>Rama \u00ebsht\u00eb shum\u00eb krenar q\u00eb e ka b\u00ebr\u00eb ai, e ka votuar ai dhe e garanton ai k\u00ebt\u00eb drejt\u00ebsi t\u00eb tij t\u00eb \u2018ramaform\u00ebs\u2019.<\/p>\n<p>Rama nuk na e ka lexuar Robert Xheksonin p\u00ebr Ahmetajn, ministrat, apo p\u00ebr deputet\u00ebt dhe kryetar\u00ebt e bashkive q\u00eb jan\u00eb arrestuar.<\/p>\n<p>Pse u lodh kaq fort t\u00eb gjej\u00eb nj\u00eb fraz\u00eb t\u00eb Xheksonit?<\/p>\n<p>Apo e ka p\u00ebr parime, apo q\u00eb t\u00eb laj\u00eb duart si Ponc Pilati me Bel\u00ebn?<\/p>\n<p>Jo, jo, as nj\u00ebra, as tjetra.<\/p>\n<p>Thjesht ka hallin e vet, tani q\u00eb kushdo e kupton q\u00eb radha e Ram\u00ebs ka ardhur dhe k\u00ebt\u00eb ai nuk e shmang dot m\u00eb, edhe sikur t\u00eb shes\u00eb gjith\u00eb qeverin\u00eb deri te ministri m\u00eb i fundit, si\u00e7 b\u00ebri me Ahmetajn, Bel\u00ebn etj., etj.<\/p>\n<p>\u00c7far\u00eb do t\u2019i thoshte Robert Xhekson Ram\u00ebs p\u00ebr gjith\u00eb k\u00ebto?<\/p>\n<p>Por as t\u00eb gjith\u00eb librat e Xheksonit nuk ia zgjidhin dot, sepse ato libra mbrojn\u00eb ligjin dhe jo dhunuesit e ligjit si Rama.<\/p>\n","protected":false},"excerpt":{"rendered":"<p>Nga Petrit VASILI Rama, n\u00eb nj\u00eb kuturisje t\u00eb d\u00ebshp\u00ebruar, n\u00eb kontekst t\u00eb rr\u00ebnimit t\u00eb \u00e7do morali dhe dhunimit t\u00eb \u00e7do ligji, q\u00ebmton fraza dhe zbuloi nj\u00eb t\u00eb juristit amerikan Robert H. Xhekson. Rama, p\u00ebr vete dhe p\u00ebr q\u00ebllimet e tij, nuk zbaton as vendimet e Gjykat\u00ebs Kushtetuese. Rama Kushtetut\u00ebn e ndryshoi p\u00ebr 5 minuta me &hellip;<\/p>\n","protected":false},"author":4,"featured_media":128903,"comment_status":"closed","ping_status":"closed","sticky":false,"template":"","format":"standard","meta":{"footnotes":""},"categories":[44],"tags":[],"class_list":["post-129200","post","type-post","status-publish","format-standard","has-post-thumbnail","","category-editorial"],"_links":{"self":[{"href":"https:\/\/rdnews.al\/index.php\/wp-json\/wp\/v2\/posts\/129200","targetHints":{"allow":["GET"]}}],"collection":[{"href":"https:\/\/rdnews.al\/index.php\/wp-json\/wp\/v2\/posts"}],"about":[{"href":"https:\/\/rdnews.al\/index.php\/wp-json\/wp\/v2\/types\/post"}],"author":[{"embeddable":true,"href":"https:\/\/rdnews.al\/index.php\/wp-json\/wp\/v2\/users\/4"}],"replies":[{"embeddable":true,"href":"https:\/\/rdnews.al\/index.php\/wp-json\/wp\/v2\/comments?post=129200"}],"version-history":[{"count":1,"href":"https:\/\/rdnews.al\/index.php\/wp-json\/wp\/v2\/posts\/129200\/revisions"}],"predecessor-version":[{"id":129201,"href":"https:\/\/rdnews.al\/index.php\/wp-json\/wp\/v2\/posts\/129200\/revisions\/129201"}],"wp:featuredmedia":[{"embeddable":true,"href":"https:\/\/rdnews.al\/index.php\/wp-json\/wp\/v2\/media\/128903"}],"wp:attachment":[{"href":"https:\/\/rdnews.al\/index.php\/wp-json\/wp\/v2\/media?parent=129200"}],"wp:term":[{"taxonomy":"category","embeddable":true,"href":"https:\/\/rdnews.al\/index.php\/wp-json\/wp\/v2\/categories?post=129200"},{"taxonomy":"post_tag","embeddable":true,"href":"https:\/\/rdnews.al\/index.php\/wp-json\/wp\/v2\/tags?post=129200"}],"curies":[{"name":"wp","href":"https:\/\/api.w.org\/{rel}","templated":true}]}}