{"id":129247,"date":"2025-11-24T10:21:44","date_gmt":"2025-11-24T10:21:44","guid":{"rendered":"https:\/\/rdnews.al\/?p=129247"},"modified":"2025-11-24T10:21:44","modified_gmt":"2025-11-24T10:21:44","slug":"kos-komisionere-e-rrezikshme-per-te-ardhmen-e-be-van-der-lyen-duhet-ta-shkarkoje","status":"publish","type":"post","link":"https:\/\/rdnews.al\/index.php\/2025\/11\/24\/kos-komisionere-e-rrezikshme-per-te-ardhmen-e-be-van-der-lyen-duhet-ta-shkarkoje\/","title":{"rendered":"Kos, Komisionere e rrezikshme p\u00ebr t\u00eb ardhmen e BE &#8211; Van der Lyen duhet ta shkarkoj\u00eb"},"content":{"rendered":"<p><strong>Nga Ndri\u00e7im KULLA<\/strong><\/p>\n<p><strong>Standarti i Kos p\u00ebr zgjedhjet m\u00eb i reziksh\u00ebm p\u00ebr BE se sa p\u00ebr Shqip\u00ebrin\u00eb!<\/strong><\/p>\n<p><strong>Standarti i Kos p\u00ebr zgjedhjet i denj\u00eb p\u00ebr nj\u00eb ministre t\u00eb ish Bashkimit Sovjetik!<\/strong><\/p>\n<p><strong>Standarti i Kos p\u00ebr zgjedhjet e b\u00ebn BE si ish Bashkimi Sovjetik!<\/strong><\/p>\n<p><strong>Standarti i Kos p\u00ebr zgjedhjet m\u00eb i ul\u00ebt se sa ai i Titos!<\/strong><\/p>\n<p><strong>Koncepti q\u00eb ka Kos p\u00ebr lirin\u00eb m\u00eb i keq se sa ai i UDB jugosllave!<\/strong><\/p>\n<p><strong>Kos \u00ebsht\u00eb komisionere e rezikshme p\u00ebr t\u00eb ardhmen e BE!<\/strong><\/p>\n<p><strong>Van der Lyen duhet t\u00eb shkarkoj\u00eb Kos si komisionere!<\/strong><\/p>\n<p><strong>Parlamenti Evropian duhet ta shkarkoj\u00eb Kos !<\/strong><\/p>\n<p><strong>Kos u soll si Komisionere p\u00ebr zgjerimin e ish Bashkimit Sovjetik!<\/strong><\/p>\n<p><strong>Standarti i Kos p\u00ebr zgjedhjet i ngre nga varri themeluesit e BE!<\/strong><\/p>\n<p>Kush e p\u00ebrcjell\u00eb sadopak veprimtarin\u00eb e BE, KE dhe Parlamentit Evropian e di q\u00eb, n\u00eb vitet e fundit, e djathta konservatore n\u00eb PE shpesh e kritikon KE se po e b\u00ebn BE si ish Bashkimi Sovjetik. E kam d\u00ebgjuar shpesh dhe kam b\u00ebr\u00eb analiz\u00ebn time gjithnj\u00eb me nj\u00ebfar\u00eb rezerve dhe mendimin se konservator\u00ebt n\u00eb PE sikur e tepronin pak. Por dje kur d\u00ebgjova marr\u00ebzin\u00eb q\u00eb artikuloi pa iu dridhur syri komunistes radikale sllovene, fatkeq\u00ebsisht komisionere e KE, se zgjedhjet e 11 majit t\u00eb Ramaduros &#8220;ishin t\u00eb lira dhe r\u00eb ndershme&#8221;, luajta nga vendi. Nuk u besova vesh\u00ebve. Si \u00ebsht\u00eb e mundur q\u00eb BE e themeluar nga korifejt\u00eb e demokracis\u00eb Europiane t\u00eb p\u00ebrfaq\u00ebsohet nga nj\u00eb komisionere kaq injorante dhe e indoktrinuar me ideologjin\u00eb staliniste. Robert Schuman, Jean Monnet, Adenauer, Bech, Byen, Churchill, de Gasperi, Spaak, Spinelli, deri tek Kohl, Mitterand, Genscher etj, do t\u00eb ngriheshin nga varri p\u00ebr t\u00eb mbrojtur vlerat dhe parimet mbi t\u00eb cil\u00ebt u themelua dhe u rrit BE nga sharlatan\u00eb t\u00eb till\u00eb t\u00eb indoktrinuar nga ideologjia radikale marksiste -leniniste staliniste, t\u00eb cil\u00ebt farsat zgjedhore t\u00eb denja p\u00ebr neodiktaturat e Putinit dhe Lukashenkos i vler\u00ebsojn\u00eb si zgjedhje t\u00eb lira dhe t\u00eb ndershme! Mora koh\u00eb dhe lexova m\u00eb thell\u00eb nga sa dija se \u00e7far\u00eb \u00ebsht\u00eb kjo politikane.<\/p>\n<p>Nga biografia e saj m\u00eb mbet\u00ebn n\u00eb mend dy momente. Qytetar\u00ebt slloven\u00eb e paskan refuzuar m\u00eb men\u00e7uri p\u00ebr presidente e Sllovenis\u00eb. Paskan shp\u00ebtuar nderin e nj\u00eb vendi mendimtar\u00ebsh dhe shkenc\u00ebtar\u00ebsh. Momenti tjet\u00ebr \u00ebsht\u00eb akuza q\u00eb i ka b\u00ebr\u00eb e djathta sllovene k\u00ebsaj politikanje p\u00ebr implikim t\u00eb saj q\u00eb n\u00eb rini me UDB e ish Jugosllavis\u00eb. Kjo u artikua edhe nga konservator\u00ebt n\u00eb PE kund\u00ebr kandidatur\u00ebs s\u00eb saj p\u00ebr komisionere. Por turpi \u00ebsht\u00eb i PPE q\u00eb toleroi nj\u00eb figur\u00eb t\u00eb till\u00eb ultramarksiste q\u00eb lirin\u00eb, demokracin\u00eb dhe zgjedhjet e lira e t\u00eb ndershme i koncepton m\u00eb keq edhe se sa vet\u00eb UDB e ish Jugosllavis\u00eb. Sa vota i solli kjo Kos presidentes Van der Lyen? Ishte numri i votave p\u00ebr k\u00ebt\u00eb martes\u00eb t\u00eb Van der Lyen me Marta Kosin apo ishte Soros q\u00eb i futi t\u00eb dy k\u00ebmb\u00ebt n\u00eb nj\u00eb k\u00ebpuc\u00eb Van der Leyen dhe disa politikan\u00ebve t\u00eb grupit parlamentar t\u00eb PPE p\u00ebr t\u00eb pranuar nj\u00eb komisionere me nj\u00eb nivel kaq t\u00eb ul\u00ebt t\u00eb kuptimit t\u00eb liris\u00eb, demokracis\u00eb, zgjedhjeve t\u00eb lira dhe t\u00eb ndershme n\u00eb BE dhe n\u00eb vendet kandidate q\u00eb aspirojn\u00eb p\u00ebr tu pranuar n\u00eb BE.<\/p>\n<p>Ne e dinim q\u00eb kjo grua \u00ebsht\u00eb eksponente e s\u00eb majt\u00ebs radikale sllovene, e sponsorizuar fuqish\u00ebm n\u00eb karrier\u00ebn e saj nga Soros dhe nj\u00eb mike e Ramaduros s\u00eb Shqip\u00ebris\u00eb. Por njeriu mendon se, edhe pse kaq e indoktrinuar, si komisionere e PE, duhet t\u00eb ishte sadopak e frenuar dhe e udh\u00ebhequr nga parimet, mbi baz\u00ebn e t\u00eb cil\u00ebve, \u00ebsht\u00eb themeluar Bashkimi Evropian, kur \u00ebsht\u00eb fjala p\u00ebr tu shprehur p\u00ebr \u00e7\u00ebshtje themelore, jetike, p\u00ebr fatet e demokracis\u00eb shqiptare, pik\u00ebrisht zgjedhjet parlamentare. Si guxon nj\u00eb komisionere e zgjerimit t\u00eb PE t&#8217;u b\u00ebj karshill\u00ebk qytetar\u00ebve shqiptar\u00eb, duke u th\u00ebn\u00eb live q\u00eb farsa e 11 majit ishin zgjedhje t\u00eb lira dhe t\u00eb ndershme, nd\u00ebrkoh\u00eb q\u00eb p\u00ebrfaq\u00ebsuesi i PE n\u00eb grupin monitorues t\u00eb zgjedhjeve, Eurodeputeti gjerman Gahler, e artikuloi n\u00eb mbledhen e Komisionit t\u00eb Jasht\u00ebm t\u00eb PE shum\u00eb qart\u00eb dhe shkurt &#8220;krimi i organizuar nuk lejon rotacionin politik n\u00eb Shqip\u00ebri&#8221;! A ka konkluzion m\u00eb t\u00eb qart\u00eb se ky? Po kjo komisionere a e ka lexuar raportin paraprak dhe at\u00eb p\u00ebrfundimtar t\u00eb OSBE-ODIHR-it?<\/p>\n<p>\u00c7far\u00eb e shtyu Kos-in t\u00eb tallet me shqiptar\u00ebt dhe t&#8217;i b\u00ebj nj\u00eb sh\u00ebrbim kaq t\u00eb madh Ramaduros, madje n\u00eb dit\u00ebn m\u00eb t\u00eb v\u00ebshtir\u00eb p\u00ebr vet\u00eb at\u00eb dhe qeverin\u00eb e tij, pik\u00ebrisht kur zev\u00ebnd\u00ebsen e tij e nxorri nga zyra drejt\u00ebsia p\u00ebr afera ku autor i par\u00eb \u00ebsht\u00eb vet ai. \u00c7far\u00eb parandjen Kos p\u00ebr Ramaduron? Cfar\u00eb i detyrohet Kos Ramaduros, thjesht ndonj\u00eb vot\u00eb p\u00ebr zgjedhjen e saj n\u00eb PE, apo di\u00e7ka tjet\u00ebr shum\u00eb m\u00eb t\u00eb madhe. Nuk mendoj se \u00ebsht\u00eb vet\u00ebm detyrim i bashk\u00ebjetes\u00ebs s\u00eb tyre n\u00eb familjen sorosiane. Duhet t\u00eb jet\u00eb shum\u00eb, shum\u00eb m\u00eb tep\u00ebr. Jeta \u00ebsht\u00eb e gjat\u00eb dhe kam frik\u00eb se nj\u00eb dit\u00eb do t\u00eb m\u00ebsojn\u00eb qytetar\u00ebt shqiptar\u00eb dhe ato evropian\u00eb se n\u00eb \u00e7&#8217;mas\u00eb aferat e Ramaduros kan\u00eb p\u00ebrmbytur edhe politikan\u00ebt europian\u00eb, ndoshta shum\u00eb m\u00eb keq se sa me &#8220;kaviar diplomacy&#8221; t\u00eb Azerbaxhanit. \u00c7\u00ebshtja \u00ebsht\u00eb sa e larg\u00ebt kjo dit\u00eb dhe sa gjat\u00eb do t\u00eb vuajn\u00eb shqiptar\u00ebt aferat e Ramaduros dhe miqve t\u00eb tij sorosian\u00eb n\u00eb Evrop\u00eb?!<\/p>\n<p>Jam i shokuar nga mungesa e reagimit ndaj k\u00ebsaj deklarate t\u00eb k\u00ebsaj komisionere nga disa parti\u00e7ka pseudoopozitare. Deri tani ka reaguar vet\u00ebm PD dhe PL. Fatkeq\u00ebsisht, si gjithmon\u00eb, mediat e kapura u p\u00ebrpoq\u00ebn t\u00eb b\u00ebjn\u00eb elozhe k\u00ebsaj deklerate t\u00eb turpshme t\u00eb Kos. I nj\u00ebjti q\u00ebndrim i n\u00ebnshtruar ka pushtuar edhe analist\u00ebt e mir\u00ebpaguar nga mediat e kapura nga qeveria dhe nga vet\u00eb ajo.<\/p>\n<p>Sigurisht, asnj\u00eb reagim nga Komisioni apo nga Parlamenti Evropian. Ka t\u00eb ngjar\u00eb q\u00eb me deklaratat e k\u00ebsaj komisionere jan\u00eb m\u00ebsuar dhe prandaj i injorojn\u00eb edhe deputet\u00ebt e PE. Por kjo \u00ebsht\u00eb e gabuar. Q\u00ebndrime dhe koncepte t\u00eb tilla si ato t\u00eb Kos p\u00ebr lirin\u00eb, demokracin\u00eb, zgjedhjet demokratike apo t\u00eb drejta e njeriut jan\u00eb rrezik i madh p\u00ebr t\u00eb ardhmen e vet\u00eb BE dhe t\u00eb besueshm\u00ebris\u00eb q\u00eb duhet t\u00eb ken\u00eb qytetar\u00ebt europian\u00eb p\u00ebr BE, KE dhe PE, si institucione q\u00eb u kushton kaq shum\u00eb atyre. T\u00eb var\u00ebsh shpresat e liris\u00eb dhe demokracis\u00eb europiane tek nj\u00eb BE me nj\u00eb Komision dhe komisioner\u00eb t\u00eb nivelit politik t\u00eb Marta Kos do t\u00eb thot\u00eb t\u00eb g\u00ebnj\u00ebsh veten. BE me komisioner\u00eb t\u00eb till\u00eb largohet me shpejt\u00ebsi nga parimet e Robert Schuman dhe Jean Monet dhe shkon drejt parimeve t\u00eb ish Bashkimit Sovjetik.<\/p>\n<p>\u00c7far\u00eb duhet t\u00eb b\u00ebj Opozita p\u00ebr k\u00ebt\u00eb rast kaq flagrant. PD ka reaguar menj\u00ebher\u00eb dhe vazhdon t\u00eb reagoj. I b\u00ebj thirrje kryetarit t\u00eb opozit\u00ebs z.Berisha edhe pse ka nj\u00eb axhend\u00eb shum\u00eb t\u00eb ngjeshur, t\u00eb gjej mund\u00ebsi q\u00eb k\u00ebtij provokimi skandaloz jo vet\u00ebm p\u00ebr demokracin\u00eb n\u00eb Shqip\u00ebri, ti kushtoj v\u00ebm\u00ebndje t\u00eb diferencuar, duke b\u00ebr\u00eb t\u00eb mundur q\u00eb skandali politik i znj.Kos t\u00eb p\u00ebrcillet me video, ashtu si\u00e7 \u00ebsht\u00eb, tek t\u00eb gjitha instucionet drejtuese t\u00eb Parlamemtit Evropian, tek \u00e7do parlamentar, tek Kongresi Amerikan, Departamenti Shtetit, Ambasada Amerikane n\u00eb Tiran\u00eb dhe t\u00eb gjitha ambasadat e v\u00ebndeve per\u00ebndimore t\u00eb akredituara n\u00eb Tiran\u00eb. Besoj se PD nuk do t\u00eb ndaloj\u00eb me reagimin k\u00ebtu brenda vendit. Mendoj se duhet t\u00eb shkoj m\u00eb tej dhe t\u00eb sensibilizoj t\u00eb djatht\u00ebn evropiane dhe t\u00eb gjith\u00eb deputet\u00ebt e PE p\u00ebr k\u00ebt\u00eb skandal t\u00eb nj\u00eb komisionere t\u00eb KE. N\u00eb nj\u00eb demokraci normale, Presidentja e KE Van der Lyen duhet t\u00eb k\u00ebrkonte largimin e Kos nga komisionere, n\u00ebse vet\u00eb ajo nuk e mb\u00ebshtet k\u00ebt\u00eb deklerat\u00eb skandaloze. Ndryshe deputet\u00eb t\u00eb s\u00eb djatht\u00ebs evropiane duhet ti b\u00ebjn\u00eb mocion mosbesimi k\u00ebsaj komisionerje. N\u00eb t\u00eb gjitha rastet ky skandal arrogant dhe aspak diplomatik i Kos duhet denoncuar me forc\u00eb n\u00eb \u00e7do kancelari evropiane pa asnj\u00eb kompleks inferioriteti. Shqip\u00ebria do t\u00eb hyj n\u00eb BE jo kur thot\u00eb Ramaduro, Kos dhe gjith\u00eb suita e &#8220;kaviar diplomacy Ramaduro&#8221;, por vet\u00ebm at\u00ebhere kur t\u00eb plot\u00ebsoj\u00eb kushtet. Deri at\u00ebhere si Rama ashtu edhe Kos e t\u00eb tjer\u00eb t\u00eb k\u00ebsaj klike sorosiane do t\u00eb ken\u00eb p\u00ebrfunduar n\u00eb koshin e plehrave t\u00eb histories.<\/p>\n","protected":false},"excerpt":{"rendered":"<p>Nga Ndri\u00e7im KULLA Standarti i Kos p\u00ebr zgjedhjet m\u00eb i reziksh\u00ebm p\u00ebr BE se sa p\u00ebr Shqip\u00ebrin\u00eb! Standarti i Kos p\u00ebr zgjedhjet i denj\u00eb p\u00ebr nj\u00eb ministre t\u00eb ish Bashkimit Sovjetik! Standarti i Kos p\u00ebr zgjedhjet e b\u00ebn BE si ish Bashkimi Sovjetik! Standarti i Kos p\u00ebr zgjedhjet m\u00eb i ul\u00ebt se sa ai i &hellip;<\/p>\n","protected":false},"author":4,"featured_media":129123,"comment_status":"closed","ping_status":"closed","sticky":false,"template":"","format":"standard","meta":{"footnotes":""},"categories":[44],"tags":[],"class_list":["post-129247","post","type-post","status-publish","format-standard","has-post-thumbnail","","category-editorial"],"_links":{"self":[{"href":"https:\/\/rdnews.al\/index.php\/wp-json\/wp\/v2\/posts\/129247","targetHints":{"allow":["GET"]}}],"collection":[{"href":"https:\/\/rdnews.al\/index.php\/wp-json\/wp\/v2\/posts"}],"about":[{"href":"https:\/\/rdnews.al\/index.php\/wp-json\/wp\/v2\/types\/post"}],"author":[{"embeddable":true,"href":"https:\/\/rdnews.al\/index.php\/wp-json\/wp\/v2\/users\/4"}],"replies":[{"embeddable":true,"href":"https:\/\/rdnews.al\/index.php\/wp-json\/wp\/v2\/comments?post=129247"}],"version-history":[{"count":1,"href":"https:\/\/rdnews.al\/index.php\/wp-json\/wp\/v2\/posts\/129247\/revisions"}],"predecessor-version":[{"id":129248,"href":"https:\/\/rdnews.al\/index.php\/wp-json\/wp\/v2\/posts\/129247\/revisions\/129248"}],"wp:featuredmedia":[{"embeddable":true,"href":"https:\/\/rdnews.al\/index.php\/wp-json\/wp\/v2\/media\/129123"}],"wp:attachment":[{"href":"https:\/\/rdnews.al\/index.php\/wp-json\/wp\/v2\/media?parent=129247"}],"wp:term":[{"taxonomy":"category","embeddable":true,"href":"https:\/\/rdnews.al\/index.php\/wp-json\/wp\/v2\/categories?post=129247"},{"taxonomy":"post_tag","embeddable":true,"href":"https:\/\/rdnews.al\/index.php\/wp-json\/wp\/v2\/tags?post=129247"}],"curies":[{"name":"wp","href":"https:\/\/api.w.org\/{rel}","templated":true}]}}